{"id":12791,"date":"2021-02-23T12:10:29","date_gmt":"2021-02-23T11:10:29","guid":{"rendered":"https:\/\/wp.muchomaas.com\/article-francois-thiollet-ce-n-est-pas-tant-eelv-qui-suscite-des-polemiques-que-le\/"},"modified":"2023-06-24T00:12:02","modified_gmt":"2023-06-23T22:12:02","slug":"article-francois-thiollet-ce-n-est-pas-tant-eelv-qui-suscite-des-polemiques-que-le","status":"publish","type":"post","link":"https:\/\/archives.regards.fr\/?p=12791","title":{"rendered":"Fran\u00e7ois Thiollet : \u00ab Ce n\u2019est pas tant EELV qui suscite des pol\u00e9miques que le gouvernement qui focalise sur nous \u00bb"},"content":{"rendered":"<p class=\"post_excerpt\">Nouvelle pol\u00e9mique (st\u00e9rile ?) apr\u00e8s la d\u00e9cision de Gr\u00e9gory Doucet, le maire EELV de Lyon, de proposer un menu unique sans viande aux cantines scolaires pour respecter les consignes sanitaires. Ces pol\u00e9miques sont-elles un probl\u00e8me pour les Verts dans leur conqu\u00eate du pouvoir ? On en parle avec Fran\u00e7ois Thiollet, membre du bureau national d&#8217;EELV d\u00e9l\u00e9gu\u00e9 au projet. <\/p>\n<h2>UNE MIDINALE \u00c0 VOIR&#8230;<\/h2>\n<p><iframe loading=\"lazy\" width=\"490\" height=\"276\" src=\"https:\/\/www.youtube.com\/embed\/q-WoFpTvAt8\" frameborder=\"0\" allow=\"accelerometer; autoplay; clipboard-write; encrypted-media; gyroscope; picture-in-picture\" allowfullscreen><\/iframe><\/p>\n<p>&nbsp;<\/p>\n<p><h2>ET \u00c0 LIRE&#8230;<\/h2>\n<p><em>\u00a0<strong>Sur les pol\u00e9miques suscit\u00e9es par des d\u00e9cisions locales d\u2019EELV<\/em>\u00a0<\/strong><br \/>\n\u00ab\u00a0Ce n\u2019est pas tant nous qui suscitons des pol\u00e9miques que des gens, notamment le gouvernement, qui cherchent \u00e0 focaliser sur ce que font les Verts.\u00a0\u00bb<br \/>\n\u00ab\u00a0La mesure [de menu sans viande \u00e0 la cantine \u00e0 Lyon] est la m\u00eame que celle qui avait \u00e9t\u00e9 prise par G\u00e9rard Collomb pendant le premier confinement.\u00a0\u00bb<br \/>\n\u00ab\u00a0Les \u00e9cologistes sont sur des terrains habituels de politique locale mais ils ont des propositions qui tranchent par rapport \u00e0 ce qui pouvait se faire d\u2019habitude.\u00a0\u00bb<br \/>\n\u00ab\u00a0Il y a une volont\u00e9 claire du gouvernement de faire passer les \u00e9cologistes pour des amish qui veulent le retour \u00e0 la bougie (\u2026). Mais c\u2019est un discours caricatural qui a peu de prise sur la population.\u00a0\u00bb<br \/>\n\u00ab\u00a0L\u2019agriculture que l\u2019on d\u00e9fend est plut\u00f4t une agriculture traditionnelle (\u2026). Dans une certaine mesure, les vrais conservateurs, \u00e7a pourrait \u00eatre nous.\u00a0\u00bb<br \/>\n\u00ab\u00a0Les communes qui font le plus pour les repas v\u00e9g\u00e9tariens sont aussi les communes qui font le plus pour la production locale de viande de qualit\u00e9.\u00a0\u00bb<br \/>\n\u00ab\u00a0On ne d\u00e9fend pas l\u2019interdiction ou la fin de la viande.\u00a0On d\u00e9fend le fait que, sur la viande comme sur tous les produits, on cherche \u00e0 produire des produits de qualit\u00e9, \u00e9videmment qui seront plus chers mais qui permettront \u00e0 l\u2019\u00e9leveur d\u2019\u00eatre mieux r\u00e9mun\u00e9r\u00e9, ce qui les placera dans des situations qui permettront la transition \u00e9cologique.\u00a0\u00bb<br \/>\n\u00ab\u00a0La plupart des gens ne mangent pas de la viande \u00e0 chaque repas\u2026 et ce n\u2019est pas une question de co\u00fbt mais de choix de mode de vie.\u00a0\u00bb<\/p>\n<p><em>\u00a0<strong>Sur EELV et la science<\/em>\u00a0<\/strong><br \/>\n\u00ab\u00a0On a un niveau de scientificit\u00e9, sur le nucl\u00e9aire comme sur plein d\u2019autres sujets, qui est sup\u00e9rieur \u00e0 la moyenne dans le mouvement \u00e9cologiste.\u00a0\u00bb<br \/>\n\u00ab\u00a0La question de la sortie du nucl\u00e9aire ne doit pas \u00eatre une question scientifique mais une question de choix politique : est-ce que l\u2019on choisit de faire un petit peu d\u2019\u00e9lectricit\u00e9 avec du nucl\u00e9aire pendant 50 ans au risque d\u2019avoir des accidents nucl\u00e9aires qu\u2019on a, \u00e0 peu pr\u00e8s, tous les vingt ans, et en sacrifiant les g\u00e9n\u00e9rations futures \u00e0 cause des d\u00e9chets nucl\u00e9aires qui seront stock\u00e9s pendant plusieurs milliers d\u2019ann\u00e9es ?\u00a0\u00bb<br \/>\n\u00ab\u00a0Sur la 5G, on n\u2019a pas demand\u00e9 l\u2019arr\u00eat imm\u00e9diat : on a demand\u00e9 un moratoire, un d\u00e9bat public qui permette aux gens de faire des choix. Aujourd\u2019hui, le gouvernement passe en force parce que les op\u00e9rateurs veulent tout de suite d\u00e9velopper la 5G alors que ce n\u2019est pas un besoin des habitants.\u00a0\u00bb<\/p>\n<p><em>\u00a0<strong>Sur le projet politique global d&#8217;EELV<\/em>\u00a0<\/strong><br \/>\n\u00ab\u00a0Je ne sais pas s\u2019il y a des grandes et des petites politiques.\u00a0\u00bb<br \/>\n\u00ab\u00a0L\u2019enjeu, dans mon petit village, c\u2019est d\u2019avoir un march\u00e9 le dimanche. Ce combat local me para\u00eet tout aussi important que le d\u00e9bat sur le nucl\u00e9aire ou les valeurs de la R\u00e9publique.\u00a0\u00bb<br \/>\n\u00ab\u00a0Je ne crois pas qu\u2019il y ait de hi\u00e9rarchies \u00e0 faire entre les diff\u00e9rentes \u00e9chelles de politique et que le sens d\u2019un parti qui veut gouverner, c\u2019est la capacit\u00e9 \u00e0 parler au niveau national.\u00a0\u00bb<br \/>\n\u00ab\u00a0La capacit\u00e9 \u00e0 parler au niveau national, c\u2019est aussi la capacit\u00e9 \u00e0 dire ce que l\u2019on fait au niveau local pour changer les choses.\u00a0\u00bb<br \/>\n\u00ab\u00a0Le but, c\u2019est d\u2019avoir un projet qui puisse susciter une large adh\u00e9sion en changeant rapidement les choses.\u00a0\u00bb<br \/>\n\u00ab\u00a0Il y a une responsabilit\u00e9 des \u00e9cologistes \u00e0 dire que les mesures qui doivent \u00eatre prises doivent \u00eatre beaucoup plus ambitieuses que celles que l\u2019on prend aujourd\u2019hui.\u00a0\u00bb<br \/>\n\u00ab\u00a0On ne va jamais \u00eatre dans l\u2019invective : on doit faire la transformation mais avec l\u2019ensemble de la population (\u2026).\u00a0Par exemple, on doit faire le changement avec les agriculteurs aussi.\u00a0\u00bb<br \/>\n\u00ab\u00a0L\u2019objectif pour nous, c\u2019est d\u2019avoir un projet radical &#8211; ce que les \u00e9cologistes d\u00e9fendent depuis plusieurs ann\u00e9es &#8211; et qu\u2019on soit en capacit\u00e9 de rassembler de fa\u00e7on sereine et optimiste autour de ce projet.\u00a0\u00bb<\/p>\n<p><em>\u00a0<strong>Sur la bobo\u00e9cologie<\/em>\u00a0<\/strong><br \/>\n\u00ab\u00a0Il y a une sociologie qui fait qu\u2019il y a plus de militants \u00e9cologistes dans les grandes villes. Mais il y en aussi dans les campagnes !\u00a0\u00bb<br \/>\n\u00ab\u00a0Dans le milieu rural, quand vous vous pr\u00e9sentez dans un petit village, vous n\u2019affichez pas trop la couleur \u00e9cologiste parce que, souvent, vous avez un retour de flamme et vous suscitez une opposition face \u00e0 vous.\u00a0\u00bb<br \/>\n\u00ab\u00a0Dans les grandes villes, c\u2019est aussi le mode de scrutin qui permet une meilleure repr\u00e9sentation des Verts.\u00a0\u00bb<\/p>\n<p><em>\u00a0<strong>Sur la strat\u00e9gie \u00e9lectorale<\/em>\u00a0<\/strong><br \/>\n\u00ab\u00a0Pour les \u00e9cologistes, gagner une r\u00e9gion, c\u2019est possible. La condition, c\u2019est de pouvoir porter la dynamique \u00e9cologiste au premier tour et disant que l\u2019\u00e9cologie politique, c\u2019est la v\u00e9ritable alternative au lib\u00e9ralisme et au nationalisme.\u00a0\u00bb<br \/>\n\u00ab\u00a0Dans un deuxi\u00e8me temps, il faudra rassembler les autres forces de gauche qui portent des valeurs proches comme celles du socialisme ou du communisme.\u00a0\u00bb<br \/>\n\u00ab\u00a0Aux r\u00e9gionales, il n\u2019y a de strat\u00e9gie d\u2019alliances d\u00e9cid\u00e9e au niveau national.\u00a0\u00bb<div id='gallery-1' class='gallery galleryid-12791 gallery-columns-3 gallery-size-thumbnail'><figure class='gallery-item'>\n\t\t\t<div class='gallery-icon landscape'>\n\t\t\t\t<a href='https:\/\/archives.regards.fr\/wp-content\/uploads\/2021\/02\/capture_d_e_cran_2021-02-23_a_11-238.49.58.png'><img loading=\"lazy\" decoding=\"async\" width=\"150\" height=\"150\" src=\"https:\/\/archives.regards.fr\/wp-content\/uploads\/2021\/02\/capture_d_e_cran_2021-02-23_a_11-238.49.58-150x150.png\" class=\"attachment-thumbnail size-thumbnail\" alt=\"capture_d_e_cran_2021-02-23_a_11.49.58.png\" \/><\/a>\n\t\t\t<\/div><\/figure>\n\t\t<\/div>\n<\/p>\n","protected":false},"excerpt":{"rendered":"<p>Nouvelle pol\u00e9mique (st\u00e9rile ?) apr\u00e8s la d\u00e9cision de Gr\u00e9gory Doucet, le maire EELV de Lyon, de proposer un menu unique sans viande aux cantines scolaires pour respecter les consignes sanitaires. Ces pol\u00e9miques sont-elles un probl\u00e8me pour les Verts dans leur conqu\u00eate du pouvoir ? On en parle avec Fran\u00e7ois Thiollet, membre du bureau national d&#8217;EELV d\u00e9l\u00e9gu\u00e9 au projet. <\/p>\n","protected":false},"author":1204,"featured_media":30315,"comment_status":"open","ping_status":"open","sticky":false,"template":"","format":"standard","meta":{"_themeisle_gutenberg_block_has_review":false,"footnotes":""},"categories":[238],"tags":[293],"class_list":["post-12791","post","type-post","status-publish","format-standard","has-post-thumbnail","hentry","category-la-midinale","tag-entretien"],"_links":{"self":[{"href":"https:\/\/archives.regards.fr\/index.php?rest_route=\/wp\/v2\/posts\/12791","targetHints":{"allow":["GET"]}}],"collection":[{"href":"https:\/\/archives.regards.fr\/index.php?rest_route=\/wp\/v2\/posts"}],"about":[{"href":"https:\/\/archives.regards.fr\/index.php?rest_route=\/wp\/v2\/types\/post"}],"author":[{"embeddable":true,"href":"https:\/\/archives.regards.fr\/index.php?rest_route=\/wp\/v2\/users\/1204"}],"replies":[{"embeddable":true,"href":"https:\/\/archives.regards.fr\/index.php?rest_route=%2Fwp%2Fv2%2Fcomments&post=12791"}],"version-history":[{"count":0,"href":"https:\/\/archives.regards.fr\/index.php?rest_route=\/wp\/v2\/posts\/12791\/revisions"}],"wp:featuredmedia":[{"embeddable":true,"href":"https:\/\/archives.regards.fr\/index.php?rest_route=\/wp\/v2\/media\/30315"}],"wp:attachment":[{"href":"https:\/\/archives.regards.fr\/index.php?rest_route=%2Fwp%2Fv2%2Fmedia&parent=12791"}],"wp:term":[{"taxonomy":"category","embeddable":true,"href":"https:\/\/archives.regards.fr\/index.php?rest_route=%2Fwp%2Fv2%2Fcategories&post=12791"},{"taxonomy":"post_tag","embeddable":true,"href":"https:\/\/archives.regards.fr\/index.php?rest_route=%2Fwp%2Fv2%2Ftags&post=12791"}],"curies":[{"name":"wp","href":"https:\/\/api.w.org\/{rel}","templated":true}]}}