{"id":12789,"date":"2021-02-22T13:32:57","date_gmt":"2021-02-22T12:32:57","guid":{"rendered":"https:\/\/wp.muchomaas.com\/article-caroline-mecary-dans-l-opposition-a-la-pma-pour-toutes-il-y-a-un-fond-homophobe\/"},"modified":"2023-06-24T00:12:00","modified_gmt":"2023-06-23T22:12:00","slug":"article-caroline-mecary-dans-l-opposition-a-la-pma-pour-toutes-il-y-a-un-fond-homophobe","status":"publish","type":"post","link":"https:\/\/archives.regards.fr\/?p=12789","title":{"rendered":"Caroline Mecary : \u00ab Dans l\u2019opposition \u00e0 la PMA pour toutes, il y a un fond homophobe inconscient \u00bb"},"content":{"rendered":"<p class=\"post_excerpt\">Dimanche avait lieu une manifestation pour ne pas que le projet de loi bio\u00e9thique ne soit compl\u00e8tement d\u00e9natur\u00e9 et que la promesse de l\u00e9galisation de la PMA pour toutes devienne v\u00e9ritablement une r\u00e9alit\u00e9. Caroline Mecary, avocate sp\u00e9cialiste des droits de la famille, est l\u2019invit\u00e9e de #LaMidinale.<\/p>\n<h2>UNE MIDINALE \u00c0 VOIR&#8230;<\/h2>\n<p><iframe loading=\"lazy\" width=\"490\" height=\"276\" src=\"https:\/\/www.youtube.com\/embed\/SDm-9F7PtGc\" frameborder=\"0\" allow=\"accelerometer; autoplay; clipboard-write; encrypted-media; gyroscope; picture-in-picture\" allowfullscreen><\/iframe><\/p>\n<p>&nbsp;<\/p>\n<p><h2>ET \u00c0 LIRE&#8230;<\/h2>\n<p><em>\u00a0<strong>Sur l\u2019ouverture de la PMA aux femmes seules ou en couple de femmes<\/em>\u00a0<\/strong><br \/>\n\u00ab\u00a0Les s\u00e9nateurs ont deux biais : ils parlent \u00e0 leur \u00e9lectorat et ils sont des hommes qui appartiennent \u00e0 une g\u00e9n\u00e9ration relativement ancienne de sorte qu\u2019ils ne peuvent pas comprendre les \u00e9volutions soci\u00e9tales de la France et de l\u2019Europe d\u2019aujourd\u2019hui.\u00a0\u00bb<br \/>\n\u00ab\u00a0En France, on est persuad\u00e9 de comprendre beaucoup mieux les situations que les autres : nous aurions un savoir particulier sur la m\u00e9decine, nous serions les tenants de l\u2019\u00e9thique\u2026 D\u00e8s lors que l\u2019on touche \u00e0 ses questions, il y a donc des r\u00e9ticences.\u00a0\u00bb<br \/>\n\u00ab\u00a0La r\u00e9glementation sur la PMA date de 1974 &#8211; m\u00eame si elle a \u00e9volu\u00e9 avec 2 \u00e9volutions notables de la loi. Au-del\u00e0 de cela, le l\u00e9gislateur a toujours souhait\u00e9 qu\u2019il y ait une \u00e9volution r\u00e9guli\u00e8re dans la mesure o\u00f9 les progr\u00e8s de la m\u00e9decine sont constants.\u00a0\u00bb<br \/>\n\u00ab\u00a0Les conservatismes viennent des conceptions religieuses des techniques m\u00e9dicales.\u00a0\u00bb<br \/>\n\u00ab\u00a0Dans les ann\u00e9es 1980, l\u2019Eglise consid\u00e9rait que le recours aux techniques de PMA \u00e9tait pour les couples h\u00e9t\u00e9rosexuels comme un adult\u00e8re.\u00a0\u00bb<br \/>\n\u00ab\u00a0Le poids de l\u2019Eglise ne se manifeste plus de la m\u00eame mani\u00e8re quoique les \u00e9v\u00eaques ont pris position contre la PMA mais passe par d\u2019autres canaux comme le la Manif pour Tous ou Sens Commun. Ces collectifs ont des moyens financiers et ont parfaitement su int\u00e9grer les outils d\u2019une propagande anti-PMA efficace &#8211; n\u2019oublions pas qu\u2019ils ont fait peur \u00e0 Fran\u00e7ois Hollande pendant les d\u00e9bats du mariage pour tous. S\u2019ensuit une frilosit\u00e9 qui arrange bien les s\u00e9nateurs.\u00a0\u00bb<br \/>\n\u00ab\u00a0L\u2019\u00e9volution de la loi ne se fait pas de mani\u00e8re aussi rapide qu\u2019on le souhaiterait &#8211; surtout si on compare la France aux 14 pays europ\u00e9ens qui nous entourent et qui, eux, ont d\u00e9j\u00e0 ouvert la PMA aux couples de femmes\u2026 et les 26 pays europ\u00e9ens qui ont d\u00e9j\u00e0 ouvert la PMA aux femmes c\u00e9libataires. La France se situe en queue de peloton de l\u2019Europe sur cette question.\u00a0\u00bb<\/p>\n<p><em>\u00a0<strong>Sur l\u2019opposition \u00e0 la PMA<\/em>\u00a0<\/strong><br \/>\n\u00ab\u00a0Dans l\u2019opposition \u00e0 la PMA pour toutes, il y a un fond homophobe inconscient.\u00a0\u00bb<br \/>\n\u00ab\u00a0Les opposants \u00e0 la PMA consid\u00e8rent qu\u2019il n\u2019y a qu\u2019un seul mod\u00e8le familial possible : un homme et une femme.\u00a0Si un homme et une femme ne peuvent pas avoir d\u2019enfant, ils ont le droit de recourir \u00e0 la PMA : c\u2019est le mod\u00e8le dominant. Mais ces gens-l\u00e0 ne peuvent pas admettre que l\u2019enfant puisse na\u00eetre pour un couple de femmes parce que ce n\u2019est pas dans leur imaginaire.\u00a0\u00bb<br \/>\n\u00ab\u00a0Les techniques m\u00e9dicales de PMA ne soignent pas l\u2019infertilit\u00e9 : l\u2019infertilit\u00e9 d\u2019une femme ou d\u2019un homme h\u00e9t\u00e9rosexuel demeure.\u00a0\u00bb<br \/>\n\u00ab\u00a0Le fait que deux femmes ensemble ne puissent pas avoir un enfant, qu\u2019importe la raison, ce qui compte, c\u2019est qu\u2019elles d\u00e9sirent un enfant (comme les couples h\u00e9t\u00e9rosexuels) &#8211; enfant qui va d\u2019ailleurs participer \u00e0 la p\u00e9rennisation de notre soci\u00e9t\u00e9.\u00a0\u00bb<\/p>\n<p><em>\u00a0<strong>Sur le projet de loi bio\u00e9thique<\/em>\u00a0<\/strong><br \/>\n\u00ab\u00a0Si on arrive \u00e0 obtenir l\u2019ouverture de la PMA \u00e0 toutes les femmes en couple ou c\u00e9libataires, ce sera d\u00e9j\u00e0 une grande avanc\u00e9e. Ca ne r\u00e8glera pas toutes les questions mais cela r\u00e8glera la majorit\u00e9 des demandes.\u00a0\u00bb<br \/>\n\u00ab\u00a0L\u2019autoconservation des ovocytes devrait revenir \u00e0 l\u2019Assembl\u00e9e nationale [en deuxi\u00e8me lecture].\u00a0\u00bb<br \/>\n\u00ab\u00a0La PMA post-mortem avait \u00e9t\u00e9 \u00e9cart\u00e9e \u00e0 l\u2019Assembl\u00e9e nationale mais \u00e0 tr\u00e8s peu de voix. Il est possible qu\u2019on arrive \u00e0 l\u2019obtenir.\u00a0\u00bb<br \/>\n\u00ab\u00a0Sur la question de la PMA pour les personnes trans, on y arrivera &#8211; peut-\u00eatre pas aujourd\u2019hui mais on y arrivera. Et si ce n\u2019est pas possible en France, les personnes iront d\u2019abord dans un premier temps \u00e0 l\u2019\u00e9tranger et l\u2019on verra alors l\u2019obsolescence de la loi fran\u00e7aise.\u00a0\u00bb<br \/>\n\u00ab\u00a0On ne peut pas encadrer les procr\u00e9ations artisanales. On ne peut pas emp\u00eacher les gens d\u2019avoir des enfants. Il y aura toujours des pratiques en dehors du cadre l\u00e9gal.\u00a0\u00bb<br \/>\n\u00ab\u00a0Le mieux, c\u2019est de faire en sorte que le cadre l\u00e9gal permette d\u2019inclure un maximum de situations.\u00a0\u00bb<br \/>\n\u00ab\u00a0Le projet de loi bio\u00e9thique devra \u00eatre r\u00e9examin\u00e9 dans 7 ans parce que dans 7 ans, il y aura eu des \u00e9volutions m\u00e9dicales, parce que dans 7 ans, on va se rendre compte que l\u2019infertilit\u00e9 des femmes et de hommes aura \u00e9t\u00e9 croissante du fait des perturbateurs endocriniens, de la pollution de l\u2019air, des sols et de l\u2019eau.\u00a0\u00bb<\/p>\n<p><em>\u00a0<strong>Sur l\u2019\u00e9tat de nos droits et de nos libert\u00e9s<\/em>\u00a0<\/strong><br \/>\n\u00ab\u00a0Je suis lucide : je vois tr\u00e8s bien que l\u2019on a un pr\u00e9sident et un gouvernement qui utilisent la pand\u00e9mie pour imposer un \u00e9tat d\u2019urgence sanitaire dont je rappelle qu\u2019aujourd\u2019hui il est valable jusqu\u2019au 1er juin 2021. Qu\u2019est-ce que \u00e7a veut dire un \u00e9tat d\u2019urgence sanitaire ? Ca veut dire que les d\u00e9cisions qui doivent \u00eatre prises par le l\u00e9gislatif sont prises par l\u2019ex\u00e9cutif, c\u2019est-\u00e0-dire par le gouvernement sans presqu\u2019aucun contr\u00f4le.\u00a0\u00bb<br \/>\n\u00ab\u00a0Il y a une concentration des pouvoirs dans les mains d\u2019une toute petite minorit\u00e9 : le pr\u00e9sident de la R\u00e9publique, son conseil de d\u00e9fense et le gouvernement qui met en musique les d\u00e9cisions.\u00a0\u00bb<br \/>\n\u00ab\u00a0On a vu appara\u00eetre un nombre important de lois qui diminuent les libert\u00e9s des citoyens : la derni\u00e8re en date, c\u2019est la loi sur le s\u00e9paratisme\u2026 loi qui n\u2019a rien \u00e0 voir avec la pand\u00e9mie et qui, th\u00e9oriquement, est une r\u00e9ponse \u00e0 l\u2019assassinat de Samuel Paty. Cela aurait du d\u00e9cider ce gouvernement \u00e0 mettre les moyens \u00e0 l\u2019\u00e9cole et pour que les territoires et les \u201cquartiers perdus de la R\u00e9publique\u201d, on recr\u00e9e du lien social. Mais cela ne va pas se faire en un an ! C\u2019est du long terme. \u00a0\u00bb<br \/>\n\u00ab\u00a0On ne dit jamais un mot sur le s\u00e9paratisme des ultra-riches qui, sans aucune difficult\u00e9, vont faire de l\u2019\u00e9vasion fiscale, c\u2019est-\u00e0-dire un manque-\u00e0-gagner \u00e9valu\u00e9 aujourd\u2019hui entre 80 et 100 milliards d\u2019euros.\u00a0\u00bb<br \/>\n\u00ab\u00a0En 2022, contrairement \u00e0 ce que pense Emmanuel Macron \u00e0 force de vouloir faire monter Marine Le Pen et de la l\u00e9gitimer comme \u00e9tant son adversaire naturelle, il risque fort de ne m\u00eame pas \u00eatre au deuxi\u00e8me tour de la pr\u00e9sidentielle.\u00a0\u00bb<br \/>\n\u00ab\u00a0Aujourd\u2019hui, les poches de r\u00e9sistance sont minoritaires que ce soit dans les manifestations ou dans la gauche de Jean-Luc M\u00e9lenchon. On y va mais ca reste minoritaire\u2026\u00a0\u00bb<br \/>\n\u00ab\u00a0Le probl\u00e8me, c\u2019est que l\u2019on doit faire face \u00e0 des grands m\u00e9dias qui appartiennent \u00e0 de grands capitaines d\u2019industries qui ont un agenda politique, c\u2019est-\u00e0-dire pour eux, \u00e9conomique : c\u2019est l\u2019opposition d\u2019une France avec une autre. Parce que \u00e7a pose Emmanuel Macron comme une barri\u00e8re au Rassemblement national\u2026 alors qu\u2019il est tout sauf \u00e7a !\u00a0\u00bb<br \/>\n\u00ab\u00a0Emmanuel Macron fait voter des lois que ne d\u00e9savouent pas le Rassemblement national. L\u2019extr\u00eame droite est d\u00e9j\u00e0 au pouvoir dans les t\u00eates.\u00a0\u00bb<div id='gallery-1' class='gallery galleryid-12789 gallery-columns-3 gallery-size-thumbnail'><figure class='gallery-item'>\n\t\t\t<div class='gallery-icon landscape'>\n\t\t\t\t<a href='https:\/\/archives.regards.fr\/wp-content\/uploads\/2021\/02\/capture_d_e_cran_2021-02-22_a_13-4d8.19.07.png'><img loading=\"lazy\" decoding=\"async\" width=\"150\" height=\"150\" src=\"https:\/\/archives.regards.fr\/wp-content\/uploads\/2021\/02\/capture_d_e_cran_2021-02-22_a_13-4d8.19.07-150x150.png\" class=\"attachment-thumbnail size-thumbnail\" alt=\"capture_d_e_cran_2021-02-22_a_13.19.07.png\" \/><\/a>\n\t\t\t<\/div><\/figure>\n\t\t<\/div>\n<\/p>\n","protected":false},"excerpt":{"rendered":"<p>Dimanche avait lieu une manifestation pour ne pas que le projet de loi bio\u00e9thique ne soit compl\u00e8tement d\u00e9natur\u00e9 et que la promesse de l\u00e9galisation de la PMA pour toutes devienne v\u00e9ritablement une r\u00e9alit\u00e9. Caroline Mecary, avocate sp\u00e9cialiste des droits de la famille, est l\u2019invit\u00e9e de #LaMidinale.<\/p>\n","protected":false},"author":1204,"featured_media":30311,"comment_status":"open","ping_status":"open","sticky":false,"template":"","format":"standard","meta":{"_themeisle_gutenberg_block_has_review":false,"footnotes":""},"categories":[238],"tags":[],"class_list":["post-12789","post","type-post","status-publish","format-standard","has-post-thumbnail","hentry","category-la-midinale"],"_links":{"self":[{"href":"https:\/\/archives.regards.fr\/index.php?rest_route=\/wp\/v2\/posts\/12789","targetHints":{"allow":["GET"]}}],"collection":[{"href":"https:\/\/archives.regards.fr\/index.php?rest_route=\/wp\/v2\/posts"}],"about":[{"href":"https:\/\/archives.regards.fr\/index.php?rest_route=\/wp\/v2\/types\/post"}],"author":[{"embeddable":true,"href":"https:\/\/archives.regards.fr\/index.php?rest_route=\/wp\/v2\/users\/1204"}],"replies":[{"embeddable":true,"href":"https:\/\/archives.regards.fr\/index.php?rest_route=%2Fwp%2Fv2%2Fcomments&post=12789"}],"version-history":[{"count":0,"href":"https:\/\/archives.regards.fr\/index.php?rest_route=\/wp\/v2\/posts\/12789\/revisions"}],"wp:featuredmedia":[{"embeddable":true,"href":"https:\/\/archives.regards.fr\/index.php?rest_route=\/wp\/v2\/media\/30311"}],"wp:attachment":[{"href":"https:\/\/archives.regards.fr\/index.php?rest_route=%2Fwp%2Fv2%2Fmedia&parent=12789"}],"wp:term":[{"taxonomy":"category","embeddable":true,"href":"https:\/\/archives.regards.fr\/index.php?rest_route=%2Fwp%2Fv2%2Fcategories&post=12789"},{"taxonomy":"post_tag","embeddable":true,"href":"https:\/\/archives.regards.fr\/index.php?rest_route=%2Fwp%2Fv2%2Ftags&post=12789"}],"curies":[{"name":"wp","href":"https:\/\/api.w.org\/{rel}","templated":true}]}}