{"id":12785,"date":"2021-02-19T14:44:31","date_gmt":"2021-02-19T13:44:31","guid":{"rendered":"https:\/\/wp.muchomaas.com\/article-vanessa-codaccioni-la-lutte-contre-le-terrorisme-permet-de-banaliser-la\/"},"modified":"2023-06-24T00:11:59","modified_gmt":"2023-06-23T22:11:59","slug":"article-vanessa-codaccioni-la-lutte-contre-le-terrorisme-permet-de-banaliser-la","status":"publish","type":"post","link":"https:\/\/archives.regards.fr\/?p=12785","title":{"rendered":"Vanessa Codaccioni : \u00ab La lutte contre le terrorisme permet de banaliser la d\u00e9lation de tous par tous  \u00bb"},"content":{"rendered":"<p class=\"post_excerpt\">La gouvernance n\u00e9olib\u00e9rale est en train de remodeler notre rapport au pacte de s\u00e9curit\u00e9 entre l&#8217;Etat et la population en faisant de chacun de nous des entrepreneurs de notre s\u00e9curit\u00e9. Pour en parler, Vanessa Codaccioni, maitresse de conf\u00e9rence \u00e0 Paris-8, sp\u00e9cialiste de la justice p\u00e9nale et de la r\u00e9pression, autrice de <em>La soci\u00e9t\u00e9 de vigilance<\/em> aux \u00e9ditions Textuel.<\/p>\n<h2>UNE MIDINALE \u00c0 VOIR&#8230;<\/h2>\n<p><iframe loading=\"lazy\" width=\"490\" height=\"276\" src=\"https:\/\/www.youtube.com\/embed\/JK13R9E8tug\" frameborder=\"0\" allow=\"accelerometer; autoplay; clipboard-write; encrypted-media; gyroscope; picture-in-picture\" allowfullscreen><\/iframe><\/p>\n<p>&nbsp;<\/p>\n<p><h2>ET \u00c0 LIRE&#8230;<\/h2>\n<p><em>\u00a0<strong>Sur la soci\u00e9t\u00e9 de vigilance<\/em>\u00a0<\/strong><br \/>\n\u00ab\u00a0Lorsqu\u2019Emmanuel Macron a parl\u00e9 de soci\u00e9t\u00e9 de vigilance, il a rajout\u00e9 qu\u2019il fallait les d\u00e9viations, les petits gestes qui \u00e9loignent de la R\u00e9publique &#8211; et que c\u2019\u00e9tait aux fonctionnaires et \u00e0 la Nation de faire cela.\u00a0C\u2019est clairement un appel \u00e0 l\u2019auto-surveillance et \u00e0 la d\u00e9lation.\u00a0\u00bb<br \/>\n\u00ab\u00a0Les appels \u00e0 l\u2019auto-surveillance et \u00e0 la d\u00e9lation ont toujours exist\u00e9, en temps de crise ou de guerre.\u00a0\u00bb<br \/>\n\u00ab\u00a0L\u2019anti-terrorisme permet de banaliser et de rendre ordinaire l\u2019autosurveillance et la d\u00e9nonciation.\u00a0\u00bb<\/p>\n<p><em>\u00a0<strong>Sur la soci\u00e9t\u00e9 de d\u00e9lation<\/em>\u00a0<\/strong><br \/>\n\u00ab\u00a0Ce sont les discours d\u2019appels \u00e0 la d\u00e9lation qui l\u2019emportent parce qu\u2019apr\u00e8s chaque attentat, on remet en cause les services de renseignements en affirmant qu\u2019ils ne sont pas capables de r\u00e9colter suffisamment d\u2019information par le bas\u2026 Le terroriste se cache au sein de la population, il faut donc utiliser les yeux et les oreilles des citoyennes et des citoyens pour aider l\u2019Etat \u00e0 d\u00e9busquer, selon les mots de George Bush, les terroristes.\u00a0\u00bb<br \/>\n\u00ab\u00a0La plupart des d\u00e9nonciations qui sont faites, sont des d\u00e9nonciations malveillantes ou calomnieuses : sous l\u2019\u00e9tat d\u2019urgence en France, pendant un an, il y a eu des centaines de fausses d\u00e9nonciations qui ont \u00e9t\u00e9 \u00e9mises par des ex-conjoints, des voisins ou des coll\u00e8gues de travail.\u00a0\u00bb<br \/>\n\u00ab\u00a0Ce n\u2019est pas grave que les gens disent quelque chose de faux : pour les instituions de l\u2019Etat, l\u2019important, c\u2019est que les gens disent quelque chose &#8211; m\u00eame si c\u2019est faux. Parce que cela l\u00e9gitime la r\u00e9pression et cela cr\u00e9e du lien entre la population et la police.\u00a0\u00bb<\/p>\n<p><em>\u00a0<strong>Sur le racisme<\/em>\u00a0<\/strong><br \/>\n\u00ab\u00a0Il y a une auto-alimentation des ph\u00e9nom\u00e8nes. Les pouvoirs publics vont appeler \u00e0 surveiller certains groupes : les migrants, les Roms, aujourd\u2019hui en particulier, les musulmanes et les musulmans. D\u2019un c\u00f4t\u00e9, cela va nourrir les pr\u00e9jug\u00e9s et les st\u00e9r\u00e9otypes racistes d\u2019une partie de la population et de l\u2019autre, cela va les l\u00e9gitimer avec des effets potentiellement tr\u00e8s graves, notamment des violences physiques &#8211; c\u2019est pour cela qu\u2019il y a des actes islamophobes apr\u00e8s chaque attentat.\u00a0\u00bb<br \/>\n\u00ab\u00a0L\u2019Etat impulse des formes de regards racialement orient\u00e9s qui vont produire des sentiments n\u00e9gatifs sur certaines cibles. Le racisme s\u2019en nourrit tout autant qu\u2019il en est le produit.\u00a0\u00bb<br \/>\n\u00ab\u00a0L\u2019objectif est de pouvoir r\u00e9primer davantage certaines cibles pr\u00e9d\u00e9sign\u00e9es &#8211; les suppos\u00e9es musulmanes et musulmans, les militants ou d\u2019autres.\u00a0\u00bb<br \/>\n\u00ab\u00a0A la police et aux agents des renseignements, se superposent d\u2019autres regards s\u00e9curitaires qui sont ceux de la population. Si bien que les cibles, c\u2019est-\u00e0-dire les victimes de ce syst\u00e8me-l\u00e0, se sentent doublement \u00e9pi\u00e9s, surveill\u00e9s et discrimin\u00e9s par l\u2019Etat et par une partie de la population.\u00a0\u00bb<br \/>\n\u00ab\u00a0Cela produit aussi un ph\u00e9nom\u00e8ne d\u2019ins\u00e9curisation mutuelle : une partie de la population se sent mise en danger par des cibles qui, elles aussi, se sentent mises en danger la population qui les surveille et les d\u00e9nonce. Cette ins\u00e9curisation mutuelle rend le contr\u00f4le de l\u2019Etat plus simple car cela isole et emp\u00eache les luttes communes. Nous sommes tous devenus perm\u00e9ables, comme le dirait Michel Foucault, \u00e0 la gouvernementalit\u00e9 par la peur.\u00a0\u00bb<\/p>\n<p><em>\u00a0<strong>Sur la responsabilit\u00e9 des politiques<\/em>\u00a0<\/strong><br \/>\n\u00ab\u00a0Les hommes et les femmes politiques sont responsables \u00e0 des degr\u00e9s divers : soit ils disent que le terrorisme, c\u2019est l\u2019islam, ce qui est une mani\u00e8re de stigmatiser et de criminaliser l\u2019islam. Soit ils vont dire que les musulmanes et les musulmans sont un probl\u00e8me, une menace, et ce, d\u00e8s l\u2019\u00e9cole maternelle.\u00a0\u00bb<br \/>\n\u00ab\u00a0Dans le cadre de la lutte antiterroriste, l\u2019\u00e9cole, comme d\u2019autres institutions comme l\u2019universit\u00e9, est con\u00e7ue comme un lieu d\u2019investissement s\u00e9curitaire : un instrument de lutte contre la radicalisation. Ce n\u2019est d\u2019ailleurs pas un hasard si apr\u00e8s le discours d\u2019Emmanuel Macron post-attentat \u00e0 la pr\u00e9fecture de Paris, les membres du personnel de l\u2019universit\u00e9 Cergy-Pontoise, ont re\u00e7u une grille de signaux faibles de radicalisation pour d\u00e9noncer les membres de l\u2019universit\u00e9 qui porteraient une djellaba, s\u2019absenteraient aux heures de pri\u00e8re\u2026 \u00bb<br \/>\n\u00ab\u00a0L\u2019\u00e9cole a \u00e9t\u00e9 construite comme un lieu strat\u00e9gique o\u00f9 doivent se rep\u00e9rer les signes de radicalisation d\u00e8s l\u2019enfance. Ca remplit une fonction punitive au sens de r\u00e9pressive mais cela renvoie aussi \u00e0 la criminalisation de l\u2019enfance.\u00a0\u00bb<br \/>\n\u00ab\u00a0Le signalement \u00e0 l\u2019\u00e9cole devient central : apr\u00e8s l\u2019attentat de Charlie Hebdo, du Bataclan ou de Samuel Paty, beaucoup d\u2019enfants avaient \u00e9t\u00e9 signal\u00e9s pour ne pas avoir respect\u00e9 la minute de silence.\u00a0\u00bb<br \/>\n\u00ab\u00a0Il y a une volont\u00e9 de faire rentrer la police dans l\u2019\u00e9cole et que les professeures et professeurs remplissent des fonctions d\u2019agents de services de renseignements, surveillent leurs \u00e9l\u00e8ves et les d\u00e9noncent. Et \u00e7a vaut aussi \u00e0 l\u2019universit\u00e9 &#8211; m\u00eame si c\u2019est moins le cas en France o\u00f9 elle est consid\u00e9r\u00e9e comme une mauvaise \u00e9l\u00e8ve dans la lutte contre la radicalisation.\u00a0\u00bb<br \/>\n\u00ab\u00a0Ce n\u2019est pas par la d\u00e9nonciation et l\u2019auto-surveillance mutuelle \u00e0 tout-va qu\u2019on va y arriver. Au contraire, cela alimente des haines s\u00e9curitaires.\u00a0\u00bb<\/p>\n<p><em>\u00a0<strong>Sur notre soci\u00e9t\u00e9 &#8211; panoptique<\/em>\u00a0<\/strong><br \/>\n\u00ab\u00a0Aujourd\u2019hui, nous sommes les prisonni\u00e8res et les prisonniers du panoptique de Bentham dans la mesure o\u00f9 nous sommes surveill\u00e9s par l\u2019Etat.\u00a0\u00bb<br \/>\n\u00ab\u00a0En ce qui concerne la surveillance lat\u00e9rale, c\u2019est-\u00e0-dire de nous toutes et tous entre nous, on n\u2019est plus dans un panoptique mais dans un synoptique o\u00f9 certaines cibles sont sur-surveill\u00e9es par l\u2019Etat et par la population.\u00a0\u00bb<br \/>\n\u00ab\u00a0Les agents de services de renseignement passent beaucoup de temps sur internet pour chercher des informations : des informations que l\u2019on donne nous m\u00eames peuvent donc \u00eatre utilis\u00e9es contre nous.\u00a0\u00bb<br \/>\n\u00ab\u00a0Les soci\u00e9t\u00e9s priv\u00e9es et marchandes ont un r\u00f4le tr\u00e8s important dans l\u2019av\u00e8nement de la soci\u00e9t\u00e9 de vigilance : les r\u00e9seaux sociaux et les moteurs de recherche qui nous poussent \u00e0 traquer le mensonge chez l\u2019autre.\u00a0\u00bb<br \/>\n\u00ab\u00a0Il y a un march\u00e9 de la suspicion qui nous incite \u00e0 devenir des espionnes et des espions avec la vente de d\u00e9tecteurs de mensonge portable, des cam\u00e9ras pour surveiller la nounou, des puces pour mettre dans le cartable des enfants\u2026\u00a0\u00bb<br \/>\n\u00ab\u00a0La plateforme PHAROS a r\u00e9colt\u00e9 36.000 signalements juste apr\u00e8s les attentats du Bataclan.\u00a0\u00bb<br \/>\n\u00ab\u00a0Et le principal, dans ces signalements, ce n\u2019est pas de dire la v\u00e9rit\u00e9 mais de dire quelque chose parce que ca fait participer \u00e0 la r\u00e9pression et c\u2019est ce que veulent les agents de l\u2019Etat aujourd\u2019hui.\u00a0\u00bb<br \/>\n\u00ab\u00a0Il y a une diff\u00e9rence entre la d\u00e9nonciation de faits improbables, dans le futur et impos\u00e9e par l\u2019Etat, et le signalement de violences sexuelles sous-estim\u00e9es par l\u2019Etat.\u00a0\u00bb<br \/>\n\u00ab\u00a0Il y a un march\u00e9 de la vid\u00e9osurveillance avec des soci\u00e9t\u00e9s qui se font beaucoup d\u2019argent.\u00a0\u00bb<br \/>\n\u00ab\u00a0La gouvernance n\u00e9olib\u00e9rale fait de chacun de nous des entrepreneurs de notre s\u00e9curit\u00e9 en d\u00e9responsabilisant l\u2019Etat.\u00a0\u00bb<div id='gallery-1' class='gallery galleryid-12785 gallery-columns-3 gallery-size-thumbnail'><figure class='gallery-item'>\n\t\t\t<div class='gallery-icon landscape'>\n\t\t\t\t<a href='https:\/\/archives.regards.fr\/wp-content\/uploads\/2021\/02\/capture_d_e_cran_2021-02-19_a_14-e41.40.44.png'><img loading=\"lazy\" decoding=\"async\" width=\"150\" height=\"150\" src=\"https:\/\/archives.regards.fr\/wp-content\/uploads\/2021\/02\/capture_d_e_cran_2021-02-19_a_14-e41.40.44-150x150.png\" class=\"attachment-thumbnail size-thumbnail\" alt=\"capture_d_e_cran_2021-02-19_a_14.40.44.png\" \/><\/a>\n\t\t\t<\/div><\/figure>\n\t\t<\/div>\n<\/p>\n","protected":false},"excerpt":{"rendered":"<p>La gouvernance n\u00e9olib\u00e9rale est en train de remodeler notre rapport au pacte de s\u00e9curit\u00e9 entre l&#8217;Etat et la population en faisant de chacun de nous des entrepreneurs de notre s\u00e9curit\u00e9. Pour en parler, Vanessa Codaccioni, maitresse de conf\u00e9rence \u00e0 Paris-8, sp\u00e9cialiste de la justice p\u00e9nale et de la r\u00e9pression, autrice de <em>La soci\u00e9t\u00e9 de vigilance<\/em> aux \u00e9ditions Textuel.<\/p>\n","protected":false},"author":1204,"featured_media":30309,"comment_status":"open","ping_status":"open","sticky":false,"template":"","format":"standard","meta":{"_themeisle_gutenberg_block_has_review":false,"footnotes":""},"categories":[238],"tags":[293],"class_list":["post-12785","post","type-post","status-publish","format-standard","has-post-thumbnail","hentry","category-la-midinale","tag-entretien"],"_links":{"self":[{"href":"https:\/\/archives.regards.fr\/index.php?rest_route=\/wp\/v2\/posts\/12785","targetHints":{"allow":["GET"]}}],"collection":[{"href":"https:\/\/archives.regards.fr\/index.php?rest_route=\/wp\/v2\/posts"}],"about":[{"href":"https:\/\/archives.regards.fr\/index.php?rest_route=\/wp\/v2\/types\/post"}],"author":[{"embeddable":true,"href":"https:\/\/archives.regards.fr\/index.php?rest_route=\/wp\/v2\/users\/1204"}],"replies":[{"embeddable":true,"href":"https:\/\/archives.regards.fr\/index.php?rest_route=%2Fwp%2Fv2%2Fcomments&post=12785"}],"version-history":[{"count":0,"href":"https:\/\/archives.regards.fr\/index.php?rest_route=\/wp\/v2\/posts\/12785\/revisions"}],"wp:featuredmedia":[{"embeddable":true,"href":"https:\/\/archives.regards.fr\/index.php?rest_route=\/wp\/v2\/media\/30309"}],"wp:attachment":[{"href":"https:\/\/archives.regards.fr\/index.php?rest_route=%2Fwp%2Fv2%2Fmedia&parent=12785"}],"wp:term":[{"taxonomy":"category","embeddable":true,"href":"https:\/\/archives.regards.fr\/index.php?rest_route=%2Fwp%2Fv2%2Fcategories&post=12785"},{"taxonomy":"post_tag","embeddable":true,"href":"https:\/\/archives.regards.fr\/index.php?rest_route=%2Fwp%2Fv2%2Ftags&post=12785"}],"curies":[{"name":"wp","href":"https:\/\/api.w.org\/{rel}","templated":true}]}}