{"id":12781,"date":"2021-02-18T13:30:42","date_gmt":"2021-02-18T12:30:42","guid":{"rendered":"https:\/\/wp.muchomaas.com\/article-eric-fassin-il-n-y-a-pas-d-islamogauchistes-en-france-mais-il-y-a-des\/"},"modified":"2023-06-24T00:11:50","modified_gmt":"2023-06-23T22:11:50","slug":"article-eric-fassin-il-n-y-a-pas-d-islamogauchistes-en-france-mais-il-y-a-des","status":"publish","type":"post","link":"https:\/\/archives.regards.fr\/?p=12781","title":{"rendered":"\u00c9ric Fassin : \u00ab Il n\u2019y a pas d\u2019islamo-gauchistes en France, mais il y a des n\u00e9ofascistes \u00bb"},"content":{"rendered":"<p class=\"post_excerpt\">Le gouvernement s&#8217;approprie le vocabulaire de l&#8217;extr\u00eame droite et, par la voix de la ministre de l&#8217;Enseignement sup\u00e9rieur et de la recherche Fr\u00e9d\u00e9rique Vidal, lance une chasse \u00e0 l&#8217;islamo-gauchisme dans les universit\u00e9s. Pour en parler, \u00c9ric Fassin, sociologue et professeur \u00e0 Paris 8, est l&#8217;invit\u00e9 de #LaMidinale.<\/p>\n<h2>UNE MIDINALE \u00c0 VOIR&#8230;<\/h2>\n<p><iframe loading=\"lazy\" width=\"490\" height=\"276\" src=\"https:\/\/www.youtube.com\/embed\/5mLBjrBFhMA\" frameborder=\"0\" allow=\"accelerometer; autoplay; clipboard-write; encrypted-media; gyroscope; picture-in-picture\" allowfullscreen><\/iframe><\/p>\n<p>&nbsp;<\/p>\n<p><h2>ET \u00c0 LIRE&#8230;<\/h2>\n<p><em>\u00a0<strong>Sur l\u2019islamo-gauchisme<\/em>\u00a0<\/strong><br \/>\n\u00ab L\u2019islamo-gauchisme est une insulte.\u00a0\u00bb<br \/>\n\u00ab\u00a0Personne ne se d\u00e9finit comme islamo-gauchiste mais il y a des gens qu\u2019on qualifie d\u2019islamo-gauchiste pour les disqualifie.\u00a0\u00bb<br \/>\n\u00ab\u00a0La ministre Fr\u00e9d\u00e9rique Vidal reprend le vocabulaire de Valeurs actuelles ou des pol\u00e9mistes d\u2019extr\u00eame droite et elle le fait au nom de la science.\u00a0\u00bb<br \/>\n\u00ab\u00a0Ce qui est vrai pour les universit\u00e9s peut tout aussi bien toucher les m\u00e9dias.\u00a0\u00bb<br \/>\n\u00ab\u00a0C\u2019est toujours la gauche qui est vis\u00e9e.\u00a0\u00bb\u00a0<br \/>\n\u00ab\u00a0Est-ce qu\u2019on entend des gens suppos\u00e9ment islamo-gauchistes dans les m\u00e9dias ?\u00a0Je n\u2019ai pas l\u2019impression que les m\u00e9dias soient monopolis\u00e9s par des islamo-gauchistes, des intersectionnels, des racialistes ou des indig\u00e9nistes. J\u2019ai plut\u00f4t l\u2019impression qu\u2019on y trouve des attaques contre tout \u00e7a. \u00bb<br \/>\n\u00ab\u00a0Il s\u2019agit de ne pas se tromper sur qui a le pouvoir d\u2019annuler et de censurer. Finalement, sur qui cherche \u00e0 intimider ?\u00a0\u00bb<\/p>\n<p><em>\u00a0<strong>Sur l\u2019enqu\u00eate du CNRS voulue par Fr\u00e9d\u00e9rique Vidal<\/em>\u00a0<\/strong><br \/>\n\u00ab\u00a0Pour comprendre la pand\u00e9mie, nous avons men\u00e9 une enqu\u00eate dans laquelle nous avons consid\u00e9r\u00e9 qu\u2019il \u00e9tait important de prendre en compte plusieurs dimensions et en particulier la classe, le genre et la race.\u00a0\u00bb<br \/>\n\u00ab\u00a0Je veux croire que le CNRS a compris qu\u2019il avait int\u00e9r\u00eat \u00e0 se doter d\u2019outils, comme l\u2019annonce le CNRS, pour penser la r\u00e9alit\u00e9 sociale.\u00a0\u00bb<br \/>\n\u00ab\u00a0La r\u00e9alit\u00e9 en ce moment dans l\u2019universit\u00e9, c\u2019est la pr\u00e9carit\u00e9 \u00e9tudiante. Est-ce que l\u2019on peut croire que pour en parler, il faudrait faire abstraction de la race ? Est-ce qu\u2019il ne faut pas articuler plusieurs dimensions et en particulier race et classe.\u00a0\u00bb<br \/>\n\u00ab\u00a0La r\u00e9alit\u00e9, c\u2019est des rapports de domination qu\u2019il faut bien pouvoir nommer.\u00a0\u00bb<\/p>\n<p><em>\u00a0<strong>Sur la place des travaux d\u2019universitaires sur les questions de race, d\u2019indig\u00e9nisme ou de post-colonialisme\u00a0<\/em>\u00a0<\/strong><br \/>\n\u00ab\u00a0On ne sait pas exactement de quoi on parle.\u00a0\u00bb<br \/>\n\u00ab\u00a0Aujourd\u2019hui, il y a peu d\u2019universitaires qui font des recherches sur les questions intersectionnelles, de race ou d\u2019indig\u00e9nisme. Il n\u2019y a pas de laboratoire consacr\u00e9 \u00e0 ces questions. Il n\u2019y a pas de d\u00e9partement qui soit consacr\u00e9 \u00e0 ces questions, ni de master ou de doctorat. Donc la r\u00e9alit\u00e9 c\u2019est qu\u2019il n\u2019y a pas beaucoup de monde qui travaille sur ces questions mais il y a une g\u00e9n\u00e9ration nouvelle qui est amen\u00e9e \u00e0 en parler et croise ces questions de genre et de race.\u00a0\u00bb<br \/>\n\u00ab\u00a0Toutes les nouvelles g\u00e9n\u00e9rations ont compris qu\u2019on ne pouvait pas s\u2019aveugler au genre et \u00e0 la race parce que \u00e7a joue un r\u00f4le dans notre soci\u00e9t\u00e9. Donc si on veut parler de la r\u00e9alit\u00e9, on ne peut pas faire comme si on ne voyait pas.\u00a0\u00bb<br \/>\n\u00ab\u00a0Il est tout aussi probl\u00e9matique de s\u2019aveugler au genre et \u00e0 la race que de s\u2019aveugler \u00e0 la classe.\u00a0\u00bb<br \/>\n\u00ab\u00a0Si on veut penser l\u2019ensemble des rapports de domination dans qui structurent la soci\u00e9t\u00e9, on ne doit pas se doter d\u2019un outil mais d\u2019une pluralit\u00e9 d\u2019outils.\u00a0\u00bb<br \/>\n\u00ab\u00a0Il y a une panique morale chez une partie des g\u00e9n\u00e9rations les plus avanc\u00e9es qui voient que le monde change et que les plus jeunes ne voient pas le monde de la m\u00eame mani\u00e8re que nous.\u00a0\u00bb<\/p>\n<p><em>\u00a0<strong>Sur la pol\u00e9mique lanc\u00e9e par Fr\u00e9d\u00e9rique Vidal\u00a0<\/em>\u00a0<\/strong><br \/>\n\u00ab\u00a0\u00c0 d\u00e9faut d\u2019avoir des exemples sur les islamo-gauchistes, on va chercher du c\u00f4t\u00e9 du fascisme.\u00a0\u00bb<br \/>\n\u00ab\u00a0Il y a beaucoup de confusion et il est tout de m\u00eame embarrassant de lancer une pol\u00e9mique sans n\u2019avoir rien compris des choses dont on parle.\u00a0\u00bb<br \/>\n\u00ab\u00a0Il y a une irresponsabilit\u00e9 de nos responsables politiques et cette irresponsabilit\u00e9 est d\u00e9lib\u00e9r\u00e9e. Au fond, dire n\u2019importe quoi a une fonction politique : c\u2019est jouer la confusion et l\u2019anti-intellectualisme.\u00a0Il s\u2019agit de de dire que les intellectuels sont dangereux et donc penser est dangereux. C\u2019est ce qu\u2019on entend dans tous les r\u00e9gimes autoritaires dans le monde. \u00bb<br \/>\n\u00ab\u00a0La d\u00e9rive autoritaire passe toujours par l\u2019anti-intellectualisme.\u00a0\u00bb<br \/>\n\u00ab\u00a0Montrer les rapports de domination dans la soci\u00e9t\u00e9 c\u2019est faire en sorte qu\u2019ils soient visibles c\u2019est-\u00e0-dire qu\u2019il s\u2019agit de troubler l\u2019\u00e9vidence des choses.\u00a0Et c\u2019est cela que ne veulent pas nos gouvernants.\u00a0\u00bb<\/p>\n<p><em>\u00a0<strong>Sur le gouvernement et l\u2019extr\u00eame droite<\/em>\u00a0<\/strong><br \/>\n\u00ab\u00a0On sugg\u00e8re aujourd\u2019hui que peut-\u00eatre la ministre aurait \u00e9t\u00e9 maladroite comme si son propos \u00e9tait isol\u00e9 alors que c\u2019est le pr\u00e9sident de la R\u00e9publique qui le premier a lanc\u00e9 l\u2019offensive en juin dernier lorsqu\u2019il jugeait les universitaires coupables de casser la R\u00e9publique en deux.\u00a0\u00bb<br \/>\n\u00ab\u00a0Le ministre Jean-Michel Blanquer s\u2019en \u00e9tait pris \u00e0 la complicit\u00e9 intellectuelle avec les terroristes.\u00a0\u00bb<br \/>\n\u00ab\u00a0Fr\u00e9d\u00e9rique Vidal a cru bien faire pour poursuivre le programme gouvernemental.\u00a0\u00bb<br \/>\n\u00ab\u00a0On a assist\u00e9 il y a quelques jours \u00e0 un d\u00e9bat entre G\u00e9rald Darmanin et Marine Le Pen et on voit qu\u2019ils disent la m\u00eame chose.\u00a0\u00bb<br \/>\n\u00ab\u00a0Le message c\u2019est que sur les questions d\u2019identit\u00e9 nationale, il n\u2019y a pas de diff\u00e9rence entre le gouvernement, le pr\u00e9sident de la R\u00e9publique et le RN.\u00a0\u00bb<br \/>\n\u00ab\u00a0Les attaques contre une gauche identitaire sont un ralliement de la droite \u00e0 l\u2019extr\u00eame droite identitaire.\u00a0\u00bb<br \/>\n\u00ab\u00a0Il n\u2019y a pas d\u2019islamo-gauchistes en France, mais il y a des n\u00e9ofascistes.\u00a0\u00bb<br \/>\n\u00ab\u00a0On vit le triomphe de l\u2019extr\u00eame droite en ce moment. Elle est au pouvoir alors m\u00eame qu\u2019elle n\u2019a pas \u00e9t\u00e9 \u00e9lue.\u00a0\u00bb<\/p>\n<p><em>\u00a0<strong>Sur l\u2019intersectionnalit\u00e9<\/em>\u00a0<\/strong><br \/>\n\u00ab\u00a0L\u2019intersectionnalit\u00e9 est un champ d\u2019\u00e9tudes o\u00f9 tout le monde ne dit pas exactement la m\u00eame chose, loin s\u2019en faut.\u00a0Sur la d\u00e9finition m\u00eame : est-ce que l\u2019on parle seulement des gens qui cumulent des handicaps ou bien est-ce que l\u2019on parle de tout le monde ?\u00a0\u00bb<br \/>\n\u00ab\u00a0Est-ce que, lorsque l\u2019on caract\u00e9rise un universitaire comme moi d\u2019homme blanc de classe moyenne, est-ce que c\u2019est de l\u2019intersectionnalit\u00e9 ? Pour ma part, je le crois car l\u2019intersectionnalit\u00e9, ce n\u2019est pas seulement ceux qui subissent la domination mais l\u2019ensemble des rapports sociaux.\u00a0\u00bb<br \/>\n\u00ab\u00a0Ce n\u2019est pas la premi\u00e8re fois en France que l\u2019on voit des mobilisations contre le monde universitaire : il ya quelques ann\u00e9es, c\u2019\u00e9tait contre le genre &#8211; ou la th\u00e9orie du genre.\u00a0\u00bb<br \/>\n\u00ab\u00a0En termes d\u2019intersectionnalit\u00e9, on a int\u00e9r\u00eat \u00e0 remarquer que ceux qui attaquent pr\u00e9cis\u00e9ment l\u2019intersectionnalit\u00e9, ce sont des gens qui sont plut\u00f4t en situation dominante : les dominants s\u2019inqui\u00e8tent que l\u2019on parle de domination.\u00a0\u00bb<br \/>\n\u00ab\u00a0La bataille aujourd\u2019hui, c\u2019est : est-ce qu\u2019il est l\u00e9gitime de parler d\u2019in\u00e9galit\u00e9s lorsque l\u2019on parle de la soci\u00e9t\u00e9 ?\u00a0\u00bb<br \/>\n\u00ab\u00a0C\u2019est quand on commence \u00e0 parler de privil\u00e8ge blanc que l\u2019on voit un sursaut d\u2019inqui\u00e9tude.\u00a0C\u2019est la peur des dominants d\u2019\u00eatre, eux aussi, identifi\u00e9s.\u00a0Le probl\u00e8me, ce n\u2019est pas que l\u2019on identifie les dominants, c\u2019est que depuis des ann\u00e9es on identifie les domin\u00e9s.\u00a0\u00bb<br \/>\n\u00ab\u00a0Tant que l\u2019on n\u2019aura pas arr\u00eat\u00e9 d\u2019assigner les gens \u00e0 des places subalternes, il sera difficile de dire qu\u2019on doit r\u00e9server comme un privil\u00e8ge le fait de ne pas avoir d\u2019identit\u00e9 qu\u2019aux dominants.\u00a0\u00bb<br \/>\n\u00ab\u00a0Il est tout \u00e0 fait juste de dire que le point de d\u00e9part de l\u2019intersectionnalit\u00e9, c\u2019est le droit aux Etats-Unis. En France, les recherches autour de l\u2019intersectionnalit\u00e9, c\u2019est essentiellement en sciences sociales.\u00a0\u00bb<br \/>\n\u00ab\u00a0La pluralit\u00e9 des rapports de domination, \u00e7a n\u2019est pas remplacer une question par une autre.\u00a0\u00bb<br \/>\n\u00ab\u00a0La classe comme la race sont des concepts qui nous permettent de penser l\u2019organisation sociale dans son entier.\u00a0\u00bb<br \/>\n\u00ab\u00a0On sait bien que, dans les classes populaires, les minorit\u00e9s raciales sont sur-repr\u00e9sent\u00e9es. Mais est-ce que cela veut dire que la question raciale peut se dissoudre dans la question sociale ? Non parce que l\u2019on sait aussi que les classes moyennes peuvent \u00eatre victimes de racisme.\u00a0\u00bb<br \/>\n\u00ab\u00a0La condition pour acc\u00e9der \u00e0 la parole publique pour les minorit\u00e9s, ce serait de se taire.\u00a0\u00bb<br \/>\n\u00ab\u00a0La violence qui est dirig\u00e9e contre toutes les personnes racis\u00e9es qui prennent la parole dans l\u2019espace public, dit quelque chose sur le fait que l\u2019on consid\u00e8re qu\u2019elles ont le droit d\u2019\u00eatre l\u00e0, \u00e0 condition qu\u2019elles ne contestent pas l\u2019ordre du monde.\u00a0\u00bb<div id='gallery-1' class='gallery galleryid-12781 gallery-columns-3 gallery-size-thumbnail'><figure class='gallery-item'>\n\t\t\t<div class='gallery-icon landscape'>\n\t\t\t\t<a href='https:\/\/archives.regards.fr\/wp-content\/uploads\/2021\/02\/capture_d_e_cran_2021-02-18_a_13-1b4.28.38.png'><img loading=\"lazy\" decoding=\"async\" width=\"150\" height=\"150\" src=\"https:\/\/archives.regards.fr\/wp-content\/uploads\/2021\/02\/capture_d_e_cran_2021-02-18_a_13-1b4.28.38-150x150.png\" class=\"attachment-thumbnail size-thumbnail\" alt=\"capture_d_e_cran_2021-02-18_a_13.28.38.png\" \/><\/a>\n\t\t\t<\/div><\/figure>\n\t\t<\/div>\n<\/p>\n","protected":false},"excerpt":{"rendered":"<p>Le gouvernement s&#8217;approprie le vocabulaire de l&#8217;extr\u00eame droite et, par la voix de la ministre de l&#8217;Enseignement sup\u00e9rieur et de la recherche Fr\u00e9d\u00e9rique Vidal, lance une chasse \u00e0 l&#8217;islamo-gauchisme dans les universit\u00e9s. Pour en parler, \u00c9ric Fassin, sociologue et professeur \u00e0 Paris 8, est l&#8217;invit\u00e9 de #LaMidinale.<\/p>\n","protected":false},"author":1204,"featured_media":30303,"comment_status":"open","ping_status":"open","sticky":false,"template":"","format":"standard","meta":{"_themeisle_gutenberg_block_has_review":false,"footnotes":""},"categories":[238],"tags":[293],"class_list":["post-12781","post","type-post","status-publish","format-standard","has-post-thumbnail","hentry","category-la-midinale","tag-entretien"],"_links":{"self":[{"href":"https:\/\/archives.regards.fr\/index.php?rest_route=\/wp\/v2\/posts\/12781","targetHints":{"allow":["GET"]}}],"collection":[{"href":"https:\/\/archives.regards.fr\/index.php?rest_route=\/wp\/v2\/posts"}],"about":[{"href":"https:\/\/archives.regards.fr\/index.php?rest_route=\/wp\/v2\/types\/post"}],"author":[{"embeddable":true,"href":"https:\/\/archives.regards.fr\/index.php?rest_route=\/wp\/v2\/users\/1204"}],"replies":[{"embeddable":true,"href":"https:\/\/archives.regards.fr\/index.php?rest_route=%2Fwp%2Fv2%2Fcomments&post=12781"}],"version-history":[{"count":0,"href":"https:\/\/archives.regards.fr\/index.php?rest_route=\/wp\/v2\/posts\/12781\/revisions"}],"wp:featuredmedia":[{"embeddable":true,"href":"https:\/\/archives.regards.fr\/index.php?rest_route=\/wp\/v2\/media\/30303"}],"wp:attachment":[{"href":"https:\/\/archives.regards.fr\/index.php?rest_route=%2Fwp%2Fv2%2Fmedia&parent=12781"}],"wp:term":[{"taxonomy":"category","embeddable":true,"href":"https:\/\/archives.regards.fr\/index.php?rest_route=%2Fwp%2Fv2%2Fcategories&post=12781"},{"taxonomy":"post_tag","embeddable":true,"href":"https:\/\/archives.regards.fr\/index.php?rest_route=%2Fwp%2Fv2%2Ftags&post=12781"}],"curies":[{"name":"wp","href":"https:\/\/api.w.org\/{rel}","templated":true}]}}