{"id":12779,"date":"2021-02-17T14:52:18","date_gmt":"2021-02-17T13:52:18","guid":{"rendered":"https:\/\/wp.muchomaas.com\/article-la-thematique-de-l-ivg-pose-probleme-a-une-partie-de-la-droite\/"},"modified":"2021-02-17T14:52:18","modified_gmt":"2021-02-17T13:52:18","slug":"article-la-thematique-de-l-ivg-pose-probleme-a-une-partie-de-la-droite","status":"publish","type":"post","link":"https:\/\/archives.regards.fr\/?p=12779","title":{"rendered":"\u00ab La th\u00e9matique de l&#8217;IVG pose probl\u00e8me \u00e0 une partie de la droite \u00bb"},"content":{"rendered":"<p class=\"post_excerpt\">La droite a r\u00e9ussi son coup. En multipliant les amendements, LR a rendu impossible l&#8217;examen de la proposition de loi visant \u00e0 renforcer le droit \u00e0 l\u2019avortement. Cette loi aurait apport\u00e9 trois changements \u00e0 la loi Veil : l\u2019allongement du d\u00e9lai l\u00e9gal pour avorter de 12 \u00e0 14 semaines, la suppression de la double clause de conscience des m\u00e9decins et la possibilit\u00e9 pour les sages-femmes de pratiquer des IVG chirurgicales jusqu\u2019\u00e0 dix semaines. On en parle avec la s\u00e9natrice Laurence Cohen.<\/p>\n<p><em> <strong>Laurence Cohen<\/strong> est s\u00e9natrice du Val-de-Marne, membre du PCF. <\/em><\/p>\n<p>&nbsp;<\/p>\n<p><strong> <em>Regards<\/em>. On observe r\u00e9guli\u00e8rement cette pratique de la multiplication des amendements dans les projets de loi \u2013 l&#8217;ex\u00e9cutif criant alors \u00e0 l&#8217;obstruction alors qu&#8217;il s&#8217;agit d&#8217;un droit du parlementaire \u2013, mais est-ce que ce genre de pratiques est courant, au Parlement, concernant une proposition de loi ? <\/strong><\/p>\n<p><strong>Laurence Cohen.<\/strong> Pas vraiment. L&#8217;Assembl\u00e9e nationale avait adopt\u00e9 <a href=\"https:\/\/www.assemblee-nationale.fr\/dyn\/15\/textes\/l15b3292_proposition-loi\">cette proposition de loi<\/a> en premi\u00e8re lecture, en octobre 2020. Or, en premi\u00e8re lecture au S\u00e9nat, la droite ne voulant pas entendre parler de cette loi, LR a fait une motion de rejet. Et maintenant, \u00e0 l&#8217;Assembl\u00e9e nationale, alors que la proposition allait passer pour une seconde lecture, il y a eu une pl\u00e9thore d&#8217;amendements d\u00e9pos\u00e9s : 484 dont 423 issus des rangs Les R\u00e9publicains. Pour une deuxi\u00e8me lecture, c&#8217;est quand m\u00eame assez inhabituel. C&#8217;\u00e9tait vraiment fait pour bloquer le d\u00e9bat. Il faut savoir que pour une proposition de loi[[Une proposition de loi \u00e9mane d&#8217;un parlementaire, \u00e0 l&#8217;inverse d&#8217;un projet de loi \u00e0 l&#8217;initiative du gouvernement.]], on est contraint \u00e0 un temps de d\u00e9bat tr\u00e8s restreint. En g\u00e9n\u00e9ral, une proposition de loi comporte peu d&#8217;articles et on a l&#8217;habitude de ne pas rench\u00e9rir par des amendements si l&#8217;on n&#8217;est pas membre du groupe de celui ou celle qui la pr\u00e9sente. Ceci pour faire en sorte qu&#8217;il puisse y avoir discussion et que la loi aboutisse sur un vote. Plus vous allez amender, moins vous donnez de chances \u00e0 la proposition de loi d&#8217;aboutir.<\/p>\n<blockquote><p>\u00ab Il y a une radicalisation tr\u00e8s forte au niveau de la droite s\u00e9natoriale. Une partie est extr\u00eamement r\u00e9actionnaire, tr\u00e8s &#8220;Manif pour tous&#8221;, bien plus qu&#8217;avant. \u00bb<\/p><\/blockquote>\n<p><strong>Comment jugez-vous de cette man\u0153uvre de la droite parlementaire pour bloquer tout d\u00e9bat sur l&#8217;IVG ?<\/strong><\/p>\n<p>C&#8217;est r\u00e9voltant. Il y a l\u00e0 une volont\u00e9 de ne pas voir du tout cette probl\u00e9matique de l&#8217;allongement du d\u00e9lai de l&#8217;IVG examin\u00e9e. Plus encore, c&#8217;est la th\u00e9matique de l&#8217;IVG qui pose probl\u00e8me \u00e0 une partie de la droite. On a bien vu pendant la pand\u00e9mie de Covid-19 toutes les difficult\u00e9s que rencontraient les femmes et il y a d&#8217;ailleurs eu un desserrement de l&#8217;\u00e9tau de ce d\u00e9lai. Moralit\u00e9 : c&#8217;est possible. Ce qui bloque, c&#8217;est non seulement l&#8217;allongement mais aussi la suppression de la double clause de conscience. Mais ce n&#8217;est pas \u00e9tonnant : depuis les derni\u00e8res \u00e9lections s\u00e9natoriales, je trouve qu&#8217;il y a une radicalisation tr\u00e8s forte au niveau de la droite. Une partie est extr\u00eamement r\u00e9actionnaire, tr\u00e8s \u00ab Manif pour tous \u00bb, bien plus qu&#8217;avant. On l&#8217;a vu lors des lois bio\u00e9thiques o\u00f9 le d\u00e9bat sur la PMA pour toutes a \u00e9t\u00e9 tr\u00e8s violent.<\/p>\n<p>&nbsp;<\/p>\n<p>\n<strong>LIRE AUSSI SUR REGARDS.FR<br \/>\n>><\/strong> <em><a href=\"https:\/\/wp.muchomaas.com\/idees-culture\/article\/a-quoi-peut-bien-servir-notre-ministere-charge-de-l-egalite-entre-les-femmes-et\">\u00c0 quoi peut bien servir notre minist\u00e8re charg\u00e9 de l\u2019\u00c9galit\u00e9 entre les femmes et les hommes ?<\/a><\/em><\/p>\n<p>&nbsp;<\/p>\n<p><strong>En octobre 2020, alors que Albane Gaillot (ex-LREM, puis membre de l&#8217;\u00e9ph\u00e9m\u00e8re groupe \u00ab \u00c9cologie D\u00e9mocratie Solidarit\u00e9 \u00bb, aujourd&#8217;hui d\u00e9put\u00e9e non inscrite) pr\u00e9sentait cette proposition de loi \u00e0 l&#8217;Assembl\u00e9e, <a href=\"https:\/\/www.lemonde.fr\/societe\/article\/2021\/02\/16\/l-examen-d-un-texte-allongeant-les-delais-pour-avorter-annule-apres-l-obstruction-de-la-droite_6070164_3224.html\">elle avait d\u00e9clar\u00e9<\/a> : <em>\u00ab Rien n\u2019est plus fragile que les droits des femmes \u00bb<\/em>. Qu&#8217;en dites-vous ?<\/strong><\/p>\n<p>Les droits qu&#8217;on arrive \u00e0 conqu\u00e9rir sont toujours tr\u00e8s fragiles. Ce sont les premiers attaqu\u00e9s. S&#8217;il y a un rel\u00e2chement au niveau des mobilisations, il y a des tentations de les remettre en cause. Ainsi, quand on propose d&#8217;am\u00e9liorer le droit \u00e0 l&#8217;IVG afin d&#8217;\u00e9viter \u00e0 des femmes d&#8217;aller avorter \u00e0 l&#8217;\u00e9tranger, une frange tr\u00e8s r\u00e9actionnaire de la droite s&#8217;y oppose.<\/p>\n<p><strong>Et pendant ce temps-l\u00e0, que font la majorit\u00e9 et le gouvernement ? Rappelons que l&#8217;\u00e9galit\u00e9 femmes\/hommes est toujours cens\u00e9e \u00eatre la \u00ab grande cause du quinquennat \u00bb&#8230;<\/strong><\/p>\n<p>Cette proposition de loi \u00e9tait transpartisane, nous l&#8217;avons soutenue au groupe communiste r\u00e9publicain citoyen et \u00e9cologiste. Mais il y a eu une difficult\u00e9, c&#8217;est qu&#8217;au S\u00e9nat, il n&#8217;y a pas de groupe parlementaire \u00e9quivalent \u00e0 celui d&#8217;Albane Gaillot. Cette proposition de loi aurait pu, \u00e9ventuellement, \u00eatre port\u00e9e par LREM, mais ils ne l&#8217;ont pas fait. Du coup, c&#8217;est le Parti socialiste qui a accept\u00e9 de le pr\u00e9senter dans sa niche[[La niche parlementaire repr\u00e9sente le jour de l\u2019ann\u00e9e o\u00f9 les groupes d\u2019oppositions peuvent pr\u00e9senter leur propre ordre du jour.]]. Maintenant, la balle est dans le camp du gouvernement. Pour que la proposition de loi soit \u00e0 l&#8217;ordre du jour, il faut qu&#8217;il tape du poing. C&#8217;est une question de volont\u00e9 politique. On va bien voir s&#8217;il s&#8217;en m\u00eale et accepte de soutenir une proposition de loi qui vise \u00e0 conforter les droits des femmes\u2026 Peut-\u00eatre que le ministre de la Sant\u00e9 pourrait accepter l&#8217;allongement, mais il est totalement farouche \u00e0 la suppression de la double clause. Reste qu&#8217;il est extr\u00eamement difficile de dialoguer avec Olivier V\u00e9ran. C&#8217;est quelqu&#8217;un de tr\u00e8s suffisant, avec qui le d\u00e9bat n&#8217;est absolument pas possible.<\/p>\n<p>&nbsp;<\/p>\n<p>\nPropos recueillis par <a href=\"https:\/\/wp.muchomaas.com\/auteur\/loic-le-clerc\"><strong>Lo\u00efc Le Clerc<\/strong><\/a><\/p>\n","protected":false},"excerpt":{"rendered":"<p>La droite a r\u00e9ussi son coup. En multipliant les amendements, LR a rendu impossible l&#8217;examen de la proposition de loi visant \u00e0 renforcer le droit \u00e0 l\u2019avortement. Cette loi aurait apport\u00e9 trois changements \u00e0 la loi Veil : l\u2019allongement du d\u00e9lai l\u00e9gal pour avorter de 12 \u00e0 14 semaines, la suppression de la double clause de conscience des m\u00e9decins et la possibilit\u00e9 pour les sages-femmes de pratiquer des IVG chirurgicales jusqu\u2019\u00e0 dix semaines. On en parle avec la s\u00e9natrice Laurence Cohen.<\/p>\n","protected":false},"author":1203,"featured_media":0,"comment_status":"open","ping_status":"open","sticky":false,"template":"","format":"standard","meta":{"_themeisle_gutenberg_block_has_review":false,"footnotes":""},"categories":[6],"tags":[293,476,307],"class_list":["post-12779","post","type-post","status-publish","format-standard","hentry","category-actu","tag-entretien","tag-femmes","tag-sante"],"_links":{"self":[{"href":"https:\/\/archives.regards.fr\/index.php?rest_route=\/wp\/v2\/posts\/12779","targetHints":{"allow":["GET"]}}],"collection":[{"href":"https:\/\/archives.regards.fr\/index.php?rest_route=\/wp\/v2\/posts"}],"about":[{"href":"https:\/\/archives.regards.fr\/index.php?rest_route=\/wp\/v2\/types\/post"}],"author":[{"embeddable":true,"href":"https:\/\/archives.regards.fr\/index.php?rest_route=\/wp\/v2\/users\/1203"}],"replies":[{"embeddable":true,"href":"https:\/\/archives.regards.fr\/index.php?rest_route=%2Fwp%2Fv2%2Fcomments&post=12779"}],"version-history":[{"count":0,"href":"https:\/\/archives.regards.fr\/index.php?rest_route=\/wp\/v2\/posts\/12779\/revisions"}],"wp:attachment":[{"href":"https:\/\/archives.regards.fr\/index.php?rest_route=%2Fwp%2Fv2%2Fmedia&parent=12779"}],"wp:term":[{"taxonomy":"category","embeddable":true,"href":"https:\/\/archives.regards.fr\/index.php?rest_route=%2Fwp%2Fv2%2Fcategories&post=12779"},{"taxonomy":"post_tag","embeddable":true,"href":"https:\/\/archives.regards.fr\/index.php?rest_route=%2Fwp%2Fv2%2Ftags&post=12779"}],"curies":[{"name":"wp","href":"https:\/\/api.w.org\/{rel}","templated":true}]}}