{"id":12778,"date":"2021-02-17T12:04:33","date_gmt":"2021-02-17T11:04:33","guid":{"rendered":"https:\/\/wp.muchomaas.com\/article-pierre-yves-cadalen-en-bretagne-nous-voulons-casser-l-influence-du-lobby-agro\/"},"modified":"2023-06-24T00:11:49","modified_gmt":"2023-06-23T22:11:49","slug":"article-pierre-yves-cadalen-en-bretagne-nous-voulons-casser-l-influence-du-lobby-agro","status":"publish","type":"post","link":"https:\/\/archives.regards.fr\/?p=12778","title":{"rendered":"Pierre-Yves Cadalen : \u00ab En Bretagne, nous voulons casser l&#8217;influence du lobby agro-industriel sur le conseil r\u00e9gional \u00bb"},"content":{"rendered":"<p class=\"post_excerpt\">Historiquement \u00e0 gauche, la r\u00e9gion Bretagne va-t-elle le rester ? Quels combats y mener ? On en parle avec Pierre-Yves Cadalen, chef de file de la France insoumise pour les prochaines \u00e9lections r\u00e9gionales en Bretagne.<\/p>\n<h2>UNE MIDINALE \u00c0 VOIR&#8230;<\/h2>\n<p><iframe loading=\"lazy\" width=\"490\" height=\"276\" src=\"https:\/\/www.youtube.com\/embed\/nq0Kb4_s-Z4\" frameborder=\"0\" allow=\"accelerometer; autoplay; clipboard-write; encrypted-media; gyroscope; picture-in-picture\" allowfullscreen><\/iframe><\/p>\n<h2>ET \u00c0 LIRE&#8230;<\/h2>\n<p><em>\u00a0<strong>Sur l\u2019\u00e9chec des discussions avec EELV<\/em>\u00a0<\/strong><br \/>\n\u00ab\u00a0D\u2019abord on n\u2019est pas certains de partir tout seuls \u00e0 ce stade [aux r\u00e9gionales en Bretagne pour LFI].\u00a0\u00bb<br \/>\n\u00ab\u00a0On a une d\u00e9marche ouverte : on discute avec le PCF et G\u00e9n\u00e9ration.s pour constituer une majorit\u00e9 alternative et rompre avec le mod\u00e8le agro-industriel breton.\u00a0\u00bb<br \/>\n\u00ab\u00a0On avait mis un peu d\u2019espoir avec EELV parce que s\u2019il y a bien une r\u00e9gion o\u00f9 il fait sens d\u2019aller ensemble [FI\/EELV], c\u2019est bien la Bretagne.\u00a0\u00bb<br \/>\n\u00ab\u00a0Il y a un int\u00e9r\u00eat politique majeur \u00e0 rompre avec l\u2019influence du lobby agro-industriel sur le conseil r\u00e9gional.\u00a0\u00bb<br \/>\n\u00ab\u00a0EELV a fini par dire en bout de course qu\u2019il n\u2019\u00e9tait pas d\u2019accord parce que nous n\u2019\u00e9tions pas f\u00e9d\u00e9ralistes &#8211; ce qui nous a tous beaucoup surpris parce que ce sujet n\u2019appartient pas au d\u00e9bat public des r\u00e9gionales. C\u2019est pas le conseil r\u00e9gional qui d\u00e9cide s\u2019il devient autonome ou non.\u00a0\u00bb<br \/>\n\u00ab\u00a0On esp\u00e8re rassembler largement des citoyens et d\u2019autres forces politiques pour cr\u00e9er les conditions d\u2019une majorit\u00e9 alternative.\u00a0\u00bb<\/p>\n<p><em>\u00a0<strong>Sur l\u2019h\u00e9ritage de Jean-Yves Le Drian<\/em>\u00a0<\/strong><br \/>\n\u00ab\u00a0Le c\u0153ur du probl\u00e8me, c\u2019est la domination du marcronisme au sein de la majorit\u00e9 r\u00e9gionale.\u00a0\u00bb<br \/>\n\u00ab\u00a0L\u2019actuel premier vice-pr\u00e9sident, le bras droit du pr\u00e9sident socialiste, va mener une liste pour LREM avec les centristes dans la r\u00e9gion [Bretagne].\u00a0\u00bb<br \/>\n\u00ab\u00a0Je m\u2019interroge sur la coh\u00e9rence politique de l\u2019actuelle majorit\u00e9 r\u00e9gionale.\u00a0\u00bb<br \/>\n\u00ab\u00a0Le Parti socialiste n\u2019est plus le centre de gravit\u00e9, y compris dans ces \u00e9lections interm\u00e9diaires que sont les \u00e9lections r\u00e9gionales.\u00a0\u00bb<br \/>\n\u00ab\u00a0Nous travaillons \u00e0 un programme de rupture et le point de rupture en Bretagne, c\u2019est l\u2019agro-industriel.\u00a0On ne peut pas continuer avec ce mod\u00e8le qui est financ\u00e9 par les fonds publics. \u00bb<br \/>\n\u00ab\u00a0Le Parti socialiste n\u2019a cess\u00e9 de soutenir le mod\u00e8le agro-industriel.\u00a0\u00bb<\/p>\n<p><em>\u00a0<strong>Sur la strat\u00e9gie de LFI en Bretagne<\/em>\u00a0<\/strong><br \/>\n\u00ab\u00a0Notre objectif politique c\u2019est d\u2019\u00eatre une force majeure \u00e0 la sortie du premier tour.\u00a0\u00bb<br \/>\n\u00ab\u00a0Il est possible, avec les communistes et G\u00e9n\u00e9ration.s, de finir devant le PS et ensuite, dans le cadre d\u2019un accord de second tour, de gouverner la r\u00e9gion avec EELV. \u00bb<br \/>\n\u00ab\u00a0Pour r\u00e9instaurer le lien de confiance entre les citoyens et leurs institutions il faut avoir des lignes programmatiques claires et savoir constituer des majorit\u00e9s coh\u00e9rentes, sur le plan politique, sur le fond.\u00a0\u00bb<br \/>\n\u00ab\u00a0On peut constituer une alliance sur le fond.\u00a0\u00bb<br \/>\n\u00ab\u00a0C\u2019est aberrant qu\u2019EELV mentionne un sujet de politique nationale, le f\u00e9d\u00e9ralisme, pour refuser une alliance r\u00e9gionale sur une lutte commune qu\u2019on aurait pu engager ensemble et que j\u2019esp\u00e8re on engagera ensemble.\u00a0\u00bb<\/p>\n<p><em>\u00a0<strong>Sur la Bretagne, terre historiquement \u00e0 gauche<\/em>\u00a0<\/strong><br \/>\n \u00ab\u00a0Il y a une Bretagne rouge historiquement, il y a une Bretagne qui a envie d\u2019autre chose, il y a une culture ouvri\u00e8re qui reste forte \u00e0 Brest, \u00e0 Lorient ou \u00e0 Saint-Brieuc, il y a dans le centre-Bretagne des gens qui se battent sur des combats concrets. Il y a une culture du combat en Bretagne : les Bretons, ce sont des t\u00eates dures.\u00a0\u00bb<br \/>\n\u00ab\u00a0La Bretagne est une terre de contradictions : c\u2019est l\u00e0 qu\u2019a \u00e9t\u00e9 fond\u00e9 le club des jacobins mais c\u2019est aussi la terre de naissance des plus grands opposants \u00e0 la R\u00e9volution fran\u00e7aise.\u00a0\u00bb<br \/>\n\u00ab\u00a0Il ne faut pas r\u00eaver : ce n\u2019est pas avec le budget de la r\u00e9gion que l\u2019on va pouvoir faire tomber le mod\u00e8le agro-industriel mais on peut changer la nature du rapport de forces.\u00a0\u00bb<br \/>\n\u00ab\u00a0Dans toutes les grandes entreprises &#8211; dites coop\u00e9ratives &#8211; agricoles bretonnes, il y a de l\u2019argent public : nous, on commencera par le retirer.\u00a0\u00bb<br \/>\n\u00ab\u00a0Il faut construire un autre mod\u00e8le en posant politiquement la question de la dette paysanne.\u00a0\u00bb<br \/>\n\u00ab\u00a0Beaucoup de paysans sont en train de crever tellement ils sont endett\u00e9s. Et ils ne peuvent objectivement leur exploitation dans une transition parce que tous les investissements li\u00e9s \u00e0 leur exploitation ne leur permettent pas de l\u2019envisager.\u00a0\u00bb<br \/>\n\u00ab\u00a0Il faut se poser la question de la fa\u00e7on de sortir les agriculteurs de leur d\u00e9pendance aux coop\u00e9ratives &#8211; et l\u00e0-dessus, la r\u00e9gion a un r\u00f4le \u00e0 jouer.\u00a0\u00bb<br \/>\n\u00ab\u00a0Il faut cr\u00e9er des plateformes de distribution qui donnent acc\u00e8s \u00e0 des march\u00e9s locaux.\u00a0\u00bb<br \/>\n\u00ab\u00a0Il faut r\u00e9internaliser le mod\u00e8le agricole fran\u00e7ais et a fortiori breton : tout notre mod\u00e8le absurde d\u2019aujourd\u2019hui est construit pour l\u2019export. On vend du poulet au Moyen-Orient qui serait imbouffable en France vu les imp\u00e9ratifs de qualit\u00e9, le tout, en plus, arros\u00e9 d\u2019argent public.\u00a0\u00bb<\/p>\n<p><em>\u00a0<strong>Sur la campagne de LFI en Bretagne<\/em>\u00a0<\/strong><br \/>\n\u00ab\u00a0La majorit\u00e9 sociale du pays m\u00e9rite une repr\u00e9sentation politique.\u00a0\u00bb<br \/>\n\u00ab\u00a0Il y a des villes o\u00f9 70% des gens ne sont pas all\u00e9s voter : il va donc falloir construire une campagne autrement.\u00a0\u00bb<br \/>\n\u00ab\u00a0Dans la liste, on va int\u00e9grer des gens qui travaillent dans le secteur maritime, des paysans, des gens du secteur associatif, du secteur culturel : bref, des gens qui soient \u00e0 l\u2019image de la soci\u00e9t\u00e9.\u00a0\u00bb<br \/>\n\u00ab\u00a0On va faire une campagne qui puisse permettre de parler politique. Quand on ouvre la presse, on a l\u2019impression que c\u2019est la course des petits chevaux &#8211; et \u00e7a, \u00e7a d\u00e9goute de la politique.\u00a0\u00bb<br \/>\n\u00ab\u00a0On va organiser un grand tour de Bretagne pour aller \u00e0 la rencontre des Bretonnes et des Bretons pour diffuser et mettre en discussions nos id\u00e9es.\u00a0\u00bb<\/p>\n<p><em>\u00a0<strong>Sur la n\u00e9cessit\u00e9 de porter le d\u00e9bat sur le passage \u00e0 une 6e R\u00e9publique<\/em>\u00a0<\/strong><br \/>\n\u00ab\u00a0La mani\u00e8re dont on infantilise depuis un an, dont on a l\u2019impression de regarder les trains passer, de ne plus \u00eatre ma\u00eetres de notre vie, il y a des raisons politiques \u00e0 cela.\u00a0\u00bb<br \/>\n\u00ab\u00a0Les gilets jaunes quand ils sont descendus dans la rue, ils ont fini par dire qu\u2019ils voulaient le r\u00e9f\u00e9rendum d\u2019initiative citoyenne pour faire sauter le verrou du pouvoir du pr\u00e9sident de la R\u00e9publique. Cette question, elle est cruciale.\u00a0\u00bb<br \/>\n\u00ab\u00a0Il faut se r\u00e9approprier le pouvoir par rapport aux int\u00e9r\u00eats \u00e9conomiques qui aujourd\u2019hui dominent.\u00a0\u00bb<div id='gallery-1' class='gallery galleryid-12778 gallery-columns-3 gallery-size-thumbnail'><figure class='gallery-item'>\n\t\t\t<div class='gallery-icon landscape'>\n\t\t\t\t<a href='https:\/\/archives.regards.fr\/wp-content\/uploads\/2021\/02\/capture_d_e_cran_2021-02-17_a_11-9c4.56.49.png'><img loading=\"lazy\" decoding=\"async\" width=\"150\" height=\"150\" src=\"https:\/\/archives.regards.fr\/wp-content\/uploads\/2021\/02\/capture_d_e_cran_2021-02-17_a_11-9c4.56.49-150x150.png\" class=\"attachment-thumbnail size-thumbnail\" alt=\"capture_d_e_cran_2021-02-17_a_11.56.49.png\" \/><\/a>\n\t\t\t<\/div><\/figure>\n\t\t<\/div>\n<\/p>\n","protected":false},"excerpt":{"rendered":"<p>Historiquement \u00e0 gauche, la r\u00e9gion Bretagne va-t-elle le rester ? Quels combats y mener ? On en parle avec Pierre-Yves Cadalen, chef de file de la France insoumise pour les prochaines \u00e9lections r\u00e9gionales en Bretagne.<\/p>\n","protected":false},"author":1204,"featured_media":30301,"comment_status":"open","ping_status":"open","sticky":false,"template":"","format":"standard","meta":{"_themeisle_gutenberg_block_has_review":false,"footnotes":""},"categories":[238],"tags":[293],"class_list":["post-12778","post","type-post","status-publish","format-standard","has-post-thumbnail","hentry","category-la-midinale","tag-entretien"],"_links":{"self":[{"href":"https:\/\/archives.regards.fr\/index.php?rest_route=\/wp\/v2\/posts\/12778","targetHints":{"allow":["GET"]}}],"collection":[{"href":"https:\/\/archives.regards.fr\/index.php?rest_route=\/wp\/v2\/posts"}],"about":[{"href":"https:\/\/archives.regards.fr\/index.php?rest_route=\/wp\/v2\/types\/post"}],"author":[{"embeddable":true,"href":"https:\/\/archives.regards.fr\/index.php?rest_route=\/wp\/v2\/users\/1204"}],"replies":[{"embeddable":true,"href":"https:\/\/archives.regards.fr\/index.php?rest_route=%2Fwp%2Fv2%2Fcomments&post=12778"}],"version-history":[{"count":0,"href":"https:\/\/archives.regards.fr\/index.php?rest_route=\/wp\/v2\/posts\/12778\/revisions"}],"wp:featuredmedia":[{"embeddable":true,"href":"https:\/\/archives.regards.fr\/index.php?rest_route=\/wp\/v2\/media\/30301"}],"wp:attachment":[{"href":"https:\/\/archives.regards.fr\/index.php?rest_route=%2Fwp%2Fv2%2Fmedia&parent=12778"}],"wp:term":[{"taxonomy":"category","embeddable":true,"href":"https:\/\/archives.regards.fr\/index.php?rest_route=%2Fwp%2Fv2%2Fcategories&post=12778"},{"taxonomy":"post_tag","embeddable":true,"href":"https:\/\/archives.regards.fr\/index.php?rest_route=%2Fwp%2Fv2%2Ftags&post=12778"}],"curies":[{"name":"wp","href":"https:\/\/api.w.org\/{rel}","templated":true}]}}