{"id":12774,"date":"2021-02-16T12:47:50","date_gmt":"2021-02-16T11:47:50","guid":{"rendered":"https:\/\/wp.muchomaas.com\/article-paolo-levi-mario-draghi-peut-imposer-a-l-europe-une-politique-plus-ouverte-au\/"},"modified":"2023-06-24T00:11:42","modified_gmt":"2023-06-23T22:11:42","slug":"article-paolo-levi-mario-draghi-peut-imposer-a-l-europe-une-politique-plus-ouverte-au","status":"publish","type":"post","link":"https:\/\/archives.regards.fr\/?p=12774","title":{"rendered":"Paolo Levi : \u00ab Mario Draghi peut imposer \u00e0 l\u2019Europe une politique plus ouverte au social et \u00e0 l\u2019humain \u00bb"},"content":{"rendered":"<p class=\"post_excerpt\">Mario Draghi, l\u2019ancien pr\u00e9sident de la Banque Centrale Europ\u00e9enne (BCE), a \u00e9t\u00e9 choisi pour conduire un nouveau gouvernement en Italie compos\u00e9 de la gauche, du centre, de la droite et de l\u2019extr\u00eame droite. Comment ce gouvernement peut-il tenir ? Paolo Levi, journaliste, correspondant italien en France de l&#8217;agence de presse Ansa, est l\u2019invit\u00e9 de #LaMidinale\u200b.<\/p>\n<h2>UNE MIDINALE \u00c0 VOIR&#8230;<\/h2>\n<p><iframe loading=\"lazy\" width=\"490\" height=\"276\" src=\"https:\/\/www.youtube.com\/embed\/nqkBU45LKsE\" frameborder=\"0\" allow=\"accelerometer; autoplay; clipboard-write; encrypted-media; gyroscope; picture-in-picture\" allowfullscreen><\/iframe><\/p>\n<h2>ET \u00c0 LIRE&#8230;<\/h2>\n<p><em>\u00a0<strong>Sur l\u2019instabilit\u00e9 politique en Italie <\/em>\u00a0<\/strong><br \/>\n\u00ab On aura tout vu en Italie et l\u2019Italie est aussi un grand laboratoire de ce qui se passe en Europe, on l\u2019a vu dans l\u2019histoire. \u00bb<br \/>\n\u00ab Il y a eu une acc\u00e9l\u00e9ration de l\u2019histoire avec la crise du Covid et le temps du populisme est r\u00e9volu. \u00bb<br \/>\n\u00ab Cette crise du Covid a impos\u00e9 le grand retour de la comp\u00e9tence. \u00bb<br \/>\n\u00ab Face \u00e0 une crise qui a l\u2019envergure d\u2019une guerre avec les m\u00eames effets d\u00e9vastateurs sur l\u2019\u00e9conomie et le social, le discours simpliste des populistes, de l\u2019extr\u00eame droite et du mouvement cinq \u00e9toiles, ne pouvait plus tenir. \u00bb<br \/>\n\u00ab C\u2019est le grand retour en force des gens qui savent de quoi ils parlent et de l\u2019unit\u00e9 nationale. \u00bb<\/p>\n<p><em>\u00a0<strong>Sur la tr\u00e8s grande h\u00e9t\u00e9rog\u00e9n\u00e9it\u00e9 politique du nouveau gouvernement Draghi<\/em>\u00a0<\/strong><br \/>\n\u00ab La politique politicienne est un luxe qu\u2019on peut se permettre en temps de paix et les circonstances exceptionnelles que l\u2019on traverse en Italie, en Europe et dans le monde, expliquent la formation de ce gouvernement d\u2019union nationale. \u00bb<br \/>\n\u00ab Il y a un besoin urgent, criant, d\u2019unit\u00e9 nationale mais surtout d\u2019unit\u00e9 europ\u00e9enne pour pulv\u00e9riser ce virus. \u00bb<\/p>\n<p><em>\u00a0<strong>Sur la place de l\u2019extr\u00eame droite (anti Europe et anti euro) dans ce gouvernement pro-europ\u00e9en<\/em>\u00a0<\/strong><br \/>\n\u00ab Les \u00e9lecteurs de la Ligue [Le mouvement de Matteo Salvini] ont pris la calculette et ils ont vu qu\u2019ils avaient int\u00e9r\u00eat \u00e0 soutenir le plan de relance europ\u00e9en. \u00bb<br \/>\n\u00ab Les grands dirigeants de La Ligue sont souvent de grands entrepreneurs donc ils ont int\u00e9r\u00eat \u00e0 ce que ce plan de relance entre en vigueur de la meilleure mani\u00e8re qui soit. \u00bb<br \/>\n\u00ab Il faut que le plan soit pr\u00e9sent\u00e9 d\u2019ici le mois d\u2019avril donc le temps presse. \u00bb<\/p>\n<p><em>\u00a0<strong>Sur le plan de relance europ\u00e9en <\/em>\u00a0<\/strong><br \/>\n\u00ab La mani\u00e8re dont va \u00eatre redistribu\u00e9 et r\u00e9parti le plan de relance, va \u00eatre un grand pari [vu l\u2019h\u00e9t\u00e9rog\u00e9n\u00e9it\u00e9 politique du gouvernement] et c\u2019est pour \u00e7a qu\u2019on a nomm\u00e9 \u00e0 la t\u00eate du gouvernement une Ferrari [Mario Draghi]. \u00bb<br \/>\n\u00ab Mario Draghi est un grand homme d\u2019Etat. Il lui revient la t\u00e2che tr\u00e8s complexe de d\u00e9penser cet argent du plan de relance pour construire un avenir meilleur pour tout le monde. \u00bb<br \/>\n\u00ab Ce plan de relance est aussi une nouvelle forme de mise en place de fraternit\u00e9 et de solidarit\u00e9 europ\u00e9enne. \u00bb<br \/>\n\u00ab Il faut esp\u00e9rer que le plan de relance europ\u00e9en va mettre un point final \u00e0 ces politiques d\u2019aust\u00e9rit\u00e9. \u00bb<br \/>\n\u00ab Il y a un grand espoir d\u2019un rebond et d\u2019un sursaut europ\u00e9en. \u00bb<\/p>\n<p><em>\u00a0<strong>Sur le nouveau pr\u00e9sident du gouvernement Mario Draghi<\/em>\u00a0<\/strong><br \/>\n\u00ab Quand Draghi \u00e9tait le patron de la BCE [banque centrale europ\u00e9enne] il s\u2019est mis \u00e0 contre-courant de la politique de la rigueur allemande. Il a renvers\u00e9 la table. \u00bb<br \/>\n\u00ab Draghi est une personnalit\u00e9 sobre, s\u00e9rieuse, respect\u00e9e en Europe mais c\u2019est aussi quelqu\u2019un qui suscite un grand espoir pour que la relance \u00e9conomique conduise \u00e0 une nouvelle politique en Europe, moins associ\u00e9e \u00e0 l\u2019Allemagne. \u00bb<br \/>\n\u00ab Mario Draghi peut imposer \u00e0 l\u2019Europe une politique plus ouverte au social et \u00e0 l\u2019humain. \u00bb<br \/>\n\u00ab Le gouvernement de Draghi va s\u2019installer dans la dur\u00e9e. Tant que le virus n\u2019est pas vaincu, il faut de l\u2019unit\u00e9 nationale et europ\u00e9enne. \u00bb<\/p>\n<p><em>\u00a0<strong>Sur l\u2019extr\u00eame droite italienne<\/em>\u00a0<\/strong><br \/>\n\u00ab Le risque est l\u00e0 de voir, face \u00e0 l\u2019union nationale [et \u00e0 l\u2019hypoth\u00e8se d\u2019un \u00e9chec de la coalition], l\u2019extr\u00eame droite appara\u00eetre comme la seule alternative politique possible. \u00bb<br \/>\n\u00ab Un peu comme Marine Le Pen en France, face \u00e0 cette crise majeure que l\u2019on traverse, il y a un manque de comp\u00e9tences de la part des dirigeants d\u2019extr\u00eame-droite en Italie. \u00bb <div id='gallery-1' class='gallery galleryid-12774 gallery-columns-3 gallery-size-thumbnail'><figure class='gallery-item'>\n\t\t\t<div class='gallery-icon landscape'>\n\t\t\t\t<a href='https:\/\/archives.regards.fr\/wp-content\/uploads\/2021\/02\/capture_d_e_cran_2021-02-16_a_12-def.44.38.png'><img loading=\"lazy\" decoding=\"async\" width=\"150\" height=\"150\" src=\"https:\/\/archives.regards.fr\/wp-content\/uploads\/2021\/02\/capture_d_e_cran_2021-02-16_a_12-def.44.38-150x150.png\" class=\"attachment-thumbnail size-thumbnail\" alt=\"capture_d_e_cran_2021-02-16_a_12.44.38.png\" \/><\/a>\n\t\t\t<\/div><\/figure>\n\t\t<\/div>\n<\/p>\n","protected":false},"excerpt":{"rendered":"<p>Mario Draghi, l\u2019ancien pr\u00e9sident de la Banque Centrale Europ\u00e9enne (BCE), a \u00e9t\u00e9 choisi pour conduire un nouveau gouvernement en Italie compos\u00e9 de la gauche, du centre, de la droite et de l\u2019extr\u00eame droite. Comment ce gouvernement peut-il tenir ? Paolo Levi, journaliste, correspondant italien en France de l&#8217;agence de presse Ansa, est l\u2019invit\u00e9 de #LaMidinale\u200b.<\/p>\n","protected":false},"author":1039,"featured_media":30294,"comment_status":"open","ping_status":"open","sticky":false,"template":"","format":"standard","meta":{"_themeisle_gutenberg_block_has_review":false,"footnotes":""},"categories":[238],"tags":[293],"class_list":["post-12774","post","type-post","status-publish","format-standard","has-post-thumbnail","hentry","category-la-midinale","tag-entretien"],"_links":{"self":[{"href":"https:\/\/archives.regards.fr\/index.php?rest_route=\/wp\/v2\/posts\/12774","targetHints":{"allow":["GET"]}}],"collection":[{"href":"https:\/\/archives.regards.fr\/index.php?rest_route=\/wp\/v2\/posts"}],"about":[{"href":"https:\/\/archives.regards.fr\/index.php?rest_route=\/wp\/v2\/types\/post"}],"author":[{"embeddable":true,"href":"https:\/\/archives.regards.fr\/index.php?rest_route=\/wp\/v2\/users\/1039"}],"replies":[{"embeddable":true,"href":"https:\/\/archives.regards.fr\/index.php?rest_route=%2Fwp%2Fv2%2Fcomments&post=12774"}],"version-history":[{"count":0,"href":"https:\/\/archives.regards.fr\/index.php?rest_route=\/wp\/v2\/posts\/12774\/revisions"}],"wp:featuredmedia":[{"embeddable":true,"href":"https:\/\/archives.regards.fr\/index.php?rest_route=\/wp\/v2\/media\/30294"}],"wp:attachment":[{"href":"https:\/\/archives.regards.fr\/index.php?rest_route=%2Fwp%2Fv2%2Fmedia&parent=12774"}],"wp:term":[{"taxonomy":"category","embeddable":true,"href":"https:\/\/archives.regards.fr\/index.php?rest_route=%2Fwp%2Fv2%2Fcategories&post=12774"},{"taxonomy":"post_tag","embeddable":true,"href":"https:\/\/archives.regards.fr\/index.php?rest_route=%2Fwp%2Fv2%2Ftags&post=12774"}],"curies":[{"name":"wp","href":"https:\/\/api.w.org\/{rel}","templated":true}]}}