{"id":12772,"date":"2021-02-15T14:45:14","date_gmt":"2021-02-15T13:45:14","guid":{"rendered":"https:\/\/wp.muchomaas.com\/article-lucie-castets-il-n-est-pas-exclu-que-generation-identitaire-se-reconstitue-sous\/"},"modified":"2023-06-24T00:11:42","modified_gmt":"2023-06-23T22:11:42","slug":"article-lucie-castets-il-n-est-pas-exclu-que-generation-identitaire-se-reconstitue-sous","status":"publish","type":"post","link":"https:\/\/archives.regards.fr\/?p=12772","title":{"rendered":"Lucie Castets : \u00ab Il n&#8217;est pas exclu que G\u00e9n\u00e9ration identitaire se reconstitue sous une autre forme \u00bb"},"content":{"rendered":"<p class=\"post_excerpt\">Une proc\u00e9dure de dissolution a \u00e9t\u00e9 engag\u00e9e par G\u00e9rald Darmanin, le ministre de l&#8217;Int\u00e9rieur, \u00e0 l&#8217;encontre de G\u00e9n\u00e9ration identitaire. Pour quelles raisons ? Est-ce pertinent ? On en parle avec Lucie Castets, membre de l&#8217;Observatoire national de l&#8217;extr\u00eame droite.<\/p>\n<h2>UNE MIDINALE \u00c0 VOIR&#8230;<\/h2>\n<p><iframe loading=\"lazy\" width=\"490\" height=\"276\" src=\"https:\/\/www.youtube.com\/embed\/FxKshP1wyTo\" frameborder=\"0\" allow=\"accelerometer; autoplay; clipboard-write; encrypted-media; gyroscope; picture-in-picture\" allowfullscreen><\/iframe><\/p>\n<h2>ET \u00c0 LIRE&#8230;<\/h2>\n<p><em>\u00a0<strong>Sur G\u00e9n\u00e9ration identitaire<\/em>\u00a0<\/strong><br \/>\n\u00ab\u00a0G\u00e9n\u00e9ration identitaire est un mouvement politique identitaire d\u2019extr\u00eame droite qui pr\u00f4ne, essentiellement, l\u2019islamophobie. C\u2019est un mouvement nationaliste blanc qui d\u00e9fend la soi-disant identit\u00e9 culturelle europ\u00e9enne et qui se bat contre ce qu\u2019ils identifient comme une invasion migratoire de l\u2019Europe.\u00a0\u00bb<br \/>\n\u00ab\u00a0G\u00e9n\u00e9ration identitaire a d\u00e9j\u00e0 \u00e9t\u00e9 inqui\u00e9t\u00e9 par la justice au titre de la provocation \u00e0 la discrimination raciale ou religieuse : ils ont \u00e9t\u00e9 condamn\u00e9s en premi\u00e8re instance puis relax\u00e9s en appel pour vice de forme.\u00a0\u00bb<br \/>\n\u00ab\u00a0Une association comme G\u00e9n\u00e9ration identitaire peut \u00eatre dissoute pour plusieurs raisons qui sont \u00e9tablies dans le Code de s\u00e9curit\u00e9 int\u00e9rieure, notamment l\u2019appel \u00e0 la haine raciale. Mais, en l\u2019esp\u00e8ce, la dissolution est justifi\u00e9e par le fonctionnement de G\u00e9n\u00e9ration identitaire \u00e0 qui l\u2019on reproche de se comporter comme une milice militaire ou paramilitaire dans la mesure o\u00f9 ils organisent des camps d\u2019entra\u00eenement.\u00a0\u00bb<\/p>\n<p><em>\u00a0<strong>Sur le financement des groupuscules d\u2019extr\u00eame droite<\/em>\u00a0<\/strong><br \/>\n\u00ab\u00a0C\u2019est un sujet qui est assez mal document\u00e9 contrairement \u00e0 la fa\u00e7on dont pourrait se financer des organisations islamistes.\u00a0\u00bb<br \/>\n\u00ab\u00a0De r\u00e9centes \u00e9tudes men\u00e9es notamment par RUSI (Royal United Services Institute for Defence and Security Studies), un think tank britannique sp\u00e9cialis\u00e9 dans les questions de s\u00e9curit\u00e9 et de d\u00e9fense, expliquent que ces officines d\u2019extr\u00eame droite sont principalement financ\u00e9es par des dons de membres ou sympathisants sous trois formes :<\/p>\n<ul>\n<li> des campagnes de crowdfunding sur internet via des sites classiques ou des sites d\u00e9di\u00e9s \u00e0 la collecte de fonds : G\u00e9n\u00e9ration identitaire a d\u2019ailleurs sa propre plateforme de dons sur son site ;<\/li>\n<li> les transactions peer-to-peer, c\u2019est-\u00e0-dire sans interm\u00e9diaires donc plus discr\u00e8tes. Cela se fait notamment via des monnaies virtuelles qui sont lou\u00e9es par les mouvements d\u2019extr\u00eame droite tant pour des raisons pratiques parce qu\u2019elles permettent des transferts internationaux anonymes, que pour des raisons id\u00e9ologiques du fait de la d\u00e9fiance de ces mouvements \u00e0 l\u2019\u00e9gard des syst\u00e8mes financiers officiels et des monnaies r\u00e9glement\u00e9es. Sur le site de G\u00e9n\u00e9ration identitaire, il est ainsi possible de faire un don en cryptomonnaie ;<\/li>\n<li> les riches donateurs mais il est difficile d\u2019avoir beaucoup d\u2019informations l\u00e0-dessus car ces donateurs se font discrets. Ce sont par ailleurs souvent les groupes les moins subversifs qui sont les plus susceptibles d\u2019attirer ce type de financement.\u00a0\u00bb<br \/>\n\u00ab\u00a0Les plateformes de crowfunding classiques ont tendance \u00e0 exclure les groupuscules d\u2019extr\u00eame droite de leurs clients, essentiellement pour des raisons d\u2019image.\u00a0\u00bb<br \/>\n\u00ab\u00a0Pour la campagne Defend Europe, G\u00e9n\u00e9ration identitaire a fait une campagne d\u2019appel aux dons et cr\u00e9\u00e9 une cagnotte pour la financer. Mais quand le site internet qui avait financ\u00e9 la cagnotte s\u2019est rendu compte de l\u2019op\u00e9ration, il a annul\u00e9 la cagnotte et rembours\u00e9 tous les donateurs. Seulement, il se trouve que lorsque l\u2019on organise un appel aux dons via une cagnotte, on a acc\u00e8s \u00e0 toutes les adresses mails : G\u00e9n\u00e9ration identitaire a donc juste demand\u00e9 \u00e0 tous les donateurs de refaire le don\u2026\u00a0\u00bb<br \/>\n\u00ab\u00a0G\u00e9n\u00e9ration identitaire communique sur le fait qu\u2019ils ont un financement essentiellement fran\u00e7ais, ce qui est assez cr\u00e9dible m\u00eame si une part importante des financements vient aussi de l\u2019\u00e9tranger.\u00a0\u00bb<br \/>\n\u00ab\u00a0G\u00e9n\u00e9ration identitaire a re\u00e7u des dons d\u2019un N\u00e9oz\u00e9landais tristement connu : Brenton Tarrant, celui qui a commis les attentats de Christchurch en mars 2019.\u00a0\u00bb<br \/>\n\u00ab\u00a0Il existe des soutiens crois\u00e9s entre les diff\u00e9rents groupes et individus d\u2019extr\u00eame droite \u00e0 travers le monde.\u00a0\u00bb<\/li>\n<\/ul>\n<p><em>\u00a0<strong>Sur la lutte contre les menaces que repr\u00e9sentent ces groupuscules d\u2019extr\u00eame droite<\/em>\u00a0<\/strong><br \/>\n\u00ab\u00a0L\u2019arsenal juridique, \u00e0 la fois en droit p\u00e9nal et en termes de mesures administratives, est suffisamment d\u00e9velopp\u00e9. La question est surtout celle de sa mobilisation qui peut \u00eatre lacunaire.\u00a0\u00bb<br \/>\n\u00ab\u00a0Il y a des outils sp\u00e9cifiques qui sont \u00e0 la disposition des Etats pour entraver ces groupes, notamment tr\u00e8s sp\u00e9cifiquement ceux qui sont assimilables \u00e0 du terrorisme. Mais ils sont tr\u00e8s peu mobilis\u00e9s pour le terrorisme d\u2019extr\u00eame droite alors qu\u2019ils sont tr\u00e8s utilis\u00e9s pour les groupes d\u2019inspiration islamiste.\u00a0\u00bb<br \/>\n\u00ab\u00a0Des organismes internationaux comme l\u2019ONU et Europole montrent que le nombre d\u2019attentats d\u2019extr\u00eame droite a explos\u00e9 ces derni\u00e8res ann\u00e9es en Australie, en Allemagne, en Nouvelle-Z\u00e9lande\u2026 alors que les outils de gel d\u2019avoirs restent concentr\u00e9s sur la lutte contre le terrorisme d\u2019inspiration islamiste.\u00a0\u00bb<\/p>\n<p><em>\u00a0<strong>Sur la pertinence de la dissolution de G\u00e9n\u00e9ration identitaire<\/em>\u00a0<\/strong><br \/>\n\u00ab\u00a0Quand un groupe est dissout, une attention croissante est port\u00e9e sur ses membres et sur leurs actions ult\u00e9rieures.\u00a0\u00bb<br \/>\n\u00ab\u00a0Les services de renseignement suivront que l\u2019organisation ne se recr\u00e9e pas \u00e0 l\u2019identique ailleurs.\u00a0Mais on ne peut pas exclure qu\u2019ils se reforment sous un autre aspect ou un autre nom avec des membres un peu diff\u00e9rents.\u00a0\u00bb<br \/>\n\u00ab\u00a0G\u00e9n\u00e9ration identitaire est h\u00e9ritier de groupes dont certains ont \u00e9t\u00e9 dissouts de part le pass\u00e9.\u00a0\u00bb<br \/>\n\u00ab\u00a0La dissolution des groupes d\u2019extr\u00eame droite n\u2019est pas l\u2019alpha et l\u2019om\u00e9ga de la lutte contre l\u2019extr\u00eame droite.\u00a0C\u2019est un outil parmi d\u2019autres. \u00bb<br \/>\n\u00ab\u00a0La dissolution est un outil int\u00e9ressant car c\u2019est un signal politique qui est envoy\u00e9 \u00e0 ces groupes-l\u00e0 car cela fait partie des priorit\u00e9s de lutter contre ce type de menaces.\u00a0\u00bb<br \/>\n\u00ab\u00a0Il ne faut pas tout m\u00e9langer : G\u00e9n\u00e9ration identitaire n\u2019est pas un groupe terroriste &#8211; ce n\u2019est en tous les cas pas d\u00e9montr\u00e9 \u00e0 ce jour dans la mesure o\u00f9 ils ne commettent pas d\u2019actes terroristes. Mais ils peuvent \u00eatre consid\u00e9r\u00e9s comme enfreignants certains principes de la R\u00e9publique et \u00eatre dissouts \u00e0 cet \u00e9gard.\u00a0\u00bb<div id='gallery-1' class='gallery galleryid-12772 gallery-columns-3 gallery-size-thumbnail'><figure class='gallery-item'>\n\t\t\t<div class='gallery-icon landscape'>\n\t\t\t\t<a href='https:\/\/archives.regards.fr\/wp-content\/uploads\/2021\/02\/capture_d_e_cran_2021-02-15_a_14-20a.31.54.png'><img loading=\"lazy\" decoding=\"async\" width=\"150\" height=\"150\" src=\"https:\/\/archives.regards.fr\/wp-content\/uploads\/2021\/02\/capture_d_e_cran_2021-02-15_a_14-20a.31.54-150x150.png\" class=\"attachment-thumbnail size-thumbnail\" alt=\"capture_d_e_cran_2021-02-15_a_14.31.54.png\" \/><\/a>\n\t\t\t<\/div><\/figure>\n\t\t<\/div>\n<\/p>\n","protected":false},"excerpt":{"rendered":"<p>Une proc\u00e9dure de dissolution a \u00e9t\u00e9 engag\u00e9e par G\u00e9rald Darmanin, le ministre de l&#8217;Int\u00e9rieur, \u00e0 l&#8217;encontre de G\u00e9n\u00e9ration identitaire. Pour quelles raisons ? Est-ce pertinent ? On en parle avec Lucie Castets, membre de l&#8217;Observatoire national de l&#8217;extr\u00eame droite.<\/p>\n","protected":false},"author":1204,"featured_media":30292,"comment_status":"open","ping_status":"open","sticky":false,"template":"","format":"standard","meta":{"_themeisle_gutenberg_block_has_review":false,"footnotes":""},"categories":[238],"tags":[293],"class_list":["post-12772","post","type-post","status-publish","format-standard","has-post-thumbnail","hentry","category-la-midinale","tag-entretien"],"_links":{"self":[{"href":"https:\/\/archives.regards.fr\/index.php?rest_route=\/wp\/v2\/posts\/12772","targetHints":{"allow":["GET"]}}],"collection":[{"href":"https:\/\/archives.regards.fr\/index.php?rest_route=\/wp\/v2\/posts"}],"about":[{"href":"https:\/\/archives.regards.fr\/index.php?rest_route=\/wp\/v2\/types\/post"}],"author":[{"embeddable":true,"href":"https:\/\/archives.regards.fr\/index.php?rest_route=\/wp\/v2\/users\/1204"}],"replies":[{"embeddable":true,"href":"https:\/\/archives.regards.fr\/index.php?rest_route=%2Fwp%2Fv2%2Fcomments&post=12772"}],"version-history":[{"count":0,"href":"https:\/\/archives.regards.fr\/index.php?rest_route=\/wp\/v2\/posts\/12772\/revisions"}],"wp:featuredmedia":[{"embeddable":true,"href":"https:\/\/archives.regards.fr\/index.php?rest_route=\/wp\/v2\/media\/30292"}],"wp:attachment":[{"href":"https:\/\/archives.regards.fr\/index.php?rest_route=%2Fwp%2Fv2%2Fmedia&parent=12772"}],"wp:term":[{"taxonomy":"category","embeddable":true,"href":"https:\/\/archives.regards.fr\/index.php?rest_route=%2Fwp%2Fv2%2Fcategories&post=12772"},{"taxonomy":"post_tag","embeddable":true,"href":"https:\/\/archives.regards.fr\/index.php?rest_route=%2Fwp%2Fv2%2Ftags&post=12772"}],"curies":[{"name":"wp","href":"https:\/\/api.w.org\/{rel}","templated":true}]}}