{"id":12771,"date":"2021-02-15T13:46:41","date_gmt":"2021-02-15T12:46:41","guid":{"rendered":"https:\/\/wp.muchomaas.com\/article-tribune-presidentielle-rien-n-est-ineluctable\/"},"modified":"2021-02-15T13:46:41","modified_gmt":"2021-02-15T12:46:41","slug":"article-tribune-presidentielle-rien-n-est-ineluctable","status":"publish","type":"post","link":"https:\/\/archives.regards.fr\/?p=12771","title":{"rendered":"TRIBUNE. \u00c9lection pr\u00e9sidentielle : rien n\u2019est in\u00e9luctable !"},"content":{"rendered":"<p class=\"post_excerpt\">Alors que le service public sert sur un plateau en argent la parole de Marine Le Pen et de G\u00e9rald Darmanin, Thomas Portes, porte-parole de G\u00e9n\u00e9ration.s, appelle \u00e0 <em>\u00ab attaquer l\u2019extr\u00eame droite, frontalement, ne pas lui laisser un pouce de terrain \u00bb<\/em> afin de <em>\u00ab rallumer les \u00e9toiles de l\u2019espoir \u00bb<\/em>.<\/p>\n<p><em>\u00ab Vous dites que l\u2019islam n\u2019est m\u00eame pas un probl\u00e8me [\u2026], je vous trouve un peu molle Madame Le Pen \u00bb<\/em>. Voil\u00e0 les mots que tout le monde a retenu du d\u00e9bat, enfin plut\u00f4t de l\u2019\u00e9change, entre Marine Le Pen et G\u00e9rald Darmanin, organis\u00e9 par le service public audiovisuel jeudi soir.<\/p>\n<p>&nbsp;<\/p>\n<p>\n<strong>VOIR AUSSI SUR REGARDS.FR<br \/>\n>><\/strong> <em><a href=\"https:\/\/wp.muchomaas.com\/la-midinale\/article\/julie-garnier-france-2-s-est-deshonore-en-organisant-un-debat-entre-des-nuances\">Julie Garnier : \u00ab France 2 s\u2019est d\u00e9shonor\u00e9 en organisant un d\u00e9bat entre des nuances de l\u2019extr\u00eame droite \u00bb<\/a><\/em><\/p>\n<p>&nbsp;<\/p>\n<p>Avec ce concours L\u00e9pine de celui qui se montre le plus raciste envers les musulmans et l\u2019islam, Darmanin a r\u00e9ussi le tour de force de faire ce que la pr\u00e9sidente du RN consacre toute son \u00e9nergie \u00e0 gommer de son image depuis des ann\u00e9es :  se \u00ab diaboliser \u00bb. <\/p>\n<p>Dans ce flot de rh\u00e9torique guerri\u00e8re \u00e0 l\u2019encontre d\u2019une religion, le mot islamisme fut d&#8217;ailleurs utilis\u00e9 plus de 70 fois, les deux camps \u00ab amis \u00bb poursuivait pourtant un autre objectif : celui d\u2019installer durablement ce duel comme seule alternative possible en 2022. <\/p>\n<p>Darmanin ne s\u2019en est d&#8217;ailleurs pas cach\u00e9, se payant m\u00eame le luxe d\u2019interpeller la pr\u00e9sidente du RN pour lui dire de mieux r\u00e9viser en pr\u00e9vision du prochain d\u00e9bat, comprendre celui du second tour de 2022. <\/p>\n<h2>Et la gauche dans tout \u00e7a ?<\/h2>\n<p>Parfois si brillante, elle peut se montrer tout aussi d\u00e9sesp\u00e9rante. Alors que nous sommes lanc\u00e9s dans une course contre la montre avant un scrutin pr\u00e9sidentiel qui pourrait nous mener au pire, voil\u00e0 que les forces de gauche sont plus que jamais divis\u00e9es, se desservant les brevets de respectabilit\u00e9 pour voir laquelle d\u2019entre elle incarne le mieux \u00ab La R\u00e9publique \u00bb. <\/p>\n<p>Mais pour r\u00e9parer une R\u00e9publique divis\u00e9e, nous devons cr\u00e9er des horizons communs capables de transcender le peuple. <a href=\"https:\/\/wp.muchomaas.com\/politique\/societe\/article\/trappes-darmanin-donne-corps-a-une-realite-fantasmee\">Ce qui vient de se passer avec la ville de Trappes<\/a>, o\u00f9 la faschosph\u00e8re, bien soutenue pas une partie de la droite, \u00e0 livrer en p\u00e2ture un maire et ses habitants t\u00e9moigne du climat inqui\u00e9tant qui r\u00e8gne dans le pays. Aucun territoire n\u2019est \u00e9pargn\u00e9. \u00c0 Montauban, c\u2019est la tr\u00e8s droiti\u00e8re Brigitte Bar\u00e8ges qui a organis\u00e9 une manifestation, en pr\u00e9sence de Robert M\u00e9nard, pour d\u00e9noncer une d\u00e9cision de justice actant son in\u00e9ligibilit\u00e9 pour d\u00e9tournement de fonds. Nous rions de Trump, mais nous sommes sur les pr\u00e9misses d\u2019une trumpisation de notre soci\u00e9t\u00e9. <\/p>\n<p>Pourquoi la gauche est-elle si \u00ab molle \u00bb, pour reprendre un mot \u00e0 la mode, face \u00e0 l\u2019extr\u00eame droite ? Qui se souvient encore de la derni\u00e8re charge publique r\u00e9elle contre Marine Le Pen ? Au-del\u00e0 des tweets de bon ton, il ne faut pas avoir peur de le dire, trop souvent la lutte contre l\u2019extr\u00eame droite n\u2019est plus la premi\u00e8re priorit\u00e9 des organisations politiques ou m\u00eame syndicales. <\/p>\n<p>C\u2019est dans ce silence que la b\u00eate se nourrit et prosp\u00e8re. Trop souvent au sein de la gauche et les \u00e9cologistes on pense l\u2019accession au pouvoir de ce parti comme impossible. L\u2019histoire nous enseigne pourtant l\u2019inverse, l\u2019actualit\u00e9 aussi. <\/p>\n<p>Regardons autour de nous. Les amis de la famille Le Pen sont aux affaires dans plusieurs pays europ\u00e9ens, et ils y restent. Camarades, il faut attaquer l\u2019extr\u00eame droite, frontalement, ne pas lui laisser un pouce de terrain. Face \u00e0 cette urgence, nous devons d\u00e9ployer notre \u00e9nergie toute enti\u00e8re pour lutter et d\u00e9construire leurs discours !<\/p>\n<p>Non, la possible victoire de Marine Le Pen n\u2019est pas une vue de l\u2019esprit mais un sc\u00e9nario cr\u00e9dible. Et cela ne se r\u00e9sume pas aux sondages, certes inqui\u00e9tants, mais bien \u00e0 la d\u00e9tresse d\u2019une population frapp\u00e9e par une crise \u00e9conomique et pr\u00eate \u00e0 se jeter dans les bras du RN pour se sentir prot\u00e9ger, consid\u00e9rer. Je partage l\u2019analyse de C\u00e9cile Duflot. En braquant le regard m\u00e9diatique sur la question de l\u2019islam, on passe sous silence ce qui ravage notre pays. Nous avons toutes et tous \u00e9t\u00e9 frapp\u00e9s par ces centaines d\u2019\u00e9tudiants faisant la queue pour se nourrir. Dans un pays d\u00e9j\u00e0 fractur\u00e9 par les in\u00e9galit\u00e9s, la crise sociale que nous traversons va agir comme un incubateur poussant des millions de personnes dans une paup\u00e9risation terrible. Nous avons besoins de mener sur le terrain social un combat sans rel\u00e2che, pour montrer que oui face \u00e0 des patrons voyous ou des entreprises qui gavent d\u2019actionnaires leurs dividendes alors qu\u2019elles sacrifient des milliers d\u2019emplois, nous pouvons agir. Rien n\u2019est in\u00e9luctable. L\u2019\u00c9tat peut imposer d\u2019autres choix. Un certain dirigeant disait <em>\u00ab l\u00e0 o\u00f9 il y volont\u00e9, il y \u00e0 chemin \u00bb<\/em>.<\/p>\n<h2>Comment faire ?<\/h2>\n<p>Un sondage r\u00e9cent indique que huit Fran\u00e7ais sur dix rejettent le duel annonc\u00e9 entre Macron et Le Pen pour la prochaine pr\u00e9sidentielle. Rien n\u2019est perdu, et l\u2019espoir doit nous animer. Ce qui doit nous occuper dans les semaines \u00e0 venir, c\u2019est construire un projet de soci\u00e9t\u00e9 qui offre des horizons nouveaux. Sortir de l\u2019incantation pour proposer des solutions concr\u00e8tes. Dans chaque territoire appuyons nous sur les femmes et les hommes engag\u00e9s, qui sont des architectes indispensables de ce monde nouveau dont nous avons tant besoin. <\/p>\n<p>Ma g\u00e9n\u00e9ration ne veut pas \u00eatre celle qui sera sacrifi\u00e9e par une gauche incapable de se rassembler. Le fatalisme ambiant qui r\u00e8gne est mortif\u00e8re, et d\u00e9roule un tapis rouge \u00e0 l\u2019extr\u00eame droite comme aux forces de l\u2019argent. La gravit\u00e9 de la situation n\u2019est plus \u00e0 d\u00e9montrer. Collectivement, r\u00e9veillons-nous, agissons, mettons en mouvement toutes les forces de gauche et \u00e9cologistes, mais aussi toutes les expertises associatives, syndicales et citoyennes qui sont la richesse de notre d\u00e9mocratie. <\/p>\n<p>C\u2019est \u00e0 ce prix, celui du collectif au service de la radicalit\u00e9 \u00e9cologique et de la lutte contre les in\u00e9galit\u00e9s sociales, que nous pourrons rallumer les \u00e9toiles de l\u2019espoir.<\/p>\n<p>&nbsp;<\/p>\n<p>\n<a href=\"https:\/\/wp.muchomaas.com\/auteur\/thomas-portes\"><strong>Thomas Portes, porte-parole de G\u00e9n\u00e9ration.s<\/strong><\/a><\/p>\n","protected":false},"excerpt":{"rendered":"<p>Alors que le service public sert sur un plateau en argent la parole de Marine Le Pen et de G\u00e9rald Darmanin, Thomas Portes, porte-parole de G\u00e9n\u00e9ration.s, appelle \u00e0 <em>\u00ab attaquer l\u2019extr\u00eame droite, frontalement, ne pas lui laisser un pouce de terrain \u00bb<\/em> afin de <em>\u00ab rallumer les \u00e9toiles de l\u2019espoir \u00bb<\/em>.<\/p>\n","protected":false},"author":1,"featured_media":0,"comment_status":"open","ping_status":"open","sticky":false,"template":"","format":"standard","meta":{"_themeisle_gutenberg_block_has_review":false,"footnotes":""},"categories":[278],"tags":[355,515],"class_list":["post-12771","post","type-post","status-publish","format-standard","hentry","category-tribunes","tag-extreme-droite","tag-presidentielle-2022"],"_links":{"self":[{"href":"https:\/\/archives.regards.fr\/index.php?rest_route=\/wp\/v2\/posts\/12771","targetHints":{"allow":["GET"]}}],"collection":[{"href":"https:\/\/archives.regards.fr\/index.php?rest_route=\/wp\/v2\/posts"}],"about":[{"href":"https:\/\/archives.regards.fr\/index.php?rest_route=\/wp\/v2\/types\/post"}],"author":[{"embeddable":true,"href":"https:\/\/archives.regards.fr\/index.php?rest_route=\/wp\/v2\/users\/1"}],"replies":[{"embeddable":true,"href":"https:\/\/archives.regards.fr\/index.php?rest_route=%2Fwp%2Fv2%2Fcomments&post=12771"}],"version-history":[{"count":0,"href":"https:\/\/archives.regards.fr\/index.php?rest_route=\/wp\/v2\/posts\/12771\/revisions"}],"wp:attachment":[{"href":"https:\/\/archives.regards.fr\/index.php?rest_route=%2Fwp%2Fv2%2Fmedia&parent=12771"}],"wp:term":[{"taxonomy":"category","embeddable":true,"href":"https:\/\/archives.regards.fr\/index.php?rest_route=%2Fwp%2Fv2%2Fcategories&post=12771"},{"taxonomy":"post_tag","embeddable":true,"href":"https:\/\/archives.regards.fr\/index.php?rest_route=%2Fwp%2Fv2%2Ftags&post=12771"}],"curies":[{"name":"wp","href":"https:\/\/api.w.org\/{rel}","templated":true}]}}