{"id":1277,"date":"1999-02-01T00:00:00","date_gmt":"1999-01-31T23:00:00","guid":{"rendered":"https:\/\/wp.muchomaas.com\/la-gauche-latino-americaine-face1277\/"},"modified":"1999-02-01T00:00:00","modified_gmt":"1999-01-31T23:00:00","slug":"la-gauche-latino-americaine-face1277","status":"publish","type":"post","link":"https:\/\/archives.regards.fr\/?p=1277","title":{"rendered":"La gauche latino-am\u00e9ricaine face au nouveau mill\u00e9naire"},"content":{"rendered":"<p class=\"post_excerpt\"> R\u00e9union unique \u00e0 l&#8217;\u00e9chelle d&#8217;un continent, le Forum de Sao-Paulo a la particularit\u00e9 de r\u00e9unir tous les partis et mouvements de gauche latino-am\u00e9ricains (1). <\/p>\n<p>Ce VIIIe forum a confirm\u00e9 le forum dans son r\u00f4le &#8220;d&#8217;espace pluriel, d\u00e9mocratique anti-imp\u00e9rialiste et solidaire&#8221;. En effet, 58 organisations et partis politiques de gauche latino-am\u00e9ricain set des Cara\u00efbes y participaient. Ceux-ci repr\u00e9sentent plus du tiers de l&#8217;\u00e9lectorat du continent. C&#8217;est dire la force de ce mouvement f\u00e9d\u00e9rant les gauches dans un continent de plus de 460 millions d&#8217;habitants.<\/p>\n<p><strong> La &#8220;pr\u00e9f\u00e9rence continentale latino-am\u00e9ricaine&#8221; <\/strong><\/p>\n<p>Se d\u00e9roulant en pleine crise financi\u00e8re mondiale qui affecte durement le Br\u00e9sil et se propage sur l&#8217;ensemble du continent, les participants ont \u00e9t\u00e9 conduits \u00e0 rejeter avec encore plus de force le projet de zone de libre \u00e9change des Am\u00e9riques qu&#8217;envisagent d&#8217;imposer les Etats-Unis, pour accentuer la subordination des nations latino-am\u00e9ricaines et r\u00e9duire ainsi leur souverainet\u00e9.<\/p>\n<p>C&#8217;est pour d\u00e9jouer cette tentative qu&#8217;il a \u00e9t\u00e9 propos\u00e9 de rechercher les moyens de remettre en cause les trait\u00e9s libres \u00e9changistes actuels, de modifier les r\u00f4les du Fonds mon\u00e9taire international et de la Banque mondiale, pour leur substituer, selon les propositions de plusieurs participants, un nouvel ordre international mon\u00e9taire et un nouveau concept de &#8220;pr\u00e9f\u00e9rence continentale latino-am\u00e9ricaine&#8221; similaire \u00e0 ce que nous connaissions en Europe avec &#8220;la pr\u00e9f\u00e9rence communautaire europ\u00e9enne&#8221;. Ce m\u00e9canisme aurait pour objectif de rechercher les moyens de nouveaux rapports de coop\u00e9ration avec les Etats-Unis et l&#8217;Union europ\u00e9enne.<\/p>\n<p>De ce point de vue, l&#8217;initiative du gouvernement fran\u00e7ais de retirer notre pays de l&#8217;accord multilat\u00e9ral sur l&#8217;investissement (AMI), qui a abouti \u00e0 sa disparition, a \u00e9t\u00e9 salu\u00e9e chaleureusement.<\/p>\n<p>D&#8217;une mani\u00e8re g\u00e9n\u00e9rale, l&#8217;exp\u00e9rience originale de la gauche fran\u00e7aise au gouvernement suscite beaucoup de curiosit\u00e9. Beaucoup d&#8217;attente aussi de la part des forces progressistes latino-am\u00e9ricaines. La d\u00e9marche du Parti communiste fran\u00e7ais et ses propositions sont connues et suivies avec beaucoup d&#8217;attention, d&#8217;int\u00e9r\u00eat, et de la sympathie de la part de toutes ces forces, quelles que soient leurs orientations politiques. Nombre de ses propositions \u00e9conomiques et sociales sont consid\u00e9r\u00e9es comme un apport utile aux r\u00e9flexions communes tout comme sa proposition d&#8217;une r\u00e9orientation progressiste de l&#8217;Union europ\u00e9enne. La victoire de la gauche dans la plupart des pays europ\u00e9ens exerce une certaine fascination et cr\u00e9e beaucoup d&#8217;espoir. Celui que la droite peut \u00eatre battue, et que la gauche europ\u00e9enne peut constituer un p\u00f4le pouvant peser en faveur d&#8217;un nouvel ordre international contrebalan\u00e7ant l&#8217;h\u00e9g\u00e9monie que veulent imposer les dirigeants am\u00e9ricains. Notons toutefois que les responsables du forum font une nette diff\u00e9rence entre les options du gouvernement anglais et ceux de la France et rejettent avec force le projet baptis\u00e9 de &#8220;troisi\u00e8me voie Blair-Clinton&#8221;.<\/p>\n<p><strong> Rencontrer les forces de la gauche europ\u00e9enne <\/strong><\/p>\n<p>L&#8217;une des grandes d\u00e9cisions du VIIIe Forum de Sao-Paulo est la proposition de rencontrer les forces de gauche europ\u00e9enne. C&#8217;est avec cet objectif que des r\u00e9unions communes entre l&#8217;\u00e9quipe dirigeante du Forum et les partis de gauche europ\u00e9ens pr\u00e9sents \u00e0 Mexico se sont tenues pour pr\u00e9parer de telles rencontres qui devraient avoir lieu avant le sommet des chefs d&#8217;Etat europ\u00e9ens et d&#8217;Am\u00e9rique latine pr\u00e9vu \u00e0 Rio les 28 et 29 juillet prochains.<\/p>\n<p>De telles rencontres devraient \u00eatre d&#8217;autant plus fructueuses que, par del\u00e0 des histoires, des niveaux de d\u00e9veloppement diff\u00e9rents, les d\u00e9bats qui ont eu lieu \u00e0 Sao-Paulo ont mis en \u00e9vidence de nombreuses r\u00e9flexions communes, mais aussi de nouveaux questionnements auxquels il est n\u00e9cessaire de rechercher ensemble des r\u00e9ponses rapidement. Soulignons ceux de la pr\u00e9servation de l&#8217;environnement, pour laquelle la ville de Mexico est particuli\u00e8rement concern\u00e9e, des aspirations nouvelles qui progressent de mani\u00e8re irr\u00e9pressible comme celle de la place des femmes et des jeunes dans la soci\u00e9t\u00e9, mais aussi dans les organisations politiques de gauche, le respect et l&#8217;\u00e9panouissement des minorit\u00e9s culturelles, ethniques, la lutte des paysans sans-terre, des sans-toit, de ceux qui n&#8217;ont pas acc\u00e8s \u00e0 la sant\u00e9 ; la participation des chr\u00e9tiens aux mouvements de lutte r\u00e9volutionnaire, les processus de paix en Am\u00e9rique latine, particuli\u00e8rement au Guatemala, en Colombie, au Chiapas, au Salvador ont \u00e9t\u00e9 discut\u00e9s avec une r\u00e9elle volont\u00e9 d&#8217;aboutir. Des d\u00e9bats int\u00e9ressants ont \u00e9galement eu lieu sur le r\u00f4le nouveau que pourraient jouer les parlements avec trois id\u00e9es qui nous sont famili\u00e8res : celle de la relation du citoyen au parlementaire ; celle de la consultation des parlements avant toute ratification de trait\u00e9 ; et la proposition de cr\u00e9er un forum parlementaire permanent sur le continent pour \u00e9tudier les probl\u00e8mes communs ainsi que la recherche d&#8217;une alternative au trait\u00e9 ALCA.<\/p>\n<p>D&#8217;autres bases de discussion et d&#8217;actions communes sont possibles dans les domaines \u00e9conomiques et sociaux, comme ceux du contr\u00f4le des mouvements internationaux de capitaux, la r\u00e9forme de la fiscalit\u00e9 en vue de l&#8217;efficacit\u00e9 \u00e9conomique et sociale, une utilisation nouvelle du cr\u00e9dit, \u00e0 l&#8217;\u00e9chelle de la plan\u00e8te, l&#8217;aide aux PME, le progr\u00e8s social avec l&#8217;\u00e9ducation comme pivot de l&#8217;\u00e9galit\u00e9 de chances, l&#8217;action pour la sant\u00e9, le logement, la s\u00e9curit\u00e9 sociale, l&#8217;am\u00e9lioration de la situation de l&#8217;enfance, la lutte contre les discriminations f\u00e9minines auxquels il faut ajouter la gravit\u00e9 des probl\u00e8mes li\u00e9s \u00e0 la d\u00e9linquance, \u00e0 l&#8217;ins\u00e9curit\u00e9 et au narco-trafic. Un autre important point commun concerne la d\u00e9mocratie, au sens de la d\u00e9mocratie participative. Des exp\u00e9riences de ce type sont en cours dans de grandes villes dirig\u00e9es par des forces de gauche, notamment \u00e0 Porto Allegre au Br\u00e9sil ou \u00e0 Mont\u00e9vid\u00e9o en Uruguay et dans plusieurs arrondissements de Mexico. Ainsi, un immense champ d&#8217;\u00e9changes, d&#8217;exp\u00e9riences, de r\u00e9flexions et d&#8217;actions existe entre le forum et les forces progressistes europ\u00e9ennes.<\/p>\n<p><strong> La d\u00e9mocratie est essentielle pour tout projet alternatif <\/strong><\/p>\n<p>Leur conception m\u00eame de la transformation sociale partant de la d\u00e9mocratie m\u00e9rite d&#8217;\u00eatre connue : &#8220;la r\u00e9volution est notre but, elle suppose une transformation profonde de la soci\u00e9t\u00e9 par la d\u00e9mocratie essentielle \u00e0 tout projet alternatif&#8221;, peut-on lire dans l&#8217;un des textes.<\/p>\n<p>Ces orientations seront encore approfondies par des s\u00e9ances de travail du Forum pour l&#8217;\u00e9laboration d&#8217;un projet alternatif au syst\u00e8me n\u00e9o-lib\u00e9ral. D&#8217;ores et d\u00e9j\u00e0, le Manifeste de Mexico indique : &#8220;Nous proposons de construire, en respectant notre compromis d&#8217;unit\u00e9, dans le respect de nos diversit\u00e9s, un projet de sauvetage, de r\u00e9orientation en socialisant les espaces productifs, en renfor\u00e7ant l&#8217;industrie, l&#8217;agriculture et la productivit\u00e9 nationale, approfondissant et \u00e9largissant socialement la d\u00e9mocratie, r\u00e9formant le r\u00f4le de l&#8217;Etat, garantissant les droits de l&#8217;Homme, respectant l&#8217;environnement, int\u00e9grant l&#8217;\u00e9galit\u00e9 et l&#8217;\u00e9quit\u00e9 des sexes, reconnaissant l&#8217;identit\u00e9 et les droits des peuples indiens, \u00e9levant la qualit\u00e9 de vie de nos populations et impulsant une v\u00e9ritable int\u00e9gration de nos peuples.&#8221;<\/p>\n<p><strong> Lieu de r\u00e9sistance contre la globalisation n\u00e9o-lib\u00e9rale <\/strong><\/p>\n<p>Cette r\u00e9union des diverses forces progressistes latino-am\u00e9ricaines, riche de leurs diff\u00e9rences et de leurs exp\u00e9riences, est d&#8217;une grande originalit\u00e9, sans \u00e9quivalent dans le monde. Ce VIIIe Forum de Sao-Paulo a confirm\u00e9 son r\u00f4le de lieu de r\u00e9sistance \u00e0 &#8220;la globalisation n\u00e9o-lib\u00e9rale, lieu de rencontre pluraliste et d&#8217;actions solidaires, pour mettre en \u00e9chec les pr\u00e9tentions des USA, lieu d&#8217;\u00e9laboration et d&#8217;initiatives citoyennes pour des alternatives progressistes&#8221;. Beaucoup de nos pratiques et de nos r\u00e9flexions, en France et en Europe, rejoignent celles du Forum de Sao-Paulo. Elles montrent qu&#8217;\u00e0 partir de la sp\u00e9cificit\u00e9 des situations, beaucoup de r\u00e9flexions et d&#8217;actions communes sont possibles et s\u00fbrement n\u00e9cessaires de part et d&#8217;autre de ces deux continents s\u00e9par\u00e9s par l&#8217;Atlantique.<\/p>\n<p>* Membre du Comit\u00e9 national du PCF.<\/p>\n<p>** Collaboratrice du Comit\u00e9 national.<\/p>\n<p>1. Il a eu lieu \u00e0 Mexico, en octobre 1998.<\/p>\n","protected":false},"excerpt":{"rendered":"<p> R\u00e9union unique \u00e0 l&#8217;\u00e9chelle d&#8217;un continent, le Forum de Sao-Paulo a la particularit\u00e9 de r\u00e9unir tous les partis et mouvements de gauche latino-am\u00e9ricains (1). <\/p>\n","protected":false},"author":1,"featured_media":0,"comment_status":"open","ping_status":"open","sticky":false,"template":"","format":"standard","meta":{"_themeisle_gutenberg_block_has_review":false,"footnotes":""},"categories":[141],"tags":[289],"class_list":["post-1277","post","type-post","status-publish","format-standard","hentry","category-archives-web","tag-ameriques"],"_links":{"self":[{"href":"https:\/\/archives.regards.fr\/index.php?rest_route=\/wp\/v2\/posts\/1277","targetHints":{"allow":["GET"]}}],"collection":[{"href":"https:\/\/archives.regards.fr\/index.php?rest_route=\/wp\/v2\/posts"}],"about":[{"href":"https:\/\/archives.regards.fr\/index.php?rest_route=\/wp\/v2\/types\/post"}],"author":[{"embeddable":true,"href":"https:\/\/archives.regards.fr\/index.php?rest_route=\/wp\/v2\/users\/1"}],"replies":[{"embeddable":true,"href":"https:\/\/archives.regards.fr\/index.php?rest_route=%2Fwp%2Fv2%2Fcomments&post=1277"}],"version-history":[{"count":0,"href":"https:\/\/archives.regards.fr\/index.php?rest_route=\/wp\/v2\/posts\/1277\/revisions"}],"wp:attachment":[{"href":"https:\/\/archives.regards.fr\/index.php?rest_route=%2Fwp%2Fv2%2Fmedia&parent=1277"}],"wp:term":[{"taxonomy":"category","embeddable":true,"href":"https:\/\/archives.regards.fr\/index.php?rest_route=%2Fwp%2Fv2%2Fcategories&post=1277"},{"taxonomy":"post_tag","embeddable":true,"href":"https:\/\/archives.regards.fr\/index.php?rest_route=%2Fwp%2Fv2%2Ftags&post=1277"}],"curies":[{"name":"wp","href":"https:\/\/api.w.org\/{rel}","templated":true}]}}