{"id":12767,"date":"2021-02-12T12:29:39","date_gmt":"2021-02-12T11:29:39","guid":{"rendered":"https:\/\/wp.muchomaas.com\/article-julie-garnier-france-2-s-est-deshonore-en-organisant-un-debat-entre-des-nuances\/"},"modified":"2023-06-24T00:11:36","modified_gmt":"2023-06-23T22:11:36","slug":"article-julie-garnier-france-2-s-est-deshonore-en-organisant-un-debat-entre-des-nuances","status":"publish","type":"post","link":"https:\/\/archives.regards.fr\/?p=12767","title":{"rendered":"Julie Garnier : \u00ab France 2 s\u2019est d\u00e9shonor\u00e9 en organisant un d\u00e9bat entre des nuances de l&#8217;extr\u00eame droite \u00bb"},"content":{"rendered":"<p class=\"post_excerpt\">Jeudi 11 f\u00e9vrier, France 2 a organis\u00e9 un d\u00e9bat entre G\u00e9rald Darmanin et Marine Le Pen, Cyril Hanouna a invit\u00e9 Jean-Luc M\u00e9lenchon dans \u00ab Touche pas \u00e0 mon poste \u00bb et, dans un meeting en ligne, Cl\u00e9mentine Autain lan\u00e7ait sa campagne pour ravir la r\u00e9gion \u00cele-de-France \u00e0 Val\u00e9rie P\u00e9cresse. On en parle avec Julie Garnier, oratrice nationale de La France insoumise.<\/p>\n<h2>UNE MIDINALE \u00c0 VOIR&#8230;<\/h2>\n<p><iframe loading=\"lazy\" width=\"490\" height=\"276\" src=\"https:\/\/www.youtube.com\/embed\/AjknxrCq1fo\" frameborder=\"0\" allow=\"accelerometer; autoplay; clipboard-write; encrypted-media; gyroscope; picture-in-picture\" allowfullscreen><\/iframe><\/p>\n<p>&nbsp;<\/p>\n<p><h2>ET \u00c0 LIRE&#8230;<\/h2>\n<p><em>\u00a0<strong>Sur le d\u00e9bat Darmanin\/Le Pen et M\u00e9lenchon chez Hanouna<\/em>\u00a0<\/strong><br \/>\n\u00ab\u00a0France 2 s\u2019est d\u00e9shonor\u00e9 d\u2019organiser un d\u00e9bat sur les nuances d\u2019extr\u00eame droite.\u00a0\u00bb<br \/>\n\u00ab\u00a0Je suis inqui\u00e8te de voir \u00e0 quel point l\u2019extr\u00eame droite squatte les plateaux de t\u00e9l\u00e9vision.\u00a0\u00bb<br \/>\n\u00ab\u00a0Si on retirait l\u2019extr\u00eame droite des plateaux de t\u00e9l\u00e9vision, Cnews se retrouverait au ch\u00f4mage technique.\u00a0\u00bb<br \/>\n\u00ab\u00a0Il y a quelques ann\u00e9es, on appelait \u00e0 faire barrage \u00e0 l\u2019extr\u00eame droite et aujourd\u2019hui, sur une cha\u00eene du service public, on organise un d\u00e9bat entre l\u2019extr\u00eame droite et l\u2019extr\u00eame droite.\u00a0\u00bb<br \/>\n\u00ab\u00a0C\u2019est un d\u00e9bat [le s\u00e9paratisme] l\u00e9gitime. Il est port\u00e9 \u00e0 l\u2019assembl\u00e9e donc on ne va pas le nier.\u00a0\u00bb<br \/>\n\u00ab\u00a0Il faut aller convaincre partout et c\u2019\u00e9tait le but de Jean-Luc M\u00e9lenchon hier en allant chez Hanouna.\u00a0\u00bb<br \/>\n\u00ab\u00a0La d\u00e9mocratie est confin\u00e9e. Les liens sont en partie d\u00e9truits et il nous reste les r\u00e9seaux sociaux et les m\u00e9dias. La bataille ne se m\u00e8ne pas uniquement l\u00e0-dessus mais \u00e7a se joue aussi l\u00e0.\u00a0\u00bb<br \/>\n\u00ab\u00a0Les m\u00e9dias ont une part de responsabilit\u00e9.\u00a0\u00bb<br \/>\n\u00ab\u00a0Je vais me battre pour que le second tour qu\u2019on nous annonce, Macron\/Le Pen, n\u2019ait pas lieu.\u00a0\u00bb<\/p>\n<p><em>\u00a0<strong>Sur les \u00e9lections r\u00e9gionales et la dynamique de gauche<\/em>\u00a0<\/strong><br \/>\n\u00ab\u00a0La r\u00e9gion Ile-de-France est domin\u00e9e par un s\u00e9paratisme territorial.\u00a0\u00bb<br \/>\n\u00ab\u00a0La r\u00e9gion Ile-de-France est la r\u00e9gion la plus riche &#8211; et en m\u00eame temps la plus in\u00e9galitaire.\u00a0\u00bb<br \/>\n\u00ab\u00a0Un habitant des Hauts-de-Sein est deux fois plu subventionn\u00e9 qu\u2019un habitant du Val-de-Marne. Un habitant des Yvelines est trois fois plus subventionn\u00e9 qu\u2019un habitant de l\u2019Essonne.\u00a0\u00bb<br \/>\n\u00ab\u00a0Val\u00e9rie P\u00e9cresse d\u00e9fend le Charles-de-Gaulle Express, elle laisse pourrir les transports du quotidien et elle d\u00e9fend les ghettos des riches. Nous, c\u2019est cela que l\u2019on veut combattre.\u00a0\u00bb<\/p>\n<p><em>\u00a0<strong>Sur les divergences avec Julien Bayou et Audrey Pulvar<\/em>\u00a0<\/strong><br \/>\n\u00ab\u00a0A un moment, il va falloir se positionner pour savoir si on est pour accompagner le capitalisme ou bien le combattre.\u00a0\u00bb<br \/>\n\u00ab\u00a0Sur les r\u00e9gionales, vu les comp\u00e9tences de la r\u00e9gion, il y aura beaucoup plus de quoi nous rassembler que de quoi nous \u00e9charper.\u00a0\u00bb<br \/>\n\u00ab\u00a0Les \u00e9lections r\u00e9gionales ne se joue pas en vase clos : derri\u00e8re, il y a l\u2019\u00e9lection pr\u00e9sidentielle, il ne faut pas \u00eatre na\u00eff sur cette r\u00e9alit\u00e9-l\u00e0.\u00a0\u00bb<br \/>\n\u00ab\u00a0Il y a des projets de soci\u00e9t\u00e9 diff\u00e9rents &#8211; il faut \u00eatre clair : veut-on une \u00e9cologie qui ressemble \u00e0 du jardinage ou bien faut-il revoir nos crit\u00e8res comme la croissance ou le tout-consommer ?\u00a0\u00bb<br \/>\n\u00ab\u00a0La ligne de Yannick Jadot n\u2019est pas la m\u00eame que celle d\u2019Eric Piolle.\u00a0Nous, de notre c\u00f4t\u00e9, nous sommes tr\u00e8s clairs et savons tr\u00e8s bien vers quoi nous allons.\u00a0\u00bb<\/p>\n<p><em>\u00a0<strong>Sur les difficult\u00e9s \u00e0 faire campagne en p\u00e9riode de pand\u00e9mie<\/em>\u00a0<\/strong><br \/>\n\u00ab\u00a0La premi\u00e8re chose qu\u2019ils confinent, c\u2019est la d\u00e9mocratie : on a des difficult\u00e9s \u00e0 faire des manifestations et \u00e0 faire \u00e9merger nos sujets dans les m\u00e9dias\u2026\u00a0\u00bb<br \/>\n\u00ab\u00a0A quel moment, tu vois des gens \u00e0 la t\u00e9l\u00e9 qui ont un pass Navigo dans la poche ?\u00a0\u00bb<br \/>\n\u00ab\u00a0J\u2019en ai marre de ces \u00e9lus qui trustent les plateaux t\u00e9l\u00e9s mais qui ne vont dans les transports en commun que pour se faire prendre en photo.\u00a0\u00bb<\/p>\n<p><em>\u00a0<strong>Sur l\u2019antiracisme<\/em>\u00a0<\/strong><br \/>\n\u00ab\u00a0Notre \u00e9quipe, elle montre la diversit\u00e9.\u00a0\u00bb<br \/>\n\u00ab\u00a0On a eu tout un passage sur les quartiers populaires.\u00a0\u00bb<br \/>\n\u00ab\u00a0On a eu des t\u00e9moignages de militantes racis\u00e9es.\u00a0\u00bb<br \/>\n\u00ab\u00a0Moi, je suis issue de l\u2019immigration &#8211; je n\u2019ai pas honte de le dire. J\u2019ai grandi en ZEP et j\u2019en suis fi\u00e8re.\u00a0\u00bb<br \/>\n\u00ab\u00a0La diversit\u00e9, c\u2019est une chance.\u00a0\u00bb<br \/>\n\u00ab\u00a0Je ne supporte pas ceux qui nous disent \u00e0 longueurs de plateaux qu\u2019il faudrait regarder une partie de nos concitoyennes et concitoyens.\u00a0\u00bb<br \/>\n\u00ab\u00a0Dans les quartiers populaires, il n\u2019y a pas que de la mis\u00e8re : il y a \u00e9norm\u00e9ment de talents et \u00e9norm\u00e9ment d\u2019\u00e9nergie.\u00a0\u00bb<br \/>\n\u00ab\u00a0Aujourd\u2019hui, on a tout int\u00e9r\u00eat \u00e0 d\u00e9montrer que l\u2019on a des personnalit\u00e9s tout aussi capables que les autres d\u2019\u00eatre au gouvernement, dans les instances politiques et au Conseil r\u00e9gional.\u00a0\u00bb<div id='gallery-1' class='gallery galleryid-12767 gallery-columns-3 gallery-size-thumbnail'><figure class='gallery-item'>\n\t\t\t<div class='gallery-icon landscape'>\n\t\t\t\t<a href='https:\/\/archives.regards.fr\/wp-content\/uploads\/2021\/02\/capture_d_e_cran_2021-02-12_a_12-bfb.22.38.png'><img loading=\"lazy\" decoding=\"async\" width=\"150\" height=\"150\" src=\"https:\/\/archives.regards.fr\/wp-content\/uploads\/2021\/02\/capture_d_e_cran_2021-02-12_a_12-bfb.22.38-150x150.png\" class=\"attachment-thumbnail size-thumbnail\" alt=\"capture_d_e_cran_2021-02-12_a_12.22.38.png\" \/><\/a>\n\t\t\t<\/div><\/figure>\n\t\t<\/div>\n<\/p>\n","protected":false},"excerpt":{"rendered":"<p>Jeudi 11 f\u00e9vrier, France 2 a organis\u00e9 un d\u00e9bat entre G\u00e9rald Darmanin et Marine Le Pen, Cyril Hanouna a invit\u00e9 Jean-Luc M\u00e9lenchon dans \u00ab Touche pas \u00e0 mon poste \u00bb et, dans un meeting en ligne, Cl\u00e9mentine Autain lan\u00e7ait sa campagne pour ravir la r\u00e9gion \u00cele-de-France \u00e0 Val\u00e9rie P\u00e9cresse. On en parle avec Julie Garnier, oratrice nationale de La France insoumise.<\/p>\n","protected":false},"author":1204,"featured_media":30288,"comment_status":"open","ping_status":"open","sticky":false,"template":"","format":"standard","meta":{"_themeisle_gutenberg_block_has_review":false,"footnotes":""},"categories":[238],"tags":[293],"class_list":["post-12767","post","type-post","status-publish","format-standard","has-post-thumbnail","hentry","category-la-midinale","tag-entretien"],"_links":{"self":[{"href":"https:\/\/archives.regards.fr\/index.php?rest_route=\/wp\/v2\/posts\/12767","targetHints":{"allow":["GET"]}}],"collection":[{"href":"https:\/\/archives.regards.fr\/index.php?rest_route=\/wp\/v2\/posts"}],"about":[{"href":"https:\/\/archives.regards.fr\/index.php?rest_route=\/wp\/v2\/types\/post"}],"author":[{"embeddable":true,"href":"https:\/\/archives.regards.fr\/index.php?rest_route=\/wp\/v2\/users\/1204"}],"replies":[{"embeddable":true,"href":"https:\/\/archives.regards.fr\/index.php?rest_route=%2Fwp%2Fv2%2Fcomments&post=12767"}],"version-history":[{"count":0,"href":"https:\/\/archives.regards.fr\/index.php?rest_route=\/wp\/v2\/posts\/12767\/revisions"}],"wp:featuredmedia":[{"embeddable":true,"href":"https:\/\/archives.regards.fr\/index.php?rest_route=\/wp\/v2\/media\/30288"}],"wp:attachment":[{"href":"https:\/\/archives.regards.fr\/index.php?rest_route=%2Fwp%2Fv2%2Fmedia&parent=12767"}],"wp:term":[{"taxonomy":"category","embeddable":true,"href":"https:\/\/archives.regards.fr\/index.php?rest_route=%2Fwp%2Fv2%2Fcategories&post=12767"},{"taxonomy":"post_tag","embeddable":true,"href":"https:\/\/archives.regards.fr\/index.php?rest_route=%2Fwp%2Fv2%2Ftags&post=12767"}],"curies":[{"name":"wp","href":"https:\/\/api.w.org\/{rel}","templated":true}]}}