{"id":12765,"date":"2021-02-11T12:33:37","date_gmt":"2021-02-11T11:33:37","guid":{"rendered":"https:\/\/wp.muchomaas.com\/article-heloise-mary-l-europe-fait-de-l-expulsion-des-migrants-parfois-vers-la-mort-une\/"},"modified":"2023-06-24T00:11:35","modified_gmt":"2023-06-23T22:11:35","slug":"article-heloise-mary-l-europe-fait-de-l-expulsion-des-migrants-parfois-vers-la-mort-une","status":"publish","type":"post","link":"https:\/\/archives.regards.fr\/?p=12765","title":{"rendered":"H\u00e9lo\u00efse Mary : \u00ab L\u2019Europe fait de l\u2019expulsion des migrants, parfois vers la mort, une priorit\u00e9 \u00bb"},"content":{"rendered":"<p class=\"post_excerpt\">Mercredi 11 f\u00e9vrier, la Commission europ\u00e9enne a demand\u00e9 aux pays membres de l&#8217;UE d\u2019acc\u00e9l\u00e9rer les expulsions des migrants et pr\u00e9vu d\u2019infliger des amendes aux gouvernements qui ne respectent pas ces nouvelles consignes. H\u00e9lo\u00efse Mary, pr\u00e9sidente du BAAM (Bureau d\u2019Accueil et d\u2019Accompagnement des Migrants), est l\u2019invit\u00e9e de #LaMidinale.<\/p>\n<h2>UNE MIDINALE \u00c0 VOIR&#8230;<\/h2>\n<p><iframe loading=\"lazy\" width=\"490\" height=\"276\" src=\"https:\/\/www.youtube.com\/embed\/ivmcqG2I9Co\" frameborder=\"0\" allow=\"accelerometer; autoplay; clipboard-write; encrypted-media; gyroscope; picture-in-picture\" allowfullscreen><\/iframe><\/p>\n<p>&nbsp;<\/p>\n<p><h2>ET \u00c0 LIRE&#8230;<\/h2>\n<p><em> <strong>Sur l\u2019accueil des migrants<\/strong>  <\/em><br \/>\n\u00ab Rien n\u2019est fait pour accueillir les familles m\u00eame s\u2019il y a quelques avanc\u00e9es \u00e0 Paris o\u00f9 la mairie a propos\u00e9 de cr\u00e9er un centre pour les mineurs \u00e9trangers isol\u00e9s. Ils avaient promis cent places et on se retrouve avec 40 places seulement. \u00bb<br \/>\n\u00ab Les mineurs isol\u00e9s \u00e9trangers sont les plus pr\u00e9caires. Ils sont sans famille et sans soutien. \u00bb<br \/>\n\u00ab L\u2019insuffisance des espaces d\u2019accueil pour les \u00e9trangers, les demandeurs d\u2019asiles et les migrants sans papiers sont terribles. \u00bb<br \/>\n\u00ab On n\u2019applique pas la loi de r\u00e9quisition sur les logements, entrepris, espaces vides. \u00bb<br \/>\n\u00ab A Paris il y a des milliers de m2 vides et dans lesquels on pourrait accueillir les migrants. \u00bb<br \/>\n\u00ab On se sert de la politique d\u2019h\u00e9bergement pour dissuader les migrants de venir s\u2019installer sur le territoire fran\u00e7ais. \u00bb<br \/>\n\u00ab A Calais, la police \u00e9ventre les tentes des migrants et confisque leurs duvets ou r\u00e9chauds. Et c\u2019est la m\u00eame chose \u00e0 Paris. \u00bb<br \/>\n\u00ab Les associations sont emp\u00each\u00e9es de faire des distributions alimentaires et sont m\u00eame verbalis\u00e9es. \u00bb<br \/>\n\u00ab Il va y avoir des morts. Les gens vont mourrir de froid. \u00bb<br \/>\n\u00ab Tout est utilis\u00e9 pour marginaliser, stigmatiser et renforcer la surveillance sur les migrants. \u00bb<br \/>\n\u00ab On prend pr\u00e9texte des normes sanitaires pour contr\u00f4ler plus efficacement ces populations que les autorit\u00e9s consid\u00e8rent comme dangereuses. \u00bb<\/p>\n<p><em> <strong>Sur la crise sanitaire pour les migrants<\/strong>  <\/em><br \/>\n\u00ab Les migrants sont des populations principalement jeunes et qui ne sont pas prioritaires pour la vaccination. \u00bb<br \/>\n\u00ab Les migrants vivent dans la rue ou dans des h\u00e9bergements qui ne sont pas aux normes Covid o\u00f9 tout le monde se repasse joyeusement le virus. \u00bb<br \/>\n\u00ab Darmanin se sert du Covid pour contr\u00f4ler les populations. \u00bb<\/p>\n<p><em> <strong>Sur la demande de la commission europ\u00e9enne d\u2019acc\u00e9l\u00e9rer les expulsions<\/strong> <\/em><br \/>\n\u00ab La commission europ\u00e9enne dit que les fronti\u00e8res sont ferm\u00e9es sauf pour l\u2019expulsion des migrants. \u00bb<br \/>\n\u00ab L\u2019Europe fait de l\u2019expulsion des migrants, parfois vers la mort, une priorit\u00e9. \u00bb<br \/>\n\u00ab Les Obligations de Quitter le Territoire Fran\u00e7ais (OQTF) pleuvent et sont la plupart du temps accompagn\u00e9es d\u2019Interdiction de Retour sur le Territoire Fran\u00e7ais (IRTF). \u00bb<br \/>\n\u00ab Les centres de r\u00e9tention administrative sont pleins et craquent. \u00bb<br \/>\n\u00ab La France est r\u00e9guli\u00e8rement condamn\u00e9e par la Cour europ\u00e9enne des droits de l\u2019homme pour ses centres administratifs et ses zones d\u2019attente. \u00bb<\/p>\n<p><em> <strong>Sur g\u00e9n\u00e9ration identitaire<\/strong>  <\/em><br \/>\n\u00ab Je suis pour que g\u00e9n\u00e9ration identitaire soit dissoute mais je suis aussi pour qu\u2019ils disparaissent totalement. \u00bb<br \/>\n\u00ab La dissolution n\u2019est pas la solution \u00e0 tout. La vraie solution, c\u2019est de mener une lutte contre ces mouvements fascistes et criminels. \u00bb<br \/>\n\u00ab ON retrouve des migrants morts de froid dans les Alpes et les Pyr\u00e9n\u00e9es. \u00bb<br \/>\n\u00ab Au-del\u00e0 de la dissolution, il faut que Darmanin poursuive g\u00e9n\u00e9ration identitaire. Il faut les poursuivre en justice. \u00bb<\/p>\n<ul>\n<li> <strong>Sur le d\u00e9bat Darmanin\/Le Pen<\/strong><br \/>\n\u00ab L\u2019hypoth\u00e8se de l\u2019\u00e9lection de Marine Le Pen est cr\u00e9dible depuis un certain temps : elle arrive souvent au deuxi\u00e8me tour quand m\u00eame. \u00bb<br \/>\n\u00ab Le rassemblement national a d\u00e9j\u00e0 gagn\u00e9 : si on s\u2019aligne sur le fait qu\u2019il faut mettre les politiques du RN en pratique et que c\u2019est fait par le minist\u00e8re de l\u2019int\u00e9rieur alors effectivement, on nous pr\u00e9pare l\u2019\u00e9lection de Marine Le Pen &#8211; voire on n\u2019a m\u00eame plus besoin d\u2019\u00e9lection. \u00bb<br \/>\n\u00ab \u00c0 la t\u00e9l\u00e9vision ce soir, vont d\u00e9battre une personne qui va \u00eatre jug\u00e9e pour viol et une personne qui a \u00e9t\u00e9 plusieurs fois traduite devant les tribunaux pour incitation \u00e0 la haine raciale : on va avoir deux criminels, deux d\u00e9linquants \u00e0 la t\u00e9l\u00e9vision ce soir. \u00bb<\/li>\n<\/ul>\n<div id='gallery-1' class='gallery galleryid-12765 gallery-columns-3 gallery-size-thumbnail'><figure class='gallery-item'>\n\t\t\t<div class='gallery-icon landscape'>\n\t\t\t\t<a href='https:\/\/archives.regards.fr\/wp-content\/uploads\/2021\/02\/capture-d_e_cran-2021-02-11-a_-12-cd3.33.49.png'><img loading=\"lazy\" decoding=\"async\" width=\"150\" height=\"150\" src=\"https:\/\/archives.regards.fr\/wp-content\/uploads\/2021\/02\/capture-d_e_cran-2021-02-11-a_-12-cd3.33.49-150x150.png\" class=\"attachment-thumbnail size-thumbnail\" alt=\"capture-d_e_cran-2021-02-11-a_-12.33.49.png\" \/><\/a>\n\t\t\t<\/div><\/figure>\n\t\t<\/div>\n\n","protected":false},"excerpt":{"rendered":"<p>Mercredi 11 f\u00e9vrier, la Commission europ\u00e9enne a demand\u00e9 aux pays membres de l&#8217;UE d\u2019acc\u00e9l\u00e9rer les expulsions des migrants et pr\u00e9vu d\u2019infliger des amendes aux gouvernements qui ne respectent pas ces nouvelles consignes. H\u00e9lo\u00efse Mary, pr\u00e9sidente du BAAM (Bureau d\u2019Accueil et d\u2019Accompagnement des Migrants), est l\u2019invit\u00e9e de #LaMidinale.<\/p>\n","protected":false},"author":1039,"featured_media":30286,"comment_status":"open","ping_status":"open","sticky":false,"template":"","format":"standard","meta":{"_themeisle_gutenberg_block_has_review":false,"footnotes":""},"categories":[238],"tags":[293],"class_list":["post-12765","post","type-post","status-publish","format-standard","has-post-thumbnail","hentry","category-la-midinale","tag-entretien"],"_links":{"self":[{"href":"https:\/\/archives.regards.fr\/index.php?rest_route=\/wp\/v2\/posts\/12765","targetHints":{"allow":["GET"]}}],"collection":[{"href":"https:\/\/archives.regards.fr\/index.php?rest_route=\/wp\/v2\/posts"}],"about":[{"href":"https:\/\/archives.regards.fr\/index.php?rest_route=\/wp\/v2\/types\/post"}],"author":[{"embeddable":true,"href":"https:\/\/archives.regards.fr\/index.php?rest_route=\/wp\/v2\/users\/1039"}],"replies":[{"embeddable":true,"href":"https:\/\/archives.regards.fr\/index.php?rest_route=%2Fwp%2Fv2%2Fcomments&post=12765"}],"version-history":[{"count":0,"href":"https:\/\/archives.regards.fr\/index.php?rest_route=\/wp\/v2\/posts\/12765\/revisions"}],"wp:featuredmedia":[{"embeddable":true,"href":"https:\/\/archives.regards.fr\/index.php?rest_route=\/wp\/v2\/media\/30286"}],"wp:attachment":[{"href":"https:\/\/archives.regards.fr\/index.php?rest_route=%2Fwp%2Fv2%2Fmedia&parent=12765"}],"wp:term":[{"taxonomy":"category","embeddable":true,"href":"https:\/\/archives.regards.fr\/index.php?rest_route=%2Fwp%2Fv2%2Fcategories&post=12765"},{"taxonomy":"post_tag","embeddable":true,"href":"https:\/\/archives.regards.fr\/index.php?rest_route=%2Fwp%2Fv2%2Ftags&post=12765"}],"curies":[{"name":"wp","href":"https:\/\/api.w.org\/{rel}","templated":true}]}}