{"id":12762,"date":"2021-02-10T13:49:04","date_gmt":"2021-02-10T12:49:04","guid":{"rendered":"https:\/\/wp.muchomaas.com\/article-les-moulinets-sur-la-culture-d-un-matamore-comme-louis-aliot-ne-m-interesse-pas\/"},"modified":"2023-06-24T00:11:34","modified_gmt":"2023-06-23T22:11:34","slug":"article-les-moulinets-sur-la-culture-d-un-matamore-comme-louis-aliot-ne-m-interesse-pas","status":"publish","type":"post","link":"https:\/\/archives.regards.fr\/?p=12762","title":{"rendered":"\u00ab Les moulinets sur la culture d\u2019un matamore comme Louis Aliot ne m\u2019int\u00e9ressent pas tellement \u00bb"},"content":{"rendered":"<p class=\"post_excerpt\">Le maire RN de Perpignan Louis Aliot a annonc\u00e9 en grande pompe la r\u00e9ouverture de 4 mus\u00e9es de la ville. Pourtant, la culture n&#8217;a pas attendu l&#8217;extr\u00eame droite pour s&#8217;organiser un peu partout en France. La preuve avec Christophe Adriani, directeur du th\u00e9\u00e2tre Antoine Vitez \u00e0 Ivry-sur-Seine.<\/p>\n<h2>UNE MIDINALE \u00c0 VOIR&#8230;<\/h2>\n<p><iframe loading=\"lazy\" width=\"490\" height=\"276\" src=\"https:\/\/www.youtube.com\/embed\/Sej4VKqR9_I\" frameborder=\"0\" allow=\"accelerometer; autoplay; clipboard-write; encrypted-media; gyroscope; picture-in-picture\" allowfullscreen><\/iframe><\/p>\n<p>&nbsp;<\/p>\n<p><h2>ET \u00c0 LIRE&#8230;<\/h2>\n<p><em>\u00a0<strong>Sur la r\u00e9ouverture de 4 mus\u00e9es \u00e0 Perpignan par le maire RN Louis Aliot<\/em>\u00a0<\/strong><br \/>\n\u00ab\u00a0Le RN m\u00e8ne une bataille culturelle bien relay\u00e9e par les m\u00e9dias qui confine \u00e0 une sorte d\u2019h\u00e9g\u00e9monie sur beaucoup de sujets.\u00a0\u00bb<br \/>\n\u00ab\u00a0La culture, ce n\u2019est pas seulement l\u2019ouverture des mus\u00e9es ou des th\u00e9\u00e2tres, c\u2019est aussi tout un syst\u00e8me de r\u00e9f\u00e9rences et de valeurs, notamment de fraternit\u00e9 et de partage.\u00a0\u00bb<br \/>\n\u00ab\u00a0Les moulinets d\u2019un matamore [comme Louis Aliot] ne m\u2019int\u00e9ressent pas tellement.\u00a0\u00bb<br \/>\n\u00ab\u00a0Les politiques ont beaucoup la parole et pas beaucoup le terrain.\u00a0\u00bb<br \/>\n\u00ab\u00a0Des actes dits de d\u00e9sob\u00e9issances ou, en tous les cas, qui jouent dans les interstices pour proposer des alternatives en \u00e9tant dans le concret, il y en a beaucoup.\u00a0\u00bb<br \/>\n\u00ab\u00a0Le Rassemblement national est en train d\u2019essayer de changer son image &#8211; ce qu\u2019ils n\u2019arriveront pas \u00e0 faire pour des raisons de fond.\u00a0\u00bb<br \/>\n\u00ab\u00a0Quand on est des diviseurs dans la soci\u00e9t\u00e9, on ne peut pas mener la bataille pour la culture.\u00a0\u00bb<br \/>\n\u00ab\u00a0Les logiques de gratuit\u00e9, adoss\u00e9es \u00e0 des politiques d\u2019action culturelle et de vrais liens avec les populations pour faire en sorte que les quartiers populaires fr\u00e9quentent plus les lieux culturels, \u00e7a, c\u2019est une bataille que nous menons depuis des d\u00e9cennies.\u00a0\u00bb<br \/>\n\u00ab\u00a0Les communistes ont \u00e9t\u00e9 pionniers de la politique de d\u00e9centralisation culturelle dans les ann\u00e9es 70.\u00a0\u00bb<\/p>\n<p><em>\u00a0<strong>Sur le contre-r\u00e9cit<\/em>\u00a0<\/strong><br \/>\n\u00ab\u00a0On d\u00e9veloppe un r\u00e9cit dans la lign\u00e9e d\u2019Edouard Glissant : on est pur le tout-monde. Et on fait en sortes que ca se traduise dans les propositions artistiques, des rencontres et des \u0153uvres plurielles avec des racines-rhizomes.\u00a0\u00bb<br \/>\n\u00ab\u00a0Pour moi, avoir un th\u00e9\u00e2tre, c\u2019est cr\u00e9er les conditions de la rencontre entre ce qui se passe au plateau et ce qui se passe dans la salle.\u00a0\u00bb<br \/>\n\u00ab\u00a0La composition de la salle a son importance : la ville nous a, par exemple, donn\u00e9 la mission de faire venir gratuitement, au moins une fois dans l\u2019ann\u00e9e, les enfants au th\u00e9\u00e2tre depuis la petite maternelle jusqu\u2019au CM2, voire jusqu\u2019au lyc\u00e9e.\u00a0\u00bb<\/p>\n<p><em>\u00a0<strong>Sur la vie du th\u00e9\u00e2tre depuis le d\u00e9but de la pand\u00e9mie<\/em>\u00a0<\/strong><br \/>\n\u00ab\u00a0Les capacit\u00e9s d\u2019invention ont souvent \u00e9t\u00e9 emp\u00each\u00e9es par les conditions objectives, notamment l\u2019isolement des acteurs.\u00a0\u00bb<br \/>\n\u00ab\u00a0Ce qui nous a rendus r\u00e9actifs \u00e0 Ivry-sur-Seine, c\u2019est la solidarit\u00e9 des acteurs.\u00a0\u00bb<br \/>\n\u00ab\u00a0Toutes les inventions qu\u2019on a pu faire, ce n\u2019est pas moi et mon \u00e9quipe qui les avons faites mais tout un r\u00e9seau d\u2019acteurs publics de la culture et d\u2019artistes que l\u2019on a d\u00e9sisol\u00e9s.\u00a0\u00bb<br \/>\n\u00ab\u00a0Chacun \u00e9tait \u00e0 sa place dans cette bataille : nous, service public, on n\u2019\u00e9tait pas en situation de difficult\u00e9 financi\u00e8re. Il fallait mettre des financements dans la r\u00e9mun\u00e9ration des artistes ou des associations d\u2019\u00e9ducation populaire qui, eux, pouvaient l\u2019\u00eatre.\u00a0\u00bb<br \/>\n\u00ab\u00a0Je ne sais pas si on peut parler de d\u00e9sob\u00e9issance par rapport \u00e0 ce que l\u2019on a fait : on l\u2019a fait sans autorisation du pr\u00e9fet et avec l\u2019aval tacite de la municipalit\u00e9. On a pris un risque vis-\u00e0-vis de la police.\u00a0\u00bb<br \/>\n\u00ab\u00a0En allant dans les quartiers, on a vu les gens descendre de leurs immeubles et on a fait de la p\u00e9dagogie : on a organis\u00e9 la distanciation physique, on a expliqu\u00e9 le port du masque\u2026\u00a0\u00bb<\/p>\n<p><em>\u00a0<strong>Sur le caract\u00e8re essentiel de la culture<\/em>\u00a0<\/strong><br \/>\n\u00ab\u00a0Le caract\u00e8re tr\u00e8s important de la culture s\u2019est manifest\u00e9 d\u00e8s que l\u2019on a pu rouvrir apr\u00e8s le premier confinement : les gens ont repris respiration.\u00a0\u00bb<br \/>\n\u00ab\u00a0D\u00e8s que l\u2019on sortait le chariot, \u00e7a circulait comme une train\u00e9e de poudre sur les r\u00e9seaux sociaux.\u00a0\u00bb<br \/>\n\u00ab\u00a0Ce qui est essentiel pour survivre, il faut manger tous les jours. Mais pour faire humanit\u00e9, on a besoin de s\u2019enivrer de vin, de po\u00e9sie ou de vertu \u00e0 votre guise, comme l\u2019\u00e9crivait Baudelaire.\u00a0\u00bb<br \/>\n\u00ab\u00a0On fait face \u00e0 une crise majeure de ce qui nous fait humain et de ce qui nous permet de tenir droit.\u00a0\u00bb<br \/>\n\u00ab\u00a0On peut se passer de po\u00e9sie, de lieux de rassemblement et de terrasse mais on va consommer beaucoup d\u2019anti-d\u00e9presseurs.\u00a0\u00bb<\/p>\n<p><em>\u00a0<strong>Sur CultureBox, la nouvelle cha\u00eene de t\u00e9l\u00e9vision<\/em>\u00a0<\/strong><br \/>\n\u00ab\u00a0Le th\u00e9\u00e2tre \u00e0 la t\u00e9l\u00e9vision, c\u2019est-\u00e0-dire en vid\u00e9o, \u00e7a ne marche pas.\u00a0\u00bb<br \/>\n\u00ab\u00a0La logique, c\u2019est de dire que l\u2019on va r\u00e9mun\u00e9rer des acteurs pour montrer leurs spectacles et maintenir la flamme : je n\u2019y sois pas hostile mais je trouve que la t\u00e9l\u00e9vision le fait tr\u00e8s mal. Notamment parce qu\u2019elle ne s\u2019appuie pas sur le direct qui remettrait en jeu le vivant.\u00a0\u00bb<br \/>\n\u00ab\u00a0On a travaill\u00e9 avec de la radio et c\u2019est diff\u00e9rent : on peut fermer les yeux et se projeter dans la repr\u00e9sentation. Mais pour le th\u00e9\u00e2tre, je n\u2019y crois pas, c\u2019est trop triste et pas tr\u00e8s int\u00e9ressant.\u00a0\u00bb<br \/>\n\u00ab\u00a0Je ne suis pas inquiet du tout : d\u00e8s que l\u2019on va pouvoir rouvrir, les gens vont avoir un app\u00e9tit pour les rassemblements artistiques.\u00a0\u00bb<\/p>\n<p><em>\u00a0<strong>Sur r\u00e9ouverture des lieux culturels<\/em>\u00a0<\/strong><br \/>\n\u00ab\u00a0On attend les \u00e9tapes pour aller vers la r\u00e9ouverture de la part du Minist\u00e8re de la Culture.\u00a0\u00bb<br \/>\n\u00ab\u00a0Il faut revendiquer l\u2019ouverture des mus\u00e9es : d\u00e8s aujourd\u2019hui, je ne vois aucune objection \u00e0 ce qu\u2019on trouve des conditions sanitaires optimum de visite de mus\u00e9es.\u00a0\u00bb<br \/>\n\u00ab\u00a0Les th\u00e9\u00e2tres, quand ils s\u2019ouvrent aux scolaires, on peut faire beaucoup mieux que lorsque l\u2019on va dans les \u00e9coles &#8211; ce que l\u2019on fait aujourd\u2019hui et dont on en se prive pas.\u00a0\u00bb<div id='gallery-1' class='gallery galleryid-12762 gallery-columns-3 gallery-size-thumbnail'><figure class='gallery-item'>\n\t\t\t<div class='gallery-icon landscape'>\n\t\t\t\t<a href='https:\/\/archives.regards.fr\/wp-content\/uploads\/2021\/02\/capture_d_e_cran_2021-02-10_a_13-ba5.45.13.png'><img loading=\"lazy\" decoding=\"async\" width=\"150\" height=\"150\" src=\"https:\/\/archives.regards.fr\/wp-content\/uploads\/2021\/02\/capture_d_e_cran_2021-02-10_a_13-ba5.45.13-150x150.png\" class=\"attachment-thumbnail size-thumbnail\" alt=\"capture_d_e_cran_2021-02-10_a_13.45.13.png\" \/><\/a>\n\t\t\t<\/div><\/figure>\n\t\t<\/div>\n<\/p>\n","protected":false},"excerpt":{"rendered":"<p>Le maire RN de Perpignan Louis Aliot a annonc\u00e9 en grande pompe la r\u00e9ouverture de 4 mus\u00e9es de la ville. Pourtant, la culture n&#8217;a pas attendu l&#8217;extr\u00eame droite pour s&#8217;organiser un peu partout en France. La preuve avec Christophe Adriani, directeur du th\u00e9\u00e2tre Antoine Vitez \u00e0 Ivry-sur-Seine.<\/p>\n","protected":false},"author":1204,"featured_media":30282,"comment_status":"open","ping_status":"open","sticky":false,"template":"","format":"standard","meta":{"_themeisle_gutenberg_block_has_review":false,"footnotes":""},"categories":[238],"tags":[293],"class_list":["post-12762","post","type-post","status-publish","format-standard","has-post-thumbnail","hentry","category-la-midinale","tag-entretien"],"_links":{"self":[{"href":"https:\/\/archives.regards.fr\/index.php?rest_route=\/wp\/v2\/posts\/12762","targetHints":{"allow":["GET"]}}],"collection":[{"href":"https:\/\/archives.regards.fr\/index.php?rest_route=\/wp\/v2\/posts"}],"about":[{"href":"https:\/\/archives.regards.fr\/index.php?rest_route=\/wp\/v2\/types\/post"}],"author":[{"embeddable":true,"href":"https:\/\/archives.regards.fr\/index.php?rest_route=\/wp\/v2\/users\/1204"}],"replies":[{"embeddable":true,"href":"https:\/\/archives.regards.fr\/index.php?rest_route=%2Fwp%2Fv2%2Fcomments&post=12762"}],"version-history":[{"count":0,"href":"https:\/\/archives.regards.fr\/index.php?rest_route=\/wp\/v2\/posts\/12762\/revisions"}],"wp:featuredmedia":[{"embeddable":true,"href":"https:\/\/archives.regards.fr\/index.php?rest_route=\/wp\/v2\/media\/30282"}],"wp:attachment":[{"href":"https:\/\/archives.regards.fr\/index.php?rest_route=%2Fwp%2Fv2%2Fmedia&parent=12762"}],"wp:term":[{"taxonomy":"category","embeddable":true,"href":"https:\/\/archives.regards.fr\/index.php?rest_route=%2Fwp%2Fv2%2Fcategories&post=12762"},{"taxonomy":"post_tag","embeddable":true,"href":"https:\/\/archives.regards.fr\/index.php?rest_route=%2Fwp%2Fv2%2Ftags&post=12762"}],"curies":[{"name":"wp","href":"https:\/\/api.w.org\/{rel}","templated":true}]}}