{"id":12756,"date":"2021-02-09T11:00:15","date_gmt":"2021-02-09T10:00:15","guid":{"rendered":"https:\/\/wp.muchomaas.com\/article-christophe-ventura-bolsonaro-a-reussi-a-attirer-un-nouvel-electorat-beaucoup\/"},"modified":"2023-06-24T00:11:32","modified_gmt":"2023-06-23T22:11:32","slug":"article-christophe-ventura-bolsonaro-a-reussi-a-attirer-un-nouvel-electorat-beaucoup","status":"publish","type":"post","link":"https:\/\/archives.regards.fr\/?p=12756","title":{"rendered":"Christophe Ventura : \u00ab Bolsonaro a r\u00e9ussi \u00e0 attirer un nouvel \u00e9lectorat beaucoup plus populaire \u00bb"},"content":{"rendered":"<p class=\"post_excerpt\">Quelle gestion pour les pays d&#8217;Am\u00e9rique latine de la pand\u00e9mie de Covid-19 ? Quels enseignements tirer du premier tour de l&#8217;\u00e9lection pr\u00e9sidentielle en Equateur ? Le vaccin cubain peut-il \u00eatre une source d&#8217;espoir ? On en parle avec Christophe Ventura, directeur de recherche \u00e0 l&#8217;IRIS, sp\u00e9cialiste de l&#8217;Am\u00e9rique latine.<\/p>\n<h2>UNE MIDINALE \u00c0 VOIR&#8230;<\/h2>\n<p><iframe loading=\"lazy\" width=\"490\" height=\"276\" src=\"https:\/\/www.youtube.com\/embed\/VLvZErotBuk\" frameborder=\"0\" allow=\"accelerometer; autoplay; clipboard-write; encrypted-media; gyroscope; picture-in-picture\" allowfullscreen><\/iframe><\/p>\n<p>&nbsp;<\/p>\n<p><h2>ET \u00c0 LIRE&#8230;<\/h2>\n<p><em>\u00a0<strong>Sur la situation sanitaire et \u00e9conomique en Am\u00e9rique latine<\/em>\u00a0<\/strong><br \/>\n\u00ab\u00a0La situation est presque homog\u00e8ne dans les pays d\u2019Am\u00e9rique latine si on met de c\u00f4t\u00e9 Cuba, le V\u00e9n\u00e9zuela, l\u2019Uruguay et le Paraguay. Le reste de l\u2019Am\u00e9rique latine est durement frapp\u00e9 par la pand\u00e9mie. Tout style de gestion confondue, le r\u00e9sultat est le m\u00eame.\u00a0\u00bb<br \/>\n\u00ab\u00a0\u00c0 part le Br\u00e9sil, l\u2019Argentine et le Mexique, aucun pays d\u2019Am\u00e9rique latine n\u2019est capable de produire de vaccins.\u00a0Et ceux qui sont capables de le faire, ils n\u2019ont pas toujours les brevets pour le faire \u00e0 part le Mexique et l\u2019Argentine qui ont un partenariat avec AstraZeneca. \u00bb<br \/>\n\u00ab\u00a0Il faut rappeler qu\u2019en Am\u00e9rique latine, un travailleur sur deux travaille dans un secteur informel, c\u2019est-\u00e0-dire au noir.\u00a0Ces gens-l\u00e0 n\u2019ont pas de protection sociale. Et s\u2019ils ne travaillent plus, ils n\u2019ont plus de revenus. Donc le confinement est compliqu\u00e9. \u00bb<\/p>\n<p><em>\u00a0<strong>Sur le vaccin cubain<\/em>\u00a0<\/strong><br \/>\n\u00ab\u00a0Quoi qu\u2019on pense des autorit\u00e9s cubaines, ils ne font pas de bluff. Le syst\u00e8me de sant\u00e9 est le plus avanc\u00e9 d\u2019Am\u00e9rique latine et sans doute l\u2019un des meilleurs au monde &#8211; notamment sur les biotechnologies.\u00a0\u00bb<br \/>\n\u00ab\u00a0Pour les cubains, ce vaccin est vital et il pourrait m\u00eame attirer les gens \u00e0 Cuba pour se faire vacciner. C\u2019est je crois une strat\u00e9gie du gouvernement parce que le tourisme est un secteur clef pour relancer l\u2019\u00e9conomie.\u00a0\u00bb<\/p>\n<p><em>\u00a0<strong>Sur la pr\u00e9sidentielle en Equateur\u00a0<\/em>\u00a0<\/strong><br \/>\n\u00ab\u00a0Yaku P\u00e9rez est quelqu\u2019un qui a r\u00e9ussi \u00e0 agglom\u00e9rer autour de lui un socle de positionnements divers : \u00e9cologiste, indig\u00e8ne.\u00a0Il agglom\u00e8re autour de lui tout un arc de m\u00e9contents de la politique &#8211; notamment de la gauche de Correa [l\u2019ancien pr\u00e9sident]. \u00bb<br \/>\n\u00ab\u00a0L\u2019\u00e9lectorat de Yaku P\u00e9rez n\u2019a pas une coh\u00e9rence id\u00e9ologique et politique durable.\u00a0\u00bb<br \/>\n\u00ab\u00a0Yaku P\u00e9rez est la surprise de l\u2019\u00e9lection.\u00a0\u00bb<br \/>\n\u00ab\u00a0Yaku P\u00e9rez parle de fraude \u00e9lectorale qui lierait tous les autres candidats pour l\u2019emp\u00eacher d\u2019acc\u00e9der au second tour.\u00a0\u00bb<br \/>\n\u00ab\u00a0Les passifs sont lourds entre une partie de la gauche et le correisme.\u00a0\u00bb<br \/>\n\u00ab\u00a0Andr\u00e9s Arauz [le candidat socialiste] a une prime \u00e0 la victoire. Il a fait 30% des voix.\u00a0\u00bb<br \/>\n\u00ab\u00a0Alors que le vote est obligatoire en Equateur, il y avait 18% d\u2019abstention et 12% de votes blanc et ind\u00e9cis. \u00c7a veut dire que 30% des gens au premier tour n\u2019ont pas vot\u00e9 pour un des 16 candidats en lice. Une partie de la r\u00e9ponse du deuxi\u00e8me tour c\u2019est : que vont faire ces gens-l\u00e0. Pour qui vont-ils voter ? \u00bb<br \/>\n\u00ab Quel que soit le pr\u00e9sident qui va sortir, les difficult\u00e9s seront l\u00e0 : on ne vote pas que pour le pr\u00e9sident mais aussi pour l\u2019Assembl\u00e9e nationale. Il y aura des difficult\u00e9s \u00e0 construire des majorit\u00e9s. \u00c7a remettra sur le tapis, de mani\u00e8re un peu obligatoire, des discussions entre des gens qui ne se sont plus parl\u00e9s depuis ces quatre\/cinq derni\u00e8res ann\u00e9es (\u2026).\u00bb\u00a0<br \/>\n\u00ab\u00a0Le contexte de crise sanitaire et \u00e9conomique poussera sans doute \u00e0 des discussions politiques pour d\u00e9passer les lignes fig\u00e9es qui caract\u00e9risent ce moment \u00e9lectoral.\u00a0\u00bb<\/p>\n<p><em>\u00a0<strong>Sur Jair Bolsonaro et sur le Br\u00e9sil<\/em>\u00a0<\/strong><br \/>\n\u00ab\u00a0Il faut regarder la v\u00e9rit\u00e9 en face et elle est assez d\u00e9sar\u00e7onnante : Bolsonaro jouit toujours d\u2019une popularit\u00e9 importante au Br\u00e9sil avec pr\u00e8s de 40% des Br\u00e9siliens qui le soutiennent.\u00a0\u00bb<br \/>\n\u00ab\u00a0La crise du Covid-19 a fait perdre \u00e0 Bolsonaro une grande partie des soutiens qui l\u2019avaient \u00e9lu en 2018, notamment les classes moyennes urbaines (\u2026). Il a perdu cet \u00e9lectorat qui a rejet\u00e9 sa gestion calamiteuse de la pand\u00e9mie et sa corruption mais il a r\u00e9ussi \u00e0 s\u2019attirer un \u00e9lectorat nouveau, beaucoup plus populaire.\u00a0\u00bb<br \/>\n\u00ab\u00a0Bolsonaro offre de l\u2019argent aux cat\u00e9gories populaires : il veut leur offrir le droit de travailler et de toucher un revenu. Il d\u00e9fend l\u2019\u00e9conomie.\u00a0\u00bb<br \/>\n\u00ab\u00a0Au grand dam des march\u00e9s financiers et des \u00e9lites \u00e9conomiques, Bolsonaro a mis en place un plan demand\u00e9 par ses opposants, notamment par le Parti des Travailleurs : il s\u2019agissait d\u2019une lettre d\u2019urgence qui a co\u00fbt\u00e9 60 milliards de dollars au Br\u00e9sil (\u2026). Mais Bolsonaro a du arr\u00eater ce plan fin d\u00e9cembre\u2026 Le probl\u00e8me, c\u2019est que les march\u00e9s financiers lui demandent d\u2019arr\u00eater les d\u00e9penses publiques et de serrer les finances. \u00bb<br \/>\n\u00ab\u00a0Aujourd\u2019hui, Bolsonaro n\u2019est pas encore d\u00e9fait et la gauche n\u2019est pas en mesure de reprendre la direction des op\u00e9rations sur le plan politique car malheureusement, le mouvement n\u2019est pas encore m\u00fbr.\u00a0\u00bb<\/p>\n<p><em>\u00a0<strong>Sur la fin du populisme de la France insoumise ?<\/em>\u00a0<\/strong><br \/>\n\u00ab\u00a0Ce que l\u2019on met derri\u00e8re le mot populisme est loin d\u2019\u00eatre fini.\u00a0\u00bb<br \/>\n\u00ab\u00a0La vague de d\u00e9gagisme et de d\u00e9fiance vis-\u00e0-vis des institutions, au gouvernement, aux organisations interm\u00e9diaires continue de se d\u00e9velopper car les raisons qui l\u2019expliquent continuent de s\u2019aiguiser &#8211; la crise sanitaire mondiale n\u2019en est qu\u2019un acc\u00e9l\u00e9rateur.\u00a0\u00bb<br \/>\n\u00ab\u00a0Ce qui est compliqu\u00e9 en France, c\u2019est que tout est sous la cloche du Covid-19 : il n\u2019y a pas de d\u00e9bat politique.\u00a0\u00bb<br \/>\n\u00ab\u00a0Aujourd\u2019hui, Jean-Luc M\u00e9lenchon se lance dans une campagne pr\u00e9sidentielle tr\u00e8s t\u00f4t, sur le terrain, notamment num\u00e9rique.\u00a0\u00bb<br \/>\n\u00ab\u00a0La phase politique n\u2019est pas dans le d\u00e9ploiement d\u2019une strat\u00e9gie offensive qui vise \u00e0 d\u00e9border les clivages traditionnels.\u00a0\u00bb<br \/>\n\u00ab\u00a0Tous les fondamentaux de la campagne de Jean-Luc M\u00e9lenchon en 2017 sont \u00e0 nouveau au rendez-vous.\u00a0\u00bb<br \/>\n\u00ab\u00a0Le paysage politique s\u2019est modifi\u00e9 depuis 2017 et Jean-Luc M\u00e9lenchon est bien oblig\u00e9 de tester des strat\u00e9gies d\u2019alliances avec eux.\u00a0\u00bb<div id='gallery-1' class='gallery galleryid-12756 gallery-columns-3 gallery-size-thumbnail'><figure class='gallery-item'>\n\t\t\t<div class='gallery-icon landscape'>\n\t\t\t\t<a href='https:\/\/archives.regards.fr\/wp-content\/uploads\/2021\/02\/capture_d_e_cran_2021-02-09_a_10-2cb.56.29.png'><img loading=\"lazy\" decoding=\"async\" width=\"150\" height=\"150\" src=\"https:\/\/archives.regards.fr\/wp-content\/uploads\/2021\/02\/capture_d_e_cran_2021-02-09_a_10-2cb.56.29-150x150.png\" class=\"attachment-thumbnail size-thumbnail\" alt=\"capture_d_e_cran_2021-02-09_a_10.56.29.png\" \/><\/a>\n\t\t\t<\/div><\/figure>\n\t\t<\/div>\n<\/p>\n","protected":false},"excerpt":{"rendered":"<p>Quelle gestion pour les pays d&#8217;Am\u00e9rique latine de la pand\u00e9mie de Covid-19 ? Quels enseignements tirer du premier tour de l&#8217;\u00e9lection pr\u00e9sidentielle en Equateur ? Le vaccin cubain peut-il \u00eatre une source d&#8217;espoir ? On en parle avec Christophe Ventura, directeur de recherche \u00e0 l&#8217;IRIS, sp\u00e9cialiste de l&#8217;Am\u00e9rique latine.<\/p>\n","protected":false},"author":1204,"featured_media":30278,"comment_status":"open","ping_status":"open","sticky":false,"template":"","format":"standard","meta":{"_themeisle_gutenberg_block_has_review":false,"footnotes":""},"categories":[238],"tags":[293],"class_list":["post-12756","post","type-post","status-publish","format-standard","has-post-thumbnail","hentry","category-la-midinale","tag-entretien"],"_links":{"self":[{"href":"https:\/\/archives.regards.fr\/index.php?rest_route=\/wp\/v2\/posts\/12756","targetHints":{"allow":["GET"]}}],"collection":[{"href":"https:\/\/archives.regards.fr\/index.php?rest_route=\/wp\/v2\/posts"}],"about":[{"href":"https:\/\/archives.regards.fr\/index.php?rest_route=\/wp\/v2\/types\/post"}],"author":[{"embeddable":true,"href":"https:\/\/archives.regards.fr\/index.php?rest_route=\/wp\/v2\/users\/1204"}],"replies":[{"embeddable":true,"href":"https:\/\/archives.regards.fr\/index.php?rest_route=%2Fwp%2Fv2%2Fcomments&post=12756"}],"version-history":[{"count":0,"href":"https:\/\/archives.regards.fr\/index.php?rest_route=\/wp\/v2\/posts\/12756\/revisions"}],"wp:featuredmedia":[{"embeddable":true,"href":"https:\/\/archives.regards.fr\/index.php?rest_route=\/wp\/v2\/media\/30278"}],"wp:attachment":[{"href":"https:\/\/archives.regards.fr\/index.php?rest_route=%2Fwp%2Fv2%2Fmedia&parent=12756"}],"wp:term":[{"taxonomy":"category","embeddable":true,"href":"https:\/\/archives.regards.fr\/index.php?rest_route=%2Fwp%2Fv2%2Fcategories&post=12756"},{"taxonomy":"post_tag","embeddable":true,"href":"https:\/\/archives.regards.fr\/index.php?rest_route=%2Fwp%2Fv2%2Ftags&post=12756"}],"curies":[{"name":"wp","href":"https:\/\/api.w.org\/{rel}","templated":true}]}}