{"id":12755,"date":"2021-02-08T12:56:18","date_gmt":"2021-02-08T11:56:18","guid":{"rendered":"https:\/\/wp.muchomaas.com\/article-dr-benarous-on-a-les-moyens-de-contraindre-les-laboratoires-pharmaceutiques-a\/"},"modified":"2023-06-24T00:11:31","modified_gmt":"2023-06-23T22:11:31","slug":"article-dr-benarous-on-a-les-moyens-de-contraindre-les-laboratoires-pharmaceutiques-a","status":"publish","type":"post","link":"https:\/\/archives.regards.fr\/?p=12755","title":{"rendered":"Dr. Benarous : \u00abOn a les moyens de contraindre les laboratoires pharmaceutiques \u00e0 lever les brevets \u00bb"},"content":{"rendered":"<p class=\"post_excerpt\">Tout le monde en convient, les vaccins doivent \u00eatre un bien public mondial, accessible de tous. Pour autant, rien n\u2019est fait dans ce sens. Les politiques ont-ils encore du pouvoir ? Le Dr. Richard Benarous, ex-directeur du d\u00e9partement des maladies infectieuses \u00e0 l\u2019institut Cochin, lance une p\u00e9tition pour exiger la lev\u00e9e des brevets. Il est l\u2019invit\u00e9 de #LaMidinale\u200b.<\/p>\n<h2>UNE MIDINALE \u00c0 VOIR&#8230;<\/h2>\n<p><iframe loading=\"lazy\" width=\"490\" height=\"276\" src=\"https:\/\/www.youtube.com\/embed\/7kCzyU_rtO0\" frameborder=\"0\" allow=\"accelerometer; autoplay; clipboard-write; encrypted-media; gyroscope; picture-in-picture\" allowfullscreen><\/iframe><\/p>\n<p>&nbsp;<\/p>\n<p><h2>ET \u00c0 LIRE&#8230;<\/h2>\n<p><em> <strong>Sur les vaccins comme bien public mondial <\/strong>  <\/em><br \/>\n\u00ab Il n\u2019y a pas de volont\u00e9 politique du c\u00f4t\u00e9 de la France. \u00bb<br \/>\n\u00ab Tout le monde en convient, le pr\u00e9sident Macron, Merkel, l\u2019ensemble de l\u2019Union europ\u00e9enne : les vaccins doivent \u00eatre un bien public mais strictement rien n\u2019est fait pour obtenir cet objectif. \u00bb<br \/>\n\u00ab On a les moyens de contraindre les laboratoires pharmaceutiques. Nous ne voulons pas les spolier ni les bouleverser mais nous voulons que les licences soient accord\u00e9es \u00e0 toutes les entreprises pharmaceutiques mondiales capables de faire des vaccins. \u00bb<br \/>\n\u00ab Il y a urgence absolue \u00e0 vacciner tout le monde et quand je dis tout le monde, c\u2019est toute la population mondiale. Il est extr\u00eamement dangereux de laisser des foyers se d\u00e9velopper comme c\u2019est le cas au Br\u00e9sil. Les laisser se d\u00e9velopper c\u2019est laisser aussi les variants se d\u00e9velopper. \u00bb<br \/>\n\u00ab La gratuit\u00e9 pourrait \u00eatre possible quand on voit les milliards de chiffres d\u2019affaires, comme c\u2019est le cas de Pfizer, qui a par ailleurs b\u00e9n\u00e9fici\u00e9 de beaucoup d\u2019argent public. \u00bb<br \/>\n\u00ab L\u2019OMS est toute seule. Et elle n\u2019a pas les moyens de contraindre toute seule les laboratoires pharmaceutiques d\u2019accorder les licences. \u00bb<br \/>\n\u00ab Il est juridiquement pr\u00e9vu la possibilit\u00e9 de lever les contraintes des entreprises : on peut faire ce qu\u2019on appelle les licences d\u2019office qui pourraient aboutir \u00e0 la gratuit\u00e9. \u00bb<br \/>\n\u00ab Les entreprises vont comprendre qu\u2019elles ont int\u00e9r\u00eat \u00e0 accorder des licences aux entreprises qui sont capables de produire les vaccins. \u00bb<br \/>\n\u00ab On peut mobiliser, r\u00e9quisitionner s\u2019il y a une r\u00e9ticence majeure, les outils de production pour produire les vaccins. \u00bb<\/p>\n<p><em> <strong>Sur le retard de la France en mati\u00e8re de recherche m\u00e9dicale<\/strong> <\/em><br \/>\n\u00ab Non, les pays europ\u00e9ens n\u2019ont pas abandonn\u00e9 la recherche en mati\u00e8re de vaccins. \u00bb<br \/>\n\u00ab Moderna a \u00e9t\u00e9 d\u00e9velopp\u00e9 par beaucoup de hauts cadres de Sanofi. \u00bb<br \/>\n\u00ab BioNTech est une entreprise allemande, europ\u00e9enne de biotechnologies. \u00bb<br \/>\n\u00ab L\u2019institut Pasteur a d\u00e9velopp\u00e9 des voies int\u00e9ressantes sans y parvenir encore mais il y a des choses int\u00e9ressantes qui sortent. \u00bb<br \/>\n\u00ab En France, il y a un d\u00e9faut de financement de la recherche publique fondamentale et des biotechnologies. Il n\u2019y a pas de relations fortes entre l\u2019industrie pharmaceutique et les entreprises de biotechnologies. \u00bb<br \/>\n\u00ab En France, les entreprises comme Sanofi vont faire leur march\u00e9 aux Etats-Unis. \u00bb<br \/>\n\u00ab Le gouvernement et le pr\u00e9sident Macron ont pris la bonne d\u00e9cision de cr\u00e9er une agence de recherche sur les maladies infectieuses en absorbant l\u2019ANRS (l\u2019Agence nationale de recherches sur le sida et les h\u00e9patites virales) : ils lui ont donn\u00e9 2 millions d\u2019argent suppl\u00e9mentaires. On fait face \u00e0 une pand\u00e9mie, on sait qu\u2019il y en aura d\u2019autres et on ne donne que 2 millions ? \u00bb<\/p>\n<p><em> <strong>Sur le confinement et la strat\u00e9gie du gouvernement <\/strong>  <\/em><br \/>\n\u00ab Arnaud Fontanet a raison (\u2026) : les sp\u00e9cialistes sont assez pessimistes quant au d\u00e9veloppement de l\u2019infection en France et en Europe. Un reconfinement sera s\u00fbrement indispensable. \u00bb<br \/>\n\u00ab On sait qu\u2019un reconfinement poserait des probl\u00e8mes : il faut arbitrer mais ne pas jeter la pierre \u00e0 tout le monde. \u00bb<br \/>\n\u00ab L\u2019urgence premi\u00e8re, ce sont les vaccins. \u00bb<\/p>\n<p><em> <strong>Sur la d\u00e9mocratie sanitaire<\/strong> <\/em><br \/>\n\u00ab Il y a une insuffisance de mobilisation globale et de d\u00e9cisions partag\u00e9es avec les entreprises, les enseignants, les universit\u00e9s et les diff\u00e9rentes organisations. \u00bb<br \/>\n\u00ab On court apr\u00e8s le virus, c\u2019est lui qui m\u00e8ne la danse. Il faut l\u2019arr\u00eater avec les vaccins et les antiviraux. \u00bb<br \/>\n\u00ab Il faut penser aux antiviraux. La recherche sur les antiviraux, qui sera plus longue, doit b\u00e9n\u00e9ficier de moyens importants. \u00bb<\/p>\n<p><em> <strong>Sur les brevets sur toutes les recherches<\/strong> <\/em><br \/>\n\u00ab Il faudrait revoir les r\u00e8gles juridiques sur les brevets : c\u2019est une n\u00e9gociation qui sera longue et qui demande r\u00e9flexion. \u00bb<br \/>\n\u00ab Ce qu\u2019il y a d\u2019int\u00e9ressant avec les brevets, m\u00eame ceux qui durent 20 ans, c\u2019est qu\u2019ils obligent \u00e0 publier les r\u00e9sultats technologiques. \u00bb<br \/>\n\u00ab Aujourd\u2019hui, on a trop tendance \u00e0 privil\u00e9gier la propri\u00e9t\u00e9 priv\u00e9e par rapport \u00e0 la publication. \u00bb<div id='gallery-1' class='gallery galleryid-12755 gallery-columns-3 gallery-size-thumbnail'><figure class='gallery-item'>\n\t\t\t<div class='gallery-icon landscape'>\n\t\t\t\t<a href='https:\/\/archives.regards.fr\/wp-content\/uploads\/2021\/02\/screenshot_2021-02-08_at_12-ad4.55.19.png'><img loading=\"lazy\" decoding=\"async\" width=\"150\" height=\"150\" src=\"https:\/\/archives.regards.fr\/wp-content\/uploads\/2021\/02\/screenshot_2021-02-08_at_12-ad4.55.19-150x150.png\" class=\"attachment-thumbnail size-thumbnail\" alt=\"screenshot_2021-02-08_at_12.55.19.png\" \/><\/a>\n\t\t\t<\/div><\/figure>\n\t\t<\/div>\n<\/p>\n","protected":false},"excerpt":{"rendered":"<p>Tout le monde en convient, les vaccins doivent \u00eatre un bien public mondial, accessible de tous. Pour autant, rien n\u2019est fait dans ce sens. Les politiques ont-ils encore du pouvoir ? Le Dr. Richard Benarous, ex-directeur du d\u00e9partement des maladies infectieuses \u00e0 l\u2019institut Cochin, lance une p\u00e9tition pour exiger la lev\u00e9e des brevets. Il est l\u2019invit\u00e9 de #LaMidinale\u200b.<\/p>\n","protected":false},"author":1039,"featured_media":30276,"comment_status":"open","ping_status":"open","sticky":false,"template":"","format":"standard","meta":{"_themeisle_gutenberg_block_has_review":false,"footnotes":""},"categories":[238],"tags":[293],"class_list":["post-12755","post","type-post","status-publish","format-standard","has-post-thumbnail","hentry","category-la-midinale","tag-entretien"],"_links":{"self":[{"href":"https:\/\/archives.regards.fr\/index.php?rest_route=\/wp\/v2\/posts\/12755","targetHints":{"allow":["GET"]}}],"collection":[{"href":"https:\/\/archives.regards.fr\/index.php?rest_route=\/wp\/v2\/posts"}],"about":[{"href":"https:\/\/archives.regards.fr\/index.php?rest_route=\/wp\/v2\/types\/post"}],"author":[{"embeddable":true,"href":"https:\/\/archives.regards.fr\/index.php?rest_route=\/wp\/v2\/users\/1039"}],"replies":[{"embeddable":true,"href":"https:\/\/archives.regards.fr\/index.php?rest_route=%2Fwp%2Fv2%2Fcomments&post=12755"}],"version-history":[{"count":0,"href":"https:\/\/archives.regards.fr\/index.php?rest_route=\/wp\/v2\/posts\/12755\/revisions"}],"wp:featuredmedia":[{"embeddable":true,"href":"https:\/\/archives.regards.fr\/index.php?rest_route=\/wp\/v2\/media\/30276"}],"wp:attachment":[{"href":"https:\/\/archives.regards.fr\/index.php?rest_route=%2Fwp%2Fv2%2Fmedia&parent=12755"}],"wp:term":[{"taxonomy":"category","embeddable":true,"href":"https:\/\/archives.regards.fr\/index.php?rest_route=%2Fwp%2Fv2%2Fcategories&post=12755"},{"taxonomy":"post_tag","embeddable":true,"href":"https:\/\/archives.regards.fr\/index.php?rest_route=%2Fwp%2Fv2%2Ftags&post=12755"}],"curies":[{"name":"wp","href":"https:\/\/api.w.org\/{rel}","templated":true}]}}