{"id":12748,"date":"2021-02-04T11:39:27","date_gmt":"2021-02-04T10:39:27","guid":{"rendered":"https:\/\/wp.muchomaas.com\/article-hugo-partouche-le-proces-de-l-affaire-du-siecle-a-deja-des-consequences\/"},"modified":"2023-06-24T00:11:24","modified_gmt":"2023-06-23T22:11:24","slug":"article-hugo-partouche-le-proces-de-l-affaire-du-siecle-a-deja-des-consequences","status":"publish","type":"post","link":"https:\/\/archives.regards.fr\/?p=12748","title":{"rendered":"Hugo Partouche : \u00ab Le proc\u00e8s de l&#8217;Affaire du Si\u00e8cle a d\u00e9j\u00e0 des cons\u00e9quences politiques \u00bb"},"content":{"rendered":"<p class=\"post_excerpt\">Quatre ONG se sont engag\u00e9es dans une proc\u00e9dure contre l\u2019Etat pour inaction climatique. C\u2019est ce qu\u2019on a appel\u00e9 l\u2019Affaire du Si\u00e8cle appuy\u00e9e par une p\u00e9tition qui a recueilli plus de deux millions de signatures. Le verdict est tomb\u00e9 hier. C\u2019est historique, affirment les associations : le tribunal administratif a reconnu des carences fautives dans la lutte pour le climat, un pr\u00e9judice moral et \u00e9cologique et pointe directement la responsabilit\u00e9 de l\u2019\u00c9tat dans le r\u00e9chauffement climatique. Hugo Partouche, avocat p\u00e9naliste au cabinet Vigo en charge de l&#8217;affaire, est l&#8217;invit\u00e9 de la Midinale.<\/p>\n<h2>UNE MIDINALE \u00c0 VOIR&#8230;<\/h2>\n<p><iframe loading=\"lazy\" width=\"490\" height=\"276\" src=\"https:\/\/www.youtube.com\/embed\/ncb7eyy9q6o\" frameborder=\"0\" allow=\"accelerometer; autoplay; clipboard-write; encrypted-media; gyroscope; picture-in-picture\" allowfullscreen><\/iframe><\/p>\n<p>&nbsp;<\/p>\n<p><h2>ET \u00c0 LIRE&#8230;<\/h2>\n<p><em>\u00a0<strong>Sur les cons\u00e9quences de la d\u00e9cision de justice<\/em>\u00a0<\/strong><br \/>\n\u00ab\u00a0Avant le proc\u00e8s, l\u2019Affaire du si\u00e8cle avait d\u00e9j\u00e0 commenc\u00e9 \u00e0 faire changer les choses : la convention citoyenne pour le climat est une cons\u00e9quence assez directe de ces actions de justice climatique.\u00bb<br \/>\n\u00ab\u00a0Sur la d\u00e9cision d\u2019hier, ce que \u00e7a change, c\u2019est que les personnes publiques &#8211; qu\u2019il s\u2019agisse de l\u2019Etat ou des collectivit\u00e9s &#8211; sont d\u00e9sormais responsables des dommages qu\u2019elles cause\u00a0\u00e0 l\u2019environnement.\u00a0\u00bb<br \/>\n\u00ab\u00a0Le risque que constitue le r\u00e9chauffement climatique est d\u00e9sormais reconnu de mani\u00e8re l\u00e9gale et \u00e7a peut permettre aux uns et aux autres d\u2019agir au quotidien.\u00a0\u00bb<br \/>\n\u00ab\u00a0Je pense que cette d\u00e9cision de justice aura des cons\u00e9quences politiques.\u00a0\u00bb<\/p>\n<p><em>\u00a0<strong>Sur la condamnation de l\u2019Etat \u00e0 verser un euro symbolique aux associations\u00a0<\/em>\u00a0<\/strong><br \/>\n\u00ab\u00a0On nous aurait reproch\u00e9 de vouloir se faire de l\u2019argent sur le dos d\u2019une action citoyenne &#8211; d\u2019autant que l\u2019ampleur du pr\u00e9judice \u00e9cologique est estim\u00e9e \u00e0 plusieurs centaines de millions d\u2019euros.\u00a0\u00bb<br \/>\n\u00ab\u00a0Les ressources d\u2019une action comme l\u2019Affaire du si\u00e8cle\u00a0 ne sont pas illimit\u00e9es et faire l\u2019\u00e9valuation du pr\u00e9judice \u00e9cologique aujourd\u2019hui, en France, est une d\u00e9pense \u00e9norme en mati\u00e8re d\u2019expertise.\u00a0\u00bb<\/p>\n<p><em>\u00a0<strong>Sur les accusations de proc\u00e8s politique\u00a0<\/em>\u00a0<\/strong><br \/>\n\u00ab\u00a0C\u2019est quotidien que l\u2019Etat est condamn\u00e9 et tenu responsable de ses actes : c\u2019est 50% du boulot du tribunal administratif.\u00a0\u00bb<br \/>\n\u00ab\u00a0J\u2019ai du mal \u00e0 comprendre la distinction entre le politique et le pas politique.\u00a0\u00bb<br \/>\n\u00ab\u00a0Dire qu\u2019il s\u2019agit d\u2019une injonction politique revient \u00e0 minimiser l\u2019ampleur du risque climatique.\u00a0\u00bb<br \/>\n\u00ab\u00a0Le jugement prend juste acte d\u2019une \u00e9vidence scientifique.\u00a0\u00bb<br \/>\n\u00ab\u00a0L\u2019Etat a reconnu \u00eatre en capacit\u00e9 d\u2019agir contre le risque que fait peser le changement climatique.\u00a0\u00bb<\/p>\n<p><em>\u00a0<strong>Sur la possibilit\u00e9 de l\u2019Etat de faire appel de la d\u00e9cision<\/em>\u00a0<\/strong><br \/>\n\u00ab\u00a0Je ne sais pas si l\u2019Etat a int\u00e9r\u00eat \u00e0 faire appel.\u00a0\u00bb<br \/>\n\u00ab\u00a0Peut-\u00eatre que l\u2019Etat a int\u00e9r\u00eat que l\u2019on cesse de parler de l\u2019affaire du si\u00e8cle et donc \u00e0 ne pas faire appel de la d\u00e9cision de justice.\u00a0\u00bb<\/p>\n<p><em>\u00a0<strong>Sur les responsabilit\u00e9s engag\u00e9es<\/em>\u00a0<\/strong><br \/>\n\u00ab\u00a0Les d\u00e9cisions de justice n\u2019engagent pas de responsabilit\u00e9s individuelles et n\u2019engagent certainement pas la responsabilit\u00e9 du gouvernement actuel.\u00a0\u00bb<br \/>\n\u00ab\u00a0L\u2019Etat est une personne morale et c\u2019est important que \u00e7a soit l\u2019Etat parce que c\u2019est aussi l\u2019Etat dans sa fonction de production de normes qui est mis en cause.\u00a0\u00bb<br \/>\n\u00ab\u00a0Les repr\u00e9sentants de l\u2019Etat [pr\u00e9sents au tribunal] \u00e9taient ceux qui \u00e9taient capables de r\u00e9pondre \u00e0 la question de ce que l\u2019Etat fait ou ne fait pas en mati\u00e8re de changement climatique, c\u2019est-\u00e0-dire le minist\u00e8re de la transition \u00e9cologique et solidaire et en l&#8217;occurrence \u00e0 l\u2019audience, la directrice des affaires juridiques et la directrice des politiques publiques du minist\u00e8re.\u00a0\u00bb<\/p>\n<p><em>\u00a0<strong>Sur les responsabilit\u00e9s individuelles<\/em>\u00a0<\/strong><br \/>\n\u00ab\u00a0Il y a d\u2019autres priorit\u00e9s [que d\u2019essayer d\u2019engager des responsabilit\u00e9s individuelles] dans l\u2019utilisation du droit p\u00e9nal appliqu\u00e9 \u00e0 la vie publique.\u00a0\u00bb<br \/>\n\u00ab\u00a0Les responsabilit\u00e9s individuelles, c\u2019est important d\u2019y r\u00e9fl\u00e9chir mais on comprend que des erreurs puissent \u00eatre commises.\u00a0La question principale, c\u2019est : qu\u2019est-ce qui, dans le fond du fonctionnement des instituions, emp\u00eache d\u2019agir et d\u2019aller suffisamment loin ?\u00a0\u00bb<br \/>\n\u00ab\u00a0Une d\u00e9cision comme celle d\u2019hier est particuli\u00e8rement importante car elle ajoute une contrainte institutionnelle suppl\u00e9mentaire et pousse tous les processus de cr\u00e9ation de lois dans une direction diff\u00e9rente.\u00a0\u00bb<\/p>\n<p><em>\u00a0<strong>Sur les cons\u00e9quences de la d\u00e9cision du tribunal administratif de Paris<\/em>\u00a0<\/strong><br \/>\n\u00ab\u00a0Cela va faciliter les choses sur deux plans : les atteintes \u00e0 l\u2019environnement caus\u00e9es par des personnes publiques, notamment des collectivit\u00e9s et les entreprises publiques ; et des actions en mati\u00e8re de prise de d\u00e9cision politique.\u00a0\u00bb<br \/>\n\u00ab\u00a0On a cr\u00e9\u00e9 un r\u00e9gime juridique dont chacun peut s\u2019emparer.\u00a0\u00bb<\/p>\n<p><em>\u00a0<strong>Et si l\u2019Etat ne se met toujours pas en conformit\u00e9 avec la d\u00e9cision ?<\/em>\u00a0<\/strong><br \/>\n\u00ab\u00a0Le fait que l\u2019on puisse penser que l\u2019Etat, c\u2019est-\u00e0-dire la personne morale qui est \u00e0 la fois l\u2019ex\u00e9cutif, le l\u00e9gislatif et le judiciaire, refuse d\u2019appliquer une d\u00e9cision de justice, c\u2019est l\u2019Etat qui refuse d\u2019appliquer sa Constitution, qui disparait, qui se dissout\u2026\u00a0\u00bb<br \/>\n\u00ab\u00a0Il faut bien penser \u00e0 ce que signifie que l\u2019Etat n\u2019applique pas une d\u00e9cision de justice. C\u2019est comme si le Conseil constitutionnel prenait une d\u00e9cision de censure d\u2019une loi et que l\u2019Assembl\u00e9e nationale votait la loi avec toutes les dispositions identiques.\u00a0Bref, cela pourrait entra\u00eener une crise constitutionnelle tr\u00e8s grave.\u00a0\u00bb<br \/>\n\u00ab\u00a0En pratique, l\u2019Etat va s\u00fbrement essayer, m\u00eame en faisant semblant, de respecter la d\u00e9cision.\u00a0\u00bb<br \/>\n\u00ab\u00a0Le juge ne peut pas dire au Parlement quelle loi prendre (\u2026) mais il peut, comme il l\u2019a fait en mati\u00e8res d\u2019algues vertes ou d\u2019amiante, donner les objectifs et les moyens dont il dispose.\u00a0\u00bb<div id='gallery-1' class='gallery galleryid-12748 gallery-columns-3 gallery-size-thumbnail'><figure class='gallery-item'>\n\t\t\t<div class='gallery-icon landscape'>\n\t\t\t\t<a href='https:\/\/archives.regards.fr\/wp-content\/uploads\/2021\/02\/capture_d_e_cran_2021-02-04_a_11-d79.30.19.png'><img loading=\"lazy\" decoding=\"async\" width=\"150\" height=\"150\" src=\"https:\/\/archives.regards.fr\/wp-content\/uploads\/2021\/02\/capture_d_e_cran_2021-02-04_a_11-d79.30.19-150x150.png\" class=\"attachment-thumbnail size-thumbnail\" alt=\"capture_d_e_cran_2021-02-04_a_11.30.19.png\" \/><\/a>\n\t\t\t<\/div><\/figure>\n\t\t<\/div>\n<\/p>\n","protected":false},"excerpt":{"rendered":"<p>Quatre ONG se sont engag\u00e9es dans une proc\u00e9dure contre l\u2019Etat pour inaction climatique. C\u2019est ce qu\u2019on a appel\u00e9 l\u2019Affaire du Si\u00e8cle appuy\u00e9e par une p\u00e9tition qui a recueilli plus de deux millions de signatures. Le verdict est tomb\u00e9 hier. C\u2019est historique, affirment les associations : le tribunal administratif a reconnu des carences fautives dans la lutte pour le climat, un pr\u00e9judice moral et \u00e9cologique et pointe directement la responsabilit\u00e9 de l\u2019\u00c9tat dans le r\u00e9chauffement climatique. Hugo Partouche, avocat p\u00e9naliste au cabinet Vigo en charge de l&#8217;affaire, est l&#8217;invit\u00e9 de la Midinale.<\/p>\n","protected":false},"author":1204,"featured_media":30270,"comment_status":"open","ping_status":"open","sticky":false,"template":"","format":"standard","meta":{"_themeisle_gutenberg_block_has_review":false,"footnotes":""},"categories":[238],"tags":[293],"class_list":["post-12748","post","type-post","status-publish","format-standard","has-post-thumbnail","hentry","category-la-midinale","tag-entretien"],"_links":{"self":[{"href":"https:\/\/archives.regards.fr\/index.php?rest_route=\/wp\/v2\/posts\/12748","targetHints":{"allow":["GET"]}}],"collection":[{"href":"https:\/\/archives.regards.fr\/index.php?rest_route=\/wp\/v2\/posts"}],"about":[{"href":"https:\/\/archives.regards.fr\/index.php?rest_route=\/wp\/v2\/types\/post"}],"author":[{"embeddable":true,"href":"https:\/\/archives.regards.fr\/index.php?rest_route=\/wp\/v2\/users\/1204"}],"replies":[{"embeddable":true,"href":"https:\/\/archives.regards.fr\/index.php?rest_route=%2Fwp%2Fv2%2Fcomments&post=12748"}],"version-history":[{"count":0,"href":"https:\/\/archives.regards.fr\/index.php?rest_route=\/wp\/v2\/posts\/12748\/revisions"}],"wp:featuredmedia":[{"embeddable":true,"href":"https:\/\/archives.regards.fr\/index.php?rest_route=\/wp\/v2\/media\/30270"}],"wp:attachment":[{"href":"https:\/\/archives.regards.fr\/index.php?rest_route=%2Fwp%2Fv2%2Fmedia&parent=12748"}],"wp:term":[{"taxonomy":"category","embeddable":true,"href":"https:\/\/archives.regards.fr\/index.php?rest_route=%2Fwp%2Fv2%2Fcategories&post=12748"},{"taxonomy":"post_tag","embeddable":true,"href":"https:\/\/archives.regards.fr\/index.php?rest_route=%2Fwp%2Fv2%2Ftags&post=12748"}],"curies":[{"name":"wp","href":"https:\/\/api.w.org\/{rel}","templated":true}]}}