{"id":12743,"date":"2021-02-03T11:56:17","date_gmt":"2021-02-03T10:56:17","guid":{"rendered":"https:\/\/wp.muchomaas.com\/article-graphiques-les-parlants-et-les-taiseux-le-probleme-de-la-dette-publique\/"},"modified":"2023-07-03T14:31:55","modified_gmt":"2023-07-03T12:31:55","slug":"article-graphiques-les-parlants-et-les-taiseux-le-probleme-de-la-dette-publique","status":"publish","type":"post","link":"https:\/\/archives.regards.fr\/?p=12743","title":{"rendered":"GRAPHIQUES. Les parlants et les taiseux  : le probl\u00e8me de la dette publique"},"content":{"rendered":"<p class=\"post_excerpt\">Un bon graphique est souvent plus \u00e9clairant qu\u2019un long discours. Mais tous les graphiques ne sont pas bons.  S\u2019il y a des graphiques parlants il en existe aussi des taiseux. Ainsi sur la dette publique\u2026<\/p>\n<p><strong>MAD MARX.<\/strong> <a href=\"https:\/\/www.imf.org\/-\/media\/Images\/IMF\/News\/news-article-images\/French\/fre-cf-chart-3.ashx\">Ce graphique<\/a> publi\u00e9 par le FMI le 19 janvier fait partie des cinq graphiques accompagnant son rapport annuel sur la France.<\/p>\n<p><img loading=\"lazy\" decoding=\"async\" class=\" alignleft size-full wp-image-30244\" src=\"https:\/\/wp.muchomaas.com\/wp-content\/uploads\/2021\/02\/screenshot_2021-02-03_at_11-d05.28.32.png\" alt=\"screenshot_2021-02-03_at_11.28.32.png\" align=\"left\" width=\"597\" height=\"580\" srcset=\"https:\/\/archives.regards.fr\/wp-content\/uploads\/2021\/02\/screenshot_2021-02-03_at_11-d05.28.32.png 597w, https:\/\/archives.regards.fr\/wp-content\/uploads\/2021\/02\/screenshot_2021-02-03_at_11-d05.28.32-300x291.png 300w\" sizes=\"auto, (max-width: 597px) 100vw, 597px\" \/><\/p>\n<p>La courbe en rouge du ratio dette publique\/PIB s\u2019\u00e9carte de la tendance (courbe en bleu), et passe de 100 \u00e0 120% entre 2019 et 2022. Elle est cens\u00e9e montrer le poids du quoiqu\u2019il en co\u00fbte. Elle est \u00e9galement cens\u00e9e justifier le message principal de ce rapport. <em>\u00ab La dette en France est \u00e9lev\u00e9e et nous pensons que le moment est venu d&#8217;\u00e9laborer et d&#8217;approuver un plan d&#8217;assainissement budg\u00e9taire cr\u00e9dible \u00e0 moyen terme \u00bb<\/em>, a comment\u00e9 le chef de la mission du FMI en France, Jeffrey Franks, lors de la parution du rapport. Tout est dit.<\/p>\n<h2>Un ratio r\u00e9ducteur<\/h2>\n<p>Sauf que ce graphique cache tout ou presque : \u00e0 120% du PIB, le poids de la dette fran\u00e7aise sera en r\u00e9alit\u00e9 au niveau moyen des pays riches. Comme le montre <a href=\"https:\/\/blogs.imf.org\/2020\/06\/24\/reopening-from-the-great-lockdown-uneven-and-uncertain-recovery\/\">un autre graphique<\/a> publi\u00e9 par le FMI lui-m\u00eame, un peu plus parlant que le pr\u00e9c\u00e9dent. <\/p>\n<p><img loading=\"lazy\" decoding=\"async\" class=\" alignleft size-full wp-image-30245\" src=\"https:\/\/wp.muchomaas.com\/wp-content\/uploads\/2021\/02\/screenshot_2021-02-03_at_11-d20.31.11.png\" alt=\"screenshot_2021-02-03_at_11.31.11.png\" align=\"left\" width=\"621\" height=\"454\" srcset=\"https:\/\/archives.regards.fr\/wp-content\/uploads\/2021\/02\/screenshot_2021-02-03_at_11-d20.31.11.png 621w, https:\/\/archives.regards.fr\/wp-content\/uploads\/2021\/02\/screenshot_2021-02-03_at_11-d20.31.11-300x219.png 300w\" sizes=\"auto, (max-width: 621px) 100vw, 621px\" \/><\/p>\n<p>Outre, la mont\u00e9e progressive du ratio depuis les ann\u00e9es 1980, et notamment l\u2019impact consid\u00e9rable de la crise de 2008, ce graphique montre aussi que le ratio dette publique\/PIB est en moyenne plus bas dans les pays \u00e9mergents. Cela ne signifie pas forc\u00e9ment moins de probl\u00e8mes, si les pays concern\u00e9s s\u2019endettent en devises et non en monnaie nationale.<\/p>\n<p>Mais surtout, comme l\u2019expliquent les auteurs du <em>Pr\u00e9cis d\u2019\u00e9conomie citoyenne sur la dette publique<\/em>, r\u00e9cemment publi\u00e9[[Eric Berr, L\u00e9o Charles, Alexandre Jatteau, Jonathan Marie, Alban Pellegris : <em>La dette publique. Pr\u00e9cis d\u2019\u00e9conomie citoyenne<\/em>, Les Liens qui Lib\u00e8rent, janvier 2021]] : <em>\u00ab Rapporter la dette publique au PIB est r\u00e9ducteur \u00bb<\/em>. Et c\u2019est pousser \u00e0 des politiques \u00e9conomiques oppos\u00e9es \u00e0 celles qu\u2019il faudrait mettre en \u0153uvre.<\/p>\n<p>Le quasi \u00e9quilibre budg\u00e9taire \u00ab structurel \u00bb (c\u2019est \u00e0 dire cens\u00e9 prendre en compte la conjoncture \u00e9conomique) et la barre de 60% du ratio dette publique\/PIB sont toujours les r\u00e8gles de base du pacte budg\u00e9taire de la zone euro. La crise du Covid a suspendu leur application.<\/p>\n<p>Mais l\u2019enjeu devrait \u00eatre de les abandonner d\u00e9finitivement et de red\u00e9finir en profondeur les r\u00e8gles de coordination des politiques budg\u00e9taires nationales et la coop\u00e9ration budg\u00e9taire \u00e0 l\u2019\u00e9chelle europ\u00e9enne. Et \u00e9videmment la fiscalit\u00e9 fait partie du sujet.<\/p>\n<p>Les auteurs du <em>Pr\u00e9cis d\u2019\u00e9conomie citoyenne<\/em> exposent trois raisons simples pour lesquelles le ratio dette\/PIB ne peut \u00eatre une bonne boussole des politiques budg\u00e9taires : d\u2019abord, le niveau global des d\u00e9ficits et de la dette est aveugle sur le point crucial de savoir s\u2019il s\u2019agit d\u2019une bonne ou d\u2019une mauvaise dette. <em>\u00ab Or le d\u00e9ficit public et la dette publique sont utiles et absolument n\u00e9cessaires pour atteindre le plein emploi et financer l\u2019imp\u00e9rative transition \u00e9cologique. Ils sont en revanche n\u00e9fastes lorsqu\u2019ils sont le r\u00e9sultat de politiques fiscales r\u00e9duisant la contribution des plus riches \u00bb<\/em>.<\/p>\n<p>C\u2019est un premier point essentiel. Les politiques dites d\u2019offre, c\u2019est-\u00e0-dire des politiques cens\u00e9es faire ruisseler la richesse et l\u2019emploi \u00e0 partir de l\u2019accumulation du capital priv\u00e9 et de la comp\u00e9tition entre Etats pour attirer les capitaux devrait \u00eatre durablement r\u00e9volu.<\/p>\n<p>Elles restent le mantra du gouvernement et de ceux qui, comme l\u2019ancien directeur du FMI et de la Banque de France Jacques de Larosi\u00e8re[[Jacques de Larosi\u00e8re : <em>40 ans d\u2019\u00e9garements \u00e9conomiques. Quelques id\u00e9es pour en sortir<\/em>, Odile Jacob, janvier 2021]] continue d\u2019utiliser ce ratio pour soutenir quelques id\u00e9es, pas vraiment nouvelles, pour s\u2019en sortir, soit :<\/p>\n<ul>\n<li> En finir avec l\u2019augmentation continue de la d\u00e9pense publique en France et r\u00e9duire les effectifs de la fonction publique ;<\/li>\n<li> Repousser \u00e0 65 ans l\u2019\u00e2ge de la retraite et \u00e9tendre enfin r\u00e9solument le champ de la retraite par capitalisation ; <\/li>\n<li> Poursuivre le blocage du SMIC et la diminution des allocations ch\u00f4mage. <\/li>\n<li> Augmenter gr\u00e2ce \u00e0 des apports publics le capital des entreprises priv\u00e9es et miser sur leurs investissements pour retrouver un dynamisme \u00e9conomique.<\/li>\n<\/ul>\n<p>Une autre raison d\u2019en finir au contraire avec la dictature du ratio dette publique\/PIB est que la dangerosit\u00e9 d\u2019un niveau d\u2019endettement n\u2019est pas un absolu. La dette publique peut devenir plus facilement insoutenable, si les Etats s\u2019endettent en devise \u00e9trang\u00e8re, si elles sont soumises aux d\u00e9cisions de march\u00e9s financiers lib\u00e9ralis\u00e9s et si les Etats sont emp\u00each\u00e9s de pr\u00e9lever des imp\u00f4ts, par exemple sur les profits r\u00e9alis\u00e9s par les firmes multinationales op\u00e9rant sur leur territoire. <em>\u00ab Il n\u2019y a aucun danger soulignent les auteurs du Pr\u00e9cis d\u2019\u00e9conomie citoyenne si cette dette est soutenue par la banque centrale, d\u00e9tenue par des r\u00e9sidents nationaux ou encore si la capacit\u00e9 \u00e0 pr\u00e9lever l\u2019imp\u00f4t est \u00e9tablie \u00bb<\/em>.<\/p>\n<h2>Plus \u00e7a monte et plus \u00e7a baisse<\/h2>\n<p>Enfin il faut en finir avec le traitement des \u00c9tats et des puissances publiques comme s\u2019il s\u2019agissait d\u2019acteurs priv\u00e9s. Le propre des \u00c9tats est qu\u2019ils ne remboursent pas leur dette. Ils la renouvellent \u00e0 \u00e9ch\u00e9ance. C\u2019est ce qu\u2019on appelle faire rouler la dette.<\/p>\n<p>D\u00e8s lors, ce sont d\u2019autres ratios et d\u2019autres graphiques qui sont parlants, comme ceux qui mesurent l\u2019\u00e9volution de la charge de la dette.<\/p>\n<p><a href=\"https:\/\/www.fipeco.fr\/images\/FV9Ba.png\">Le graphique ci-dessous<\/a> \u00e9labor\u00e9 par un ancien membre du Haut Conseil des finances publiques Fran\u00e7ois Ecalle qui publie ses travaux <a href=\"https:\/\/www.fipeco.fr\/\">sur le site FIPECO<\/a> est parlant.<\/p>\n<p><img loading=\"lazy\" decoding=\"async\" class=\" aligncenter size-full wp-image-30246\" src=\"https:\/\/wp.muchomaas.com\/wp-content\/uploads\/2021\/02\/fv9ba-016.png\" alt=\"fv9ba.png\" align=\"center\" width=\"947\" height=\"626\" srcset=\"https:\/\/archives.regards.fr\/wp-content\/uploads\/2021\/02\/fv9ba-016.png 947w, https:\/\/archives.regards.fr\/wp-content\/uploads\/2021\/02\/fv9ba-016-300x198.png 300w, https:\/\/archives.regards.fr\/wp-content\/uploads\/2021\/02\/fv9ba-016-768x508.png 768w\" sizes=\"auto, (max-width: 947px) 100vw, 947px\" \/><\/p>\n<p>&nbsp;<\/p>\n<p>Il montre que si le poids de la dette mesur\u00e9e par la PIB a surtout et durablement augment\u00e9 depuis 2008 (courbe rouge), la charge financi\u00e8re effective de la dette rapport\u00e9e au PIB est constamment d\u00e9croissante. Elle est l\u00e9g\u00e8rement inf\u00e9rieure \u00e0 1,5% contre plus de 3%, lorsque la dette publique pesait 60% du PIB (courbe en bleu). Et le roulement de la dette venant \u00e0 \u00e9ch\u00e9ance peut se faire avec des taux d\u2019int\u00e9r\u00eats extr\u00eamement bas (0,5% environ pour des emprunts \u00e0 50 ans). Les charges de la dette rapport\u00e9e \u00e0 son montant sont elles aussi en baisse constante (courbe en vert).<\/p>\n<h2>Le pied dans la porte<\/h2>\n<p>En r\u00e9alit\u00e9, le camp de ceux qui veulent d\u00e9battre de la politique \u00e9conomique et du primat n\u00e9cessaire des politiques budg\u00e9taires et des d\u00e9penses publiques \u00e0 partir d\u2019autres graphiques que le ratio dette publique\/PIB est en train de s\u2019\u00e9largir. Des \u00e9conomistes assez largement align\u00e9s dans les ann\u00e9es ou les d\u00e9cennies pr\u00e9c\u00e9dentes sur les politiques n\u00e9olib\u00e9rales red\u00e9couvrent les vertus des politiques de demande effective. En France, <a href=\"https:\/\/www.ofce.sciences-po.fr\/pdf\/pbrief\/2021\/OFCEpbrief84.pdf\">la note que vient de publier le pr\u00e9sident de l\u2019OFCE, Xavier Ragot<\/a>, est \u00e0 cet \u00e9gard significative. <em>\u00ab Pour un pays comme la France<\/em>, \u00e9crit-il, <em>le probl\u00e8me budg\u00e9taire n\u2019est pas le d\u00e9ficit, ni la dette, mais le service de la dette publique \u00bb<\/em>. Le point cl\u00e9 est que les taux d\u2019int\u00e9r\u00eats <em>\u00ab seront probablement faibles dans les dix prochaines ann\u00e9es \u00bb<\/em> et que cela ne tient pas, selon lui, seulement \u00e0 la politique des banques centrales mais \u00e0 l\u2019ampleur de la demande d\u2019\u00e9pargne sans risque dans le monde. C\u2019est pourquoi, il plaide pour un doublement du \u00ab plan de relance \u00bb fran\u00e7ais et pour une <em>\u00ab initiative additionnelle concert\u00e9e au niveau europ\u00e9en \u00bb<\/em>.<\/p>\n<p>Aux \u00c9tats-Unis les \u00e9conomistes tr\u00e8s influents qui ont accompagn\u00e9 et conseill\u00e9 les Pr\u00e9sidents Clinton (Larry Summers) et Obama (Jason Furman) reprennent \u00e9galement cette nouvelle grille d\u2019analyse[[Le Fran\u00e7ais Olivier Blanchard, ancien chef \u00e9conomiste du FMI semble avoir un large accord d\u2019analyse avec eux. Il co-pr\u00e9side avec Jean Tirole la commission d\u2019experts sur les grands d\u00e9fis \u00e9conomiques mise en place par Emmanuel Macron en mai 2020. Le rapport \u00e9tait pr\u00e9vu pour d\u00e9cembre 2020. Il serait en cours d\u2019ach\u00e8vement et l\u2019on verra alors  s\u2019il se d\u00e9marque de celui de la Commission Artuis sur la dette publique qui a \u00e9t\u00e9 mise  en place pour proposer la mauvaise voie du cantonnement de la dette Covid.]]. <a href=\"https:\/\/www.brookings.edu\/wp-content\/uploads\/2020\/11\/furman-summers-fiscal-reconsideration-discussion-draft.pdf\">Ils plaident<\/a> maintenant pour une r\u00e9\u00e9valuation de la politique budg\u00e9taire \u00e0 l\u2019\u00e8re des taux d\u2019int\u00e9r\u00eats bas. Ils semblent avoir d\u00e9j\u00e0 une certaine influence sur la d\u00e9finition de la politique \u00e9conomique de Joe Biden que l\u2019\u00e9conomiste plus radical <a href=\"https:\/\/www.project-syndicate.org\/commentary\/biden-american-rescue-package-by-james-k-galbraith-2021-01\/french\">James Galbraith, lui-m\u00eame, appr\u00e9cie<\/a>, plut\u00f4t positivement.<\/p>\n<p>La vision n\u00e9o-lib\u00e9rale a tout fait pour cadenasser la politique budg\u00e9taire et fiscale. La porte est, semble-t-il, en train de s\u2019entrouvrir ? Il est en tout cas urgent de pousser fort. En effet, il ne s\u2019agit pas simplement d\u2019obtenir une augmentation des d\u00e9penses publiques pour relancer la croissance du PIB, et permettre d\u2019all\u00e9ger progressivement le \u00ab poids de la dette publique \u00bb.<\/p>\n<p><a href=\"https:\/\/blogs.alternatives-economiques.fr\/leduigou\/2021\/01\/27\/endettement-comment-sortir-du-tout-financier\">Comme le souligne Jean-Christophe Le Duigou<\/a>, <em>\u00ab l\u2019octroi de cr\u00e9dits bancaires et l\u2019attribution de dotations budg\u00e9taires doivent converger. D\u2019o\u00f9 le r\u00f4le d\u2019un &#8220;p\u00f4le financier public&#8221; pour amorcer une nouvelle gestion du cr\u00e9dit tourn\u00e9e vers des objectifs sociaux, \u00e9conomiques et environnementaux. D\u2019o\u00f9 en m\u00eame temps le besoin de d\u00e9penses publiques donnant la priorit\u00e9 au renforcement du service public et \u00e0 la promotion du d\u00e9veloppement humain \u00bb<\/em>.<\/p>\n<p>C\u2019est ainsi, rappelle-t-il, que l\u2019on a \u00e9teint les dettes publiques apr\u00e8s la guerre, c\u2019est ainsi que l\u2019on reb\u00e2tira un pacte social et productif.<\/p>\n<p>&nbsp;<\/p>\n<p>\n<a href=\"https:\/\/wp.muchomaas.com\/auteur\/bernard-marx\"><strong>Bernard Marx<\/strong><\/a><div id='gallery-1' class='gallery galleryid-12743 gallery-columns-3 gallery-size-thumbnail'><figure class='gallery-item'>\n\t\t\t<div class='gallery-icon landscape'>\n\t\t\t\t<a href='https:\/\/archives.regards.fr\/wp-content\/uploads\/2021\/02\/screenshot_2021-02-03_at_11-445.28.32.png'><img loading=\"lazy\" decoding=\"async\" width=\"150\" height=\"150\" src=\"https:\/\/archives.regards.fr\/wp-content\/uploads\/2021\/02\/screenshot_2021-02-03_at_11-445.28.32-150x150.png\" class=\"attachment-thumbnail size-thumbnail\" alt=\"screenshot_2021-02-03_at_11.28.32.png\" \/><\/a>\n\t\t\t<\/div><\/figure><figure class='gallery-item'>\n\t\t\t<div class='gallery-icon landscape'>\n\t\t\t\t<a href='https:\/\/archives.regards.fr\/wp-content\/uploads\/2021\/02\/screenshot_2021-02-03_at_11-460.31.11.png'><img loading=\"lazy\" decoding=\"async\" width=\"150\" height=\"150\" src=\"https:\/\/archives.regards.fr\/wp-content\/uploads\/2021\/02\/screenshot_2021-02-03_at_11-460.31.11-150x150.png\" class=\"attachment-thumbnail size-thumbnail\" alt=\"screenshot_2021-02-03_at_11.31.11.png\" \/><\/a>\n\t\t\t<\/div><\/figure><figure class='gallery-item'>\n\t\t\t<div class='gallery-icon landscape'>\n\t\t\t\t<a href='https:\/\/archives.regards.fr\/wp-content\/uploads\/2021\/02\/fv9ba-1a3.png'><img loading=\"lazy\" decoding=\"async\" width=\"150\" height=\"150\" src=\"https:\/\/archives.regards.fr\/wp-content\/uploads\/2021\/02\/fv9ba-1a3-150x150.png\" class=\"attachment-thumbnail size-thumbnail\" alt=\"fv9ba.png\" \/><\/a>\n\t\t\t<\/div><\/figure><figure class='gallery-item'>\n\t\t\t<div class='gallery-icon landscape'>\n\t\t\t\t<a href='https:\/\/archives.regards.fr\/wp-content\/uploads\/2021\/02\/screenshot_2021-02-03_at_11-e67.44.02.png'><img loading=\"lazy\" decoding=\"async\" width=\"150\" height=\"150\" src=\"https:\/\/archives.regards.fr\/wp-content\/uploads\/2021\/02\/screenshot_2021-02-03_at_11-e67.44.02-150x150.png\" class=\"attachment-thumbnail size-thumbnail\" alt=\"screenshot_2021-02-03_at_11.44.02.png\" \/><\/a>\n\t\t\t<\/div><\/figure>\n\t\t<\/div>\n<\/p>\n","protected":false},"excerpt":{"rendered":"<p>Un bon graphique est souvent plus \u00e9clairant qu\u2019un long discours. Mais tous les graphiques ne sont pas bons.  S\u2019il y a des graphiques parlants il en existe aussi des taiseux. Ainsi sur la dette publique\u2026<\/p>\n","protected":false},"author":1240,"featured_media":30244,"comment_status":"open","ping_status":"open","sticky":false,"template":"","format":"standard","meta":{"_themeisle_gutenberg_block_has_review":false,"footnotes":""},"categories":[272],"tags":[357,517,456,359],"class_list":["post-12743","post","type-post","status-publish","format-standard","has-post-thumbnail","hentry","category-mad-marx","tag-chronique","tag-covid-19","tag-dette","tag-exclure-de-la-home"],"_links":{"self":[{"href":"https:\/\/archives.regards.fr\/index.php?rest_route=\/wp\/v2\/posts\/12743","targetHints":{"allow":["GET"]}}],"collection":[{"href":"https:\/\/archives.regards.fr\/index.php?rest_route=\/wp\/v2\/posts"}],"about":[{"href":"https:\/\/archives.regards.fr\/index.php?rest_route=\/wp\/v2\/types\/post"}],"author":[{"embeddable":true,"href":"https:\/\/archives.regards.fr\/index.php?rest_route=\/wp\/v2\/users\/1240"}],"replies":[{"embeddable":true,"href":"https:\/\/archives.regards.fr\/index.php?rest_route=%2Fwp%2Fv2%2Fcomments&post=12743"}],"version-history":[{"count":0,"href":"https:\/\/archives.regards.fr\/index.php?rest_route=\/wp\/v2\/posts\/12743\/revisions"}],"wp:featuredmedia":[{"embeddable":true,"href":"https:\/\/archives.regards.fr\/index.php?rest_route=\/wp\/v2\/media\/30244"}],"wp:attachment":[{"href":"https:\/\/archives.regards.fr\/index.php?rest_route=%2Fwp%2Fv2%2Fmedia&parent=12743"}],"wp:term":[{"taxonomy":"category","embeddable":true,"href":"https:\/\/archives.regards.fr\/index.php?rest_route=%2Fwp%2Fv2%2Fcategories&post=12743"},{"taxonomy":"post_tag","embeddable":true,"href":"https:\/\/archives.regards.fr\/index.php?rest_route=%2Fwp%2Fv2%2Ftags&post=12743"}],"curies":[{"name":"wp","href":"https:\/\/api.w.org\/{rel}","templated":true}]}}