{"id":12742,"date":"2021-02-03T11:13:04","date_gmt":"2021-02-03T10:13:04","guid":{"rendered":"https:\/\/wp.muchomaas.com\/article-sarah-durieux-il-ne-faut-pas-depolitiser-l-activisme\/"},"modified":"2023-06-24T00:11:04","modified_gmt":"2023-06-23T22:11:04","slug":"article-sarah-durieux-il-ne-faut-pas-depolitiser-l-activisme","status":"publish","type":"post","link":"https:\/\/archives.regards.fr\/?p=12742","title":{"rendered":"Sarah Durieux : \u00ab Il ne faut pas d\u00e9politiser l\u2019activisme \u00bb"},"content":{"rendered":"<p class=\"post_excerpt\">Les citoyens seraient-ils devenus passifs face aux d\u00e9cisions politiques ? Comment les individus s&#8217;organisent-ils pour manifester leurs d\u00e9saccords ? Sarah Durieux, directrice France de change.org, autrice de <em>Changer le monde : manuel d\u2019activisme pour reprendre le pouvoir<\/em> (\u00c9ditions First), est l\u2019invit\u00e9e de #LaMidinale\u200b.<\/p>\n<h2>UNE MIDINALE \u00c0 VOIR&#8230;<\/h2>\n<p><iframe loading=\"lazy\" width=\"490\" height=\"276\" src=\"https:\/\/www.youtube.com\/embed\/glLScSWLSBA\" frameborder=\"0\" allow=\"accelerometer; autoplay; clipboard-write; encrypted-media; gyroscope; picture-in-picture\" allowfullscreen><\/iframe><\/p>\n<p>&nbsp;<\/p>\n<p><h2>ET \u00c0 LIRE&#8230;<\/h2>\n<p><em>\u00a0<strong>Sur l\u2019\u00e9tat de la mobilisation\u00a0<\/em>\u00a0<\/strong><br \/>\n\u00ab\u00a0Je ne sais pas si l\u2019on peut pas parler de passivit\u00e9 [des citoyens].\u00a0\u00bb<br \/>\n\u00ab\u00a0Entre mars 2020 et juillet 2020, on a une augmentation de plus de 80% au niveau global des signatures sur\u00a0change.org. En France, c\u2019est 64%.\u00a0On a plus de 15% des inscriptions sur la plateforme. \u00bb<br \/>\n\u00ab\u00a0Il y eu un verrouillage [de nos libert\u00e9s] mais il y a eu aussi des r\u00e9actions.\u00a0\u00bb<br \/>\n\u00ab\u00a0L\u2019impact psychologique de la pand\u00e9mie a aussi un impact sur notre capacit\u00e9 \u00e0 nous mobiliser. \u00bb<br \/>\n\u00ab\u00a0On a besoin de trouver les outils pour se mobiliser et il y a d\u00e9j\u00e0 des choses \u00e0 faire pr\u00e8s de chez nous.\u00a0\u00bb<\/p>\n<p><em>\u00a0<strong>Sur l\u2019importance de la communication et la th\u00e9orie du changement<\/em>\u00a0<\/strong><br \/>\n\u00ab\u00a0Il ne faut pas d\u00e9politiser l\u2019activisme.\u00a0\u00bb<br \/>\n\u00ab\u00a0\u00c0 l\u2019\u00e9poque la communication \u00e9tait plut\u00f4t descendante. Aujourd\u2019hui, on est plut\u00f4t sur des strat\u00e9gies qui sont descendantes et ascendantes.\u00a0\u00bb<br \/>\n\u00ab\u00a0La th\u00e9orie du changement consiste \u00e0 commencer par quelques activistes tr\u00e8s form\u00e9s qui eux m\u00eames vont former des gens et eux m\u00eames vont former d\u2019autres personnes.\u00a0C\u2019est exactement de cette mani\u00e8re que le mouvement #NousToutes a pris. \u00bb<\/p>\n<p><em>\u00a0<strong>Sur les mobilisations locales<\/em>\u00a0<\/strong><br \/>\n\u00ab\u00a0On a la possibilit\u00e9 d\u2019aller chercher les gens diff\u00e9remment et de mani\u00e8re plus efficace en approchant les choses par le local.\u00a0\u00bb<br \/>\n\u00ab\u00a0La grande majorit\u00e9 des p\u00e9titions lanc\u00e9es sont des p\u00e9titions locales : contre la fermeture des \u00e9coles par exemple.\u00a0\u00bb<br \/>\n\u00ab\u00a0Les initiatives et actions locales peuvent \u00eatre ensuite mobilis\u00e9es pour des dynamiques de mobilisations pour des \u00e9ch\u00e9ances \u00e9lectorales.\u00a0\u00bb<br \/>\n\u00ab\u00a0C\u2019est une bonne nouvelle qu\u2019on reparle du local. Avec la crise des gilets jaunes et du covid, les gens ont envie d\u2019\u00eatre solidaires et d\u2019agir ensemble dans leurs quartiers.\u00a0\u00bb<br \/>\n\u00ab Les gens expriment une esp\u00e8ce de reconnexion avec leurs voisins et de voir comment on peut agir en solidarit\u00e9 dans des p\u00e9riodes tr\u00e8s tendues du point de vue de l\u2019actualit\u00e9 nationale mais aussi des situations r\u00e9elles de tous les jours. \u00bb<\/p>\n<p><em>\u00a0<strong>Sur le pluralisme des combats sur\u00a0change.org<\/em>\u00a0<\/strong><br \/>\n\u00ab Notre plateforme a des r\u00e8gles d\u2019utilisation et il y a des choses qu\u2019on n\u2019accepte pas.\u00a0\u00bb<br \/>\n\u00ab\u00a0Ce qu\u2019on n\u2019accepte pas, c\u2019est principalement les p\u00e9titions qui sont lanc\u00e9es par des groupes de haine.\u00a0\u00bb<br \/>\n\u00ab\u00a0Je ne compte plus les exemples de gens qui ont lanc\u00e9 des p\u00e9titions et qui se sont organis\u00e9s par la suite pour se mettre en contact avec d\u2019autres militants sur des questions similaires.\u00a0\u00bb<\/p>\n<p><em>\u00a0<strong>Sur la place des organisations politiques\u00a0<\/em>\u00a0<\/strong><br \/>\n\u00ab\u00a0J\u2019ai avant tout \u00e9crit ce livre pour des gens qui ne sont pas des militants.\u00a0\u00bb<br \/>\n\u00ab\u00a0Il \u00e9tait important pour moi de parler d\u2019engagement individuel pour que les gens n\u2019aient pas le sentiment que l\u2019engagement se r\u00e9duirait \u00e0 signer dans un syndicat, un parti politique ou une association pour commencer \u00e0 agir.\u00a0\u00bb<br \/>\n\u00ab\u00a0L\u2019engagement individuel participe de la r\u00e9ussite des organisations collectives.\u00a0\u00bb<br \/>\n\u00ab\u00a0Dans la premi\u00e8re partie du livre, j\u2019essaie d\u2019aider les gens \u00e0 construire leur propre leadership dans le changement qu\u2019ils souhaitent voir. Dans la deuxi\u00e8me partie, j\u2019introduis la question de l\u2019organisation collective.\u00a0\u00bb\u00a0<br \/>\n\u00ab\u00a0Sur un chemin d\u2019engagement, je pense qu\u2019il est important de se penser soi avant de penser le groupe.\u00bb<br \/>\n\u00ab\u00a0Je pense que les organisations historiques, les corps interm\u00e9diaires, sont indispensables.\u00a0Ces initiatives individuelles dont je parle et qui existent sont des outils importants pour ces organisations. \u00bb<\/p>\n<p><em>\u00a0<strong>Sur la recherche du buzz<\/em>\u00a0<\/strong><br \/>\n\u00ab\u00a0Sur la majorit\u00e9 des mobilisations citoyennes qu\u2019on voit notamment sur les r\u00e9seaux sociaux ou en ligne, l\u2019image compte beaucoup.\u00a0\u00bb<br \/>\n\u00ab\u00a0Il y a un vrai enjeu d\u2019accessibilit\u00e9 et l\u2019image, quand on n\u2019arrive pas \u00e0 exprimer avec ses mots la situation qu\u2019on essaie de combattre, y participe.\u00a0\u00bb<\/p>\n<p><em>\u00a0<strong>Sur la d\u00e9sertion des urnes et l\u2019abstentionnisme<\/em>\u00a0<\/strong><br \/>\n\u00ab\u00a0La question est moins de savoir comment on am\u00e8ne les citoyens aux urnes que de savoir comment on am\u00e8ne les urnes aux citoyens.\u00a0\u00bb<br \/>\n\u00ab\u00a0La question est plus de savoir comment les personnes qui s\u2019engagent dans une \u00e9lection r\u00e9fl\u00e9chissent \u00e0 aller chercher les citoyen-nes plut\u00f4t que d\u2019attendre qu\u2019ils et elles viennent \u00e0 eux et \u00e0 leur programme.\u00a0\u00bb<br \/>\n\u00ab\u00a0ll faut que les politiques se saisissent de cette envie des citoyens de participer.\u00a0\u00bb<br \/>\n\u00ab\u00a0Ramener les gens aux urnes, c\u2019est d\u2019abord recr\u00e9er une confiance dans la politique partisane et de remontrer l\u2019int\u00e9r\u00eat et l\u2019importance du vote.\u00a0La question ne vaut pas que pour 2022 mais pour les ann\u00e9es qui viennent. \u00bb<br \/>\n\u00ab\u00a0Je suis une partisane de l\u2019auto-organisation, de l\u2019interpellation et du plaidoyer mais il faut aussi un r\u00e9investissement des politiques et du citoyen dans la d\u00e9mocratie repr\u00e9sentative.\u00a0\u00bb<div id='gallery-1' class='gallery galleryid-12742 gallery-columns-3 gallery-size-thumbnail'><figure class='gallery-item'>\n\t\t\t<div class='gallery-icon landscape'>\n\t\t\t\t<a href='https:\/\/archives.regards.fr\/wp-content\/uploads\/2021\/02\/capture_d_e_cran_2021-02-03_a_11-5c6.09.49.png'><img loading=\"lazy\" decoding=\"async\" width=\"150\" height=\"150\" src=\"https:\/\/archives.regards.fr\/wp-content\/uploads\/2021\/02\/capture_d_e_cran_2021-02-03_a_11-5c6.09.49-150x150.png\" class=\"attachment-thumbnail size-thumbnail\" alt=\"capture_d_e_cran_2021-02-03_a_11.09.49.png\" \/><\/a>\n\t\t\t<\/div><\/figure>\n\t\t<\/div>\n<\/p>\n","protected":false},"excerpt":{"rendered":"<p>Les citoyens seraient-ils devenus passifs face aux d\u00e9cisions politiques ? Comment les individus s&#8217;organisent-ils pour manifester leurs d\u00e9saccords ? Sarah Durieux, directrice France de change.org, autrice de <em>Changer le monde : manuel d\u2019activisme pour reprendre le pouvoir<\/em> (\u00c9ditions First), est l\u2019invit\u00e9e de #LaMidinale\u200b.<\/p>\n","protected":false},"author":1204,"featured_media":30242,"comment_status":"open","ping_status":"open","sticky":false,"template":"","format":"standard","meta":{"_themeisle_gutenberg_block_has_review":false,"footnotes":""},"categories":[238],"tags":[293],"class_list":["post-12742","post","type-post","status-publish","format-standard","has-post-thumbnail","hentry","category-la-midinale","tag-entretien"],"_links":{"self":[{"href":"https:\/\/archives.regards.fr\/index.php?rest_route=\/wp\/v2\/posts\/12742","targetHints":{"allow":["GET"]}}],"collection":[{"href":"https:\/\/archives.regards.fr\/index.php?rest_route=\/wp\/v2\/posts"}],"about":[{"href":"https:\/\/archives.regards.fr\/index.php?rest_route=\/wp\/v2\/types\/post"}],"author":[{"embeddable":true,"href":"https:\/\/archives.regards.fr\/index.php?rest_route=\/wp\/v2\/users\/1204"}],"replies":[{"embeddable":true,"href":"https:\/\/archives.regards.fr\/index.php?rest_route=%2Fwp%2Fv2%2Fcomments&post=12742"}],"version-history":[{"count":0,"href":"https:\/\/archives.regards.fr\/index.php?rest_route=\/wp\/v2\/posts\/12742\/revisions"}],"wp:featuredmedia":[{"embeddable":true,"href":"https:\/\/archives.regards.fr\/index.php?rest_route=\/wp\/v2\/media\/30242"}],"wp:attachment":[{"href":"https:\/\/archives.regards.fr\/index.php?rest_route=%2Fwp%2Fv2%2Fmedia&parent=12742"}],"wp:term":[{"taxonomy":"category","embeddable":true,"href":"https:\/\/archives.regards.fr\/index.php?rest_route=%2Fwp%2Fv2%2Fcategories&post=12742"},{"taxonomy":"post_tag","embeddable":true,"href":"https:\/\/archives.regards.fr\/index.php?rest_route=%2Fwp%2Fv2%2Ftags&post=12742"}],"curies":[{"name":"wp","href":"https:\/\/api.w.org\/{rel}","templated":true}]}}