{"id":12740,"date":"2021-02-02T13:47:33","date_gmt":"2021-02-02T12:47:33","guid":{"rendered":"https:\/\/wp.muchomaas.com\/article-apres-le-coup-d-etat-militaire-en-birmanie-la-seule-chose-a-esperer-c-est-un\/"},"modified":"2023-06-24T00:11:03","modified_gmt":"2023-06-23T22:11:03","slug":"article-apres-le-coup-d-etat-militaire-en-birmanie-la-seule-chose-a-esperer-c-est-un","status":"publish","type":"post","link":"https:\/\/archives.regards.fr\/?p=12740","title":{"rendered":"\u00ab Apr\u00e8s le coup d&#8217;Etat militaire en Birmanie, la seule chose \u00e0 esp\u00e9rer, c&#8217;est un soul\u00e8vement massif \u00bb"},"content":{"rendered":"<p class=\"post_excerpt\">Aung San Suu Kyi, la cheffe du gouvernement birman, a \u00e9t\u00e9 arr\u00eat\u00e9e le 31 janvier par la junte. Le pouvoir militaire n&#8217;en est pas \u00e0 son premier coup d&#8217;\u00c9tat dans un pays dont la transition d\u00e9mocratique amorc\u00e9e il y a une dizaine d&#8217;ann\u00e9e \u00e9tait loin d&#8217;\u00eatre compl\u00e8te. On en parle avec Barth\u00e9l\u00e9my Courmont, directeur de recherche \u00e0 l&#8217;IRIS, sp\u00e9cialiste de l&#8217;Asie-Pacifique.<\/p>\n<h2>UNE MIDINALE \u00c0 VOIR&#8230;<\/h2>\n<p><iframe loading=\"lazy\" width=\"490\" height=\"276\" src=\"https:\/\/www.youtube.com\/embed\/foDE3h-3j8Y\" frameborder=\"0\" allow=\"accelerometer; autoplay; clipboard-write; encrypted-media; gyroscope; picture-in-picture\" allowfullscreen><\/iframe><\/p>\n<h2>ET \u00c0 LIRE&#8230;<\/h2>\n<p><em>\u00a0<strong>Sur le coup d\u2019Etat en Birmanie<\/em>\u00a0<\/strong><br \/>\n\u00ab\u00a0Il s\u2019agit d\u2019un nouveau coup d\u2019Etat en Birmanie. Il y a eu quatre coups d\u2019Etat au cours des 60 derni\u00e8res ann\u00e9es &#8211; des ann\u00e9es qui ont \u00e9t\u00e9 marqu\u00e9es au sommet de l\u2019Etat par la pr\u00e9sence des militaires avec un r\u00e9gime, une junte militaire pendant un demi si\u00e8cle.\u00a0\u00bb<br \/>\n\u00ab\u00a0Depuis une dizaine d\u2019ann\u00e9e, la Birmanie connait une transition d\u00e9mocratique un peu timide tout en s\u2019accommodant de la pr\u00e9sence des militaires.\u00a0\u00bb<br \/>\n\u00ab\u00a0Le r\u00e9sultat de l\u2019\u00e9lection de novembre &#8211; qui \u00e9tait une \u00e9lection g\u00e9n\u00e9rale &#8211; a confirm\u00e9 cette transition d\u00e9mocratique avec un score tr\u00e8s important en faveur du parti au pouvoir, la ligue nationale pour la d\u00e9mocratie &#8211; parti co-fond\u00e9 par Aung San Suu Kyi.\u00a0\u00bb<br \/>\n\u00ab\u00a0Les militaires ont contest\u00e9 le r\u00e9sultat de cet \u00e9lections en d\u00e9non\u00e7ant des fraudes.\u00a0Ils estiment qu\u2019il y aurait dix millions de faux \u00e9lecteurs. Il n\u2019y a aucune preuve de ce qu\u2019ils avancent. \u00bb<br \/>\n\u00ab\u00a0Les observateurs internationaux n\u2019ont pas relev\u00e9 d\u2019irr\u00e9gularit\u00e9s \u00e0 grande \u00e9chelle.\u00a0L\u2019argument des militaires n\u2019a pas \u00e9t\u00e9 confirm\u00e9 par d\u2019autres voix. \u00bb<br \/>\n\u00ab\u00a0Aung San Suu Kyi, avant d\u2019\u00eatre arr\u00eat\u00e9e, a invit\u00e9 la population birmane a r\u00e9sister et \u00e0 tenir le coup, \u00e0 ne pas se laisser priver de leur d\u00e9mocratie.\u00a0\u00bb<br \/>\n\u00ab\u00a0Il n\u2019y a pas de grande surprise [\u00e0 ce coup d\u2019Etat] mais c\u2019est une douche froide compte tenu des avanc\u00e9es que l\u2019on a connu au cours de ces derni\u00e8res ann\u00e9es.\u00a0\u00bb<\/p>\n<p><em>\u00a0<strong>Sur Aung San Suu Kyi et la junte<\/em>\u00a0<\/strong><br \/>\n\u00ab\u00a0Aung San Suu Kyi est l\u2019ennemie des militaires.\u00a0\u00bb<br \/>\n\u00ab\u00a0Aung San Suu Kyi est revenue en Birmanie en 1988 pour participer au mouvement d\u00e9mocratique qui s\u2019amor\u00e7ait \u00e0 cette \u00e9poque en co-fondant la ligue nationale pour la d\u00e9mocratie. C\u2019est comme \u00e7a qu\u2019elle devient dans le collimateur de la junte.\u00a0\u00bb<br \/>\n\u00ab\u00a0En 2008, la constitution a \u00e9t\u00e9 taill\u00e9e sur mesure contre Aung San Suu Kyi \u00e0 l\u2019instar de l\u2019interdiction pour toute personne ayant eu des enfants \u00e0 l\u2019\u00e9tranger, d\u2019acc\u00e9der \u00e0 la pr\u00e9sidence [ce qui est le cas apr\u00e8s avoir \u00e9pous\u00e9 un britannique].\u00a0\u00bb<br \/>\n\u00ab\u00a0Aung San Suu Kyi est une superstar en Birmanie. Elle est une ic\u00f4ne \u00e0 l\u2019int\u00e9rieur du pays mais aussi \u00e0 l\u2019international.\u00a0\u00bb<br \/>\n\u00ab\u00a0Aung San Suu Kyi a du, depuis l\u2019instauration d\u2019un r\u00e9gime dit d\u00e9mocratique, s\u2019accommoder d\u2019un constitution qu\u2019elle n\u2019a pas pu modifier [il faut deux tiers des parlementaires mais un quart du Parlement est de facto octroy\u00e9 aux militaires].\u00a0\u00bb<br \/>\n\u00ab\u00a0La constitution impose que le pouvoir d\u00e9mocratique doit cohabiter avec les militaires.\u00a0\u00bb<br \/>\n\u00ab\u00a0L\u2019arm\u00e9e a conserv\u00e9 des portefeuilles minist\u00e9riels extr\u00eamement importants : La d\u00e9fense, l\u2019int\u00e9rieur et les fronti\u00e8res.\u00a0\u00bb\u00a0<br \/>\n\u00ab\u00a0Aung San Suu Kyi cohabitait au pouvoir avec ses pires ennemis qui eux cherchaient \u00e0 fragiliser son pouvoir et son influence pour pouvoir reprendre \u00e9ventuellement le pouvoir.\u00a0\u00bb<br \/>\n\u00ab\u00a0Malgr\u00e9 un soutien populaire immense, il y a une impossibilit\u00e9 pour le pouvoir en place de modifier des \u00e9quilibres issus du r\u00e9gime pr\u00e9c\u00e9dent.\u00a0\u00bb<\/p>\n<p><em>\u00a0<strong>Sur le racisme et le nationalisme\u00a0<\/em>\u00a0<\/strong><br \/>\n\u00ab\u00a0Le r\u00e9gime n\u2019est pas un r\u00e9gime communiste ou fasciste. Il y a des sp\u00e9cificit\u00e9s qui sont propres \u00e0 cette junte avec deux imp\u00e9ratifs. Il y a la volont\u00e9 de contr\u00f4ler le pouvoir sans influence ext\u00e9rieure et il y a la dimension raciste qui renvoie \u00e0 la mosa\u00efque qu\u2019est la Birmanie.\u00a0\u00bb<br \/>\n\u00ab\u00a0Toute la politique de la junte a \u00e9t\u00e9 pendant 50 ans une politique raciste bas\u00e9e sur l\u2019oppression des minorit\u00e9s et des conflits \u00e0 r\u00e9p\u00e9tition dont certains sont encore m\u00e9connus.\u00a0\u00bb<br \/>\n\u00ab\u00a0On d\u00e9couvre petit \u00e0 petit la r\u00e9alit\u00e9 de ce r\u00e9gime totalitaire. Un r\u00e9gime qu\u2019on peut qualifier tout \u00e0 fait justement de nationaliste et raciste.\u00a0\u00bb<\/p>\n<p><em>\u00a0<strong>Sur la crise des Rohingyas<\/em>\u00a0<\/strong><br \/>\n\u00ab\u00a0La position personnelle de Aung San Suu Kyi sur les Rohingyas rejoint l\u2019opinion que de tr\u00e8s nombreux birmans ont : les rohingyas les ne les int\u00e9ressent pas.\u00a0\u00bb<br \/>\n\u00ab\u00a0Il n\u2019y a pas de popularit\u00e9 des rohingyas en Birmanie. Soit pour des raisons religieuses, soit pour des raisons historiques [un peuple originaire du Bengladesh] et g\u00e9ographiques.\u00a0L\u2019Etat dans lequel vivent les Rohingyas est tr\u00e8s isol\u00e9 du reste de la Birmanie. \u00bb<br \/>\n\u00ab\u00a0Il ne fait aucun doute qu\u2019Aung San Suu Kyi n\u2019a pas fait preuve de compassion pour les Rohingyas mais cela s\u2019explique &#8211; sans l\u2019excuser &#8211; par la r\u00e9alit\u00e9 de la Birmanie.\u00a0\u00bb<br \/>\n\u00ab\u00a0Chez certains groupes radicaux des rohingyas, il y avait un int\u00e9r\u00eat \u00e0 allumer la m\u00e8che pour attirer l\u2019attention sur leur mouvement et les pers\u00e9cutions dont ils font l\u2019objet.\u00a0\u00bb<br \/>\n\u00ab\u00a0Il est difficile de savoir si les militaires ont orchestr\u00e9 cette crise des Rohingyas mais ils l\u2019ont instrumentalis\u00e9 pour isoler davantage le pouvoir birman et le placer devant ses contradictions et ses limites.\u00a0\u00bb<br \/>\n\u00ab\u00a0En prenant la d\u00e9fense des Rohingyas pers\u00e9cut\u00e9s &#8211; ce qui \u00e9tait tout \u00e0 fait normal et l\u00e9gitime d\u2019un point de vue humanitaire -, la communaut\u00e9 internationale a malheureusement fragilis\u00e9 le pouvoir.\u00a0\u00bb<\/p>\n<p><em>\u00a0<strong>Sur la position de la communaut\u00e9 internationale et des pays de l\u2019ASEAN (Association des nations de l\u2019Asie du Sud-Est)<\/em>\u00a0<\/strong><br \/>\n\u00ab\u00a0Les d\u00e9mocraties occidentales ont r\u00e9agi de mani\u00e8re assez pr\u00e9visible, normale et saine : on sait ce qu\u2019a \u00e9t\u00e9 le r\u00e9gime de la junte pendant pr\u00e8s d&#8217;un demi si\u00e8cle et la perspective de voir ce pays et ses 54 millions d\u2019habitants replonger dans ce r\u00e9gime impose une condamnation tr\u00e8s ferme.\u00a0\u00bb<br \/>\n\u00ab\u00a0On peut imaginer l\u2019Union europ\u00e9enne ou les Etats-Unis adopter un certain nombre de sanctions avec des interrogations malheureusement sur leurs potentielles cons\u00e9quences : c\u2019est la population qui va en souffrir, pas n\u00e9cessairement le r\u00e9gime.\u00a0\u00bb<br \/>\n\u00ab\u00a0Sur une vraie isolation \u00e0 l\u2019international, notamment d\u00e9cid\u00e9e par le Conseil de S\u00e9curit\u00e9 de l\u2019ONU qui doit se r\u00e9unir \u00e0 ce sujet, se pose la question de la participation de la Chine : la Chine est un partenaire proche de la Birmanie, notamment depuis qu&#8217;ont \u00e9t\u00e9 lev\u00e9es les sanctions et que le r\u00e9gime a saut\u00e9.\u00a0La Chine n\u2019a aucun int\u00e9r\u00eat \u00e0 voir la Birmanie isol\u00e9e et interdite d\u2019\u00e9changes internationaux.\u00a0\u00bb<br \/>\n\u00ab\u00a0La Chine ne va pas soutenir la junte car ce n\u2019est pas bon pour ses affaires mais elle risque de s\u2019en accommoder comme elle s&#8217;\u00e9tait accommod\u00e9e de la transition d\u00e9mocratique.\u00a0\u00bb<br \/>\n\u00ab\u00a0La Chine a jou\u00e9 un r\u00f4le ambivalent vis-\u00e0-vis de la Birmanie : elle l\u2019a soutenue, notamment pendant la crise des Rohingyas mais elle a gard\u00e9 des liens \u00e9troits avec les militaires.\u00a0\u00bb<br \/>\n\u00ab\u00a0Dans l\u2019ASEAN, il y a une culture du compromis.\u00a0\u00bb<br \/>\n\u00ab\u00a0L\u2019ASEAN est une toute petite structure, ce n&#8217;est pas l\u2019Union europ\u00e9enne.\u00a0\u00bb<br \/>\n\u00ab\u00a0Ce sont les Etats-membres de l\u2019ASEAN qui peuvent prendre des positions\u2026 Or, on constate, dans le pays voisin de Birmanie qui est la Tha\u00eflande, une tendance similaire : un coup d\u2019Etat en 2014, suivie d\u2019une nouvelle Constitution et de la mise en place d\u2019un gouvernement, puis une d\u00e9rive autoritaire qui n\u2019a fait que se confirmer\u2026\u00a0\u00bb<br \/>\n\u00ab\u00a0Il y a beaucoup de rivalit\u00e9s entre les Etats de l\u2019ASEAN, notamment sur l&#8217;attractivit\u00e9 des investissements\u2026\u00a0\u00bb<\/p>\n<p><em>\u00a0<strong>Sur l\u2019avenir de la contestation en Birmanie contre ce coup d&#8217;Etat<\/em>\u00a0<\/strong><br \/>\n\u00ab\u00a0La seule chose que l&#8217;on peut esp\u00e9rer, c\u2019est un soul\u00e8vement tellement massif que la junte ne soit contrainte de c\u00e9der et d\u2019accepter cette transition. Mais cela reste en pointill\u00e9s\u2026\u00a0\u00bb<br \/>\n\u00ab\u00a0Il y a eu des restrictions tr\u00e8s strictes en Birmanie \u00e0 cause de l\u2019\u00e9pid\u00e9mie de Covid-19.\u00a0\u00bb<br \/>\n\u00ab\u00a0Qui dit pand\u00e9mie dit mesures strictes et donc interventionnisme de l\u2019arm\u00e9e.\u00a0\u00bb<br \/>\n\u00ab\u00a0Il y a, au cours des derni\u00e8res ann\u00e9es, une culture multiforme de la contestation qui s&#8217;est d\u00e9velopp\u00e9e en Birmanie : \u00e0 la fois d&#8217;un point de vue politique avec le mouvement de la Ligue nationale de la d\u00e9mocratie [fond\u00e9e par Aung San Suu Kyi] qui a trente ans d\u2019existence et qui est extr\u00eamement bien implant\u00e9e localement, et \u00e0 la fois d\u2019un point de vue \u00e9thnico-religieux, avec notamment l\u2019importance de certains mouvements bouddhistes en faveur de la d\u00e9mocratie.\u00a0\u00bb<br \/>\n\u00ab\u00a0L\u2019arm\u00e9e va proc\u00e9der \u00e0 une vague d\u2019arrestations. On n\u2019a pas, \u00e0 ce jour, d\u2019information pr\u00e9cise, mais sans doute que tous les d\u00e9put\u00e9s du Parlement birman ont \u00e9t\u00e9 arr\u00eat\u00e9s hier matin.\u00a0\u00bb<div id='gallery-1' class='gallery galleryid-12740 gallery-columns-3 gallery-size-thumbnail'><figure class='gallery-item'>\n\t\t\t<div class='gallery-icon landscape'>\n\t\t\t\t<a href='https:\/\/archives.regards.fr\/wp-content\/uploads\/2021\/02\/capture_d_e_cran_2021-02-02_a_13-5fe.23.43.png'><img loading=\"lazy\" decoding=\"async\" width=\"150\" height=\"150\" src=\"https:\/\/archives.regards.fr\/wp-content\/uploads\/2021\/02\/capture_d_e_cran_2021-02-02_a_13-5fe.23.43-150x150.png\" class=\"attachment-thumbnail size-thumbnail\" alt=\"capture_d_e_cran_2021-02-02_a_13.23.43.png\" \/><\/a>\n\t\t\t<\/div><\/figure>\n\t\t<\/div>\n<\/p>\n","protected":false},"excerpt":{"rendered":"<p>Aung San Suu Kyi, la cheffe du gouvernement birman, a \u00e9t\u00e9 arr\u00eat\u00e9e le 31 janvier par la junte. Le pouvoir militaire n&#8217;en est pas \u00e0 son premier coup d&#8217;\u00c9tat dans un pays dont la transition d\u00e9mocratique amorc\u00e9e il y a une dizaine d&#8217;ann\u00e9e \u00e9tait loin d&#8217;\u00eatre compl\u00e8te. On en parle avec Barth\u00e9l\u00e9my Courmont, directeur de recherche \u00e0 l&#8217;IRIS, sp\u00e9cialiste de l&#8217;Asie-Pacifique.<\/p>\n","protected":false},"author":1204,"featured_media":30240,"comment_status":"open","ping_status":"open","sticky":false,"template":"","format":"standard","meta":{"_themeisle_gutenberg_block_has_review":false,"footnotes":""},"categories":[238],"tags":[293],"class_list":["post-12740","post","type-post","status-publish","format-standard","has-post-thumbnail","hentry","category-la-midinale","tag-entretien"],"_links":{"self":[{"href":"https:\/\/archives.regards.fr\/index.php?rest_route=\/wp\/v2\/posts\/12740","targetHints":{"allow":["GET"]}}],"collection":[{"href":"https:\/\/archives.regards.fr\/index.php?rest_route=\/wp\/v2\/posts"}],"about":[{"href":"https:\/\/archives.regards.fr\/index.php?rest_route=\/wp\/v2\/types\/post"}],"author":[{"embeddable":true,"href":"https:\/\/archives.regards.fr\/index.php?rest_route=\/wp\/v2\/users\/1204"}],"replies":[{"embeddable":true,"href":"https:\/\/archives.regards.fr\/index.php?rest_route=%2Fwp%2Fv2%2Fcomments&post=12740"}],"version-history":[{"count":0,"href":"https:\/\/archives.regards.fr\/index.php?rest_route=\/wp\/v2\/posts\/12740\/revisions"}],"wp:featuredmedia":[{"embeddable":true,"href":"https:\/\/archives.regards.fr\/index.php?rest_route=\/wp\/v2\/media\/30240"}],"wp:attachment":[{"href":"https:\/\/archives.regards.fr\/index.php?rest_route=%2Fwp%2Fv2%2Fmedia&parent=12740"}],"wp:term":[{"taxonomy":"category","embeddable":true,"href":"https:\/\/archives.regards.fr\/index.php?rest_route=%2Fwp%2Fv2%2Fcategories&post=12740"},{"taxonomy":"post_tag","embeddable":true,"href":"https:\/\/archives.regards.fr\/index.php?rest_route=%2Fwp%2Fv2%2Ftags&post=12740"}],"curies":[{"name":"wp","href":"https:\/\/api.w.org\/{rel}","templated":true}]}}