{"id":12732,"date":"2021-01-28T11:47:17","date_gmt":"2021-01-28T10:47:17","guid":{"rendered":"https:\/\/wp.muchomaas.com\/article-ugo-palheta-il-n-y-a-pas-d-immunite-face-a-l-extreme-droite\/"},"modified":"2023-06-24T00:10:56","modified_gmt":"2023-06-23T22:10:56","slug":"article-ugo-palheta-il-n-y-a-pas-d-immunite-face-a-l-extreme-droite","status":"publish","type":"post","link":"https:\/\/archives.regards.fr\/?p=12732","title":{"rendered":"Ugo Palheta : \u00ab Il n\u2019y a pas d\u2019immunit\u00e9 face \u00e0 l\u2019extr\u00eame droite \u00bb"},"content":{"rendered":"<p class=\"post_excerpt\">Un sondage Harris non publi\u00e9 place Marine Le Pen \u00e0 48% des voix au second tour face \u00e0 Emmanuel Macron qui obtiendrait 52% des voix. L\u2019\u00e9tau se resserre. L\u2019extr\u00eame droite, en France et en Europe, est-elle aux portes du pouvoir ? Ugo Palheta, sociologue et auteur de <em>La possibilit\u00e9 du fascisme<\/em> aux \u00c9dition La D\u00e9couverte, est l\u2019invit\u00e9 de #LaMidinale.<\/p>\n<h2>UNE MIDINALE \u00c0 VOIR&#8230;<\/h2>\n<p><iframe loading=\"lazy\" width=\"490\" height=\"276\" src=\"https:\/\/www.youtube.com\/embed\/L20x8hmRwWw\" frameborder=\"0\" allow=\"accelerometer; autoplay; clipboard-write; encrypted-media; gyroscope; picture-in-picture\" allowfullscreen><\/iframe><\/p>\n<p>&nbsp;<\/p>\n<p><h2>ET \u00c0 LIRE&#8230;<\/h2>\n<p><em>\u00a0<strong>Sur G\u00e9n\u00e9ration identitaire<\/em>\u00a0<\/strong><br \/>\n\u00ab\u00a0G\u00e9n\u00e9ration identitaire est un groupuscule dont l\u2019id\u00e9ologie est clairement fasciste.\u00a0\u00bb<br \/>\n\u00ab\u00a0Pour g\u00e9n\u00e9ration identitaire il s\u2019agit de purger par notamment une forme de d\u00e9portation de masse qu\u2019ils appellent la remigration : il s\u2019agirait de purger tout une partie de la population fran\u00e7aise ou \u00e9trang\u00e8re vivant en France.\u00a0\u00bb<br \/>\n\u00ab\u00a0Les militants de g\u00e9n\u00e9ration identitaire, apr\u00e8s Maurras, Camus, reprennent la th\u00e9orie du grand remplacement c\u2019est-\u00e0-dire ce qu\u2019ils per\u00e7oivent comme le d\u00e9clin d\u00e9mographique, la dissolution fran\u00e7aise et surtout de l\u2019identit\u00e9 europ\u00e9enne et de l\u2019Europe blanche, comme ils le disent dans leur discours.\u00a0\u00bb<br \/>\n\u00ab\u00a0G\u00e9n\u00e9ration identitaire est une sorte d\u2019agence de com\u2019 de la faschosph\u00e8re.\u00a0\u00bb\u00a0<br \/>\n\u00ab\u00a0G\u00e9n\u00e9ration identitaire fait aussi la petite main pour le rassemblement national \u00e0 travers des postes de collaborateurs pour des \u00e9lus.\u00a0\u00bb<br \/>\n\u00ab\u00a0G\u00e9n\u00e9ration identitaire est un groupuscule violent qui commet des agressions r\u00e9p\u00e9t\u00e9es depuis ces dix derni\u00e8res ann\u00e9es.\u00a0\u00bb<br \/>\n\u00ab\u00a0La dissolution de g\u00e9n\u00e9ration identitaire peut \u00eatre consid\u00e9r\u00e9e comme n\u00e9cessaire du point de vue de l\u2019id\u00e9ologie qu\u2019elle d\u00e9fend qui est une id\u00e9ologie raciste avec de claires accointances avec le fascisme.\u00a0\u00bb<br \/>\n\u00ab\u00a0G\u00e9n\u00e9ration identitaire et le rassemblement national ont des convergences id\u00e9ologiques tr\u00e8s fortes.\u00a0\u00bb<\/p>\n<p><em>\u00a0<strong>Sur la banalisation de l\u2019extr\u00eame droite<\/em>\u00a0<\/strong><br \/>\n\u00ab\u00a0On a clairement un processus de banalisation et de l\u00e9gitimation de leurs id\u00e9es sur le plan m\u00e9diatique.\u00a0\u00bb<br \/>\n\u00ab\u00a0Il y a un basculement d\u2019une partie des \u00e9lites \u00e9conomiques, politiques et m\u00e9diatiques vers l\u2019extr\u00eame droite. C\u2019est manifeste \u00e0 travers le choix fait par Bollor\u00e9 en donnant une audience importante aux id\u00e9es d\u2019extr\u00eame droite.\u00a0\u00bb<br \/>\n\u00ab\u00a0Toutes les cha\u00eenes d\u2019infos en continu veulent leur \u00e9ditorialiste d\u2019extr\u00eame droite.\u00a0\u00bb<br \/>\n\u00ab\u00a0L\u2019extr\u00eame droite identitaire s\u2019\u00e9tait beaucoup organis\u00e9e sur Internet et \u00e0 pr\u00e9sent elle est pr\u00e9sente aussi sur les m\u00e9dias mainstream.\u00a0\u00bb<\/p>\n<p><em>\u00a0<strong>Sur Marine Le Pen et le RN<\/em>\u00a0<\/strong><br \/>\n\u00ab\u00a0La rh\u00e9torique identitaire est depuis longtemps au c\u0153ur du discours du Front National.\u00a0\u00bb<br \/>\n\u00ab\u00a0Le discours de Marine Le Pen est de plus en plus audible. Elle semble dire des choses raisonnables parce qu\u2019on les entend de plus en plus sur les cha\u00eenes d\u2019infos en continu.\u00a0\u00bb<br \/>\n\u00ab Quand vos id\u00e9es sont reprises \u00e0 la t\u00e9l\u00e9 et dans les radios, il y a un effet de l\u00e9gitimation. \u00c7a cr\u00e9dibilise les discours.\u00a0\u00bb<br \/>\n\u00ab\u00a0On est dans un contexte o\u00f9 l\u2019extr\u00eame droite peut se d\u00e9velopper pr\u00e9cis\u00e9ment en l\u2019absence d\u2019une offre alternative, d\u2019une offre de gauche qui pourrait permettre de donner sens \u00e0 la crise actuelle, sociale, sanitaire et environnementale pour proposer une issue.\u00a0\u00bb<br \/>\n\u00ab\u00a0Il y a des r\u00e9ponses beaucoup plus efficaces que les r\u00e9ponses nationalistes face au virus : le virus va continuer de circuler m\u00eame si l\u2019on ferme les fronti\u00e8res.\u00a0\u00bb<\/p>\n<p><em>\u00a0<strong>Sur l\u2019alliance potentielle des souverainistes des deux rives<\/em>\u00a0<\/strong><br \/>\n\u00ab\u00a0Tous ceux qui se sont essay\u00e9s \u00e0 ce type d\u2019alliances ont fait la d\u00e9monstration que c\u2019\u00e9tait une strat\u00e9gie perdante.\u00a0\u00bb<br \/>\n\u00ab\u00a0Tous ceux qui s\u2019y sont essay\u00e9s, comme Jean-Pierre Chev\u00e8nement, ont fini par d\u00e9river vers des id\u00e9es nationalistes.\u00a0\u00bb<br \/>\n\u00ab\u00a0Jean-Pierre Chev\u00e8nement n\u2019a jamais voulu faire alliance avec le FN &#8211; c\u2019\u00e9tait sa limite. Mais sa tentative du c\u00f4t\u00e9 de Pasqua et De Villiers n\u2019ont pas vraiment particip\u00e9 \u00e0 faire reculer les id\u00e9es d\u2019extr\u00eame droite\u2026\u00a0\u00bb<br \/>\n\u00ab\u00a0Tous ceux qui se sont essay\u00e9, \u00e0 gauche, \u00e0 reprendre les id\u00e9es nationalistes et x\u00e9nophobes ont \u00e9t\u00e9, d\u2019une certaine mani\u00e8re, enterr\u00e9s vivants : pensons \u00e0 ce sinistre Manuel Valls.\u00a0\u00bb<br \/>\n\u00ab\u00a0La cat\u00e9gorie de souverainisme est une cat\u00e9gorie que je n\u2019utilise pas car elle renvoie \u00e0 la souverainet\u00e9 populaire qui est une question importante car elle renvoie \u00e0 la question du pouvoir dont dispose la population et en particulier les cat\u00e9gories populaires sur leur destin.\u00a0\u00bb<br \/>\n\u00ab\u00a0Le jeu de l\u2019extr\u00eame droite, c\u2019est de faire croire qu\u2019ils sont les meilleurs d\u00e9fenseurs de la souverainet\u00e9 populaire en l\u2019assimilant \u00e0 celle de la souverainet\u00e9 nationale.\u00a0\u00bb<br \/>\n\u00ab\u00a0Ce qui est repris par Arnaud Montebourg et auparavant Jean-Pierre Chev\u00e8nement, c\u2019est le nationalisme, c\u2019est-\u00e0-dire une repr\u00e9sentation qui fait de la nation et de sa sauvegarde l\u2019alpha et l\u2019om\u00e9ga de la politique et surtout de l\u2019alternative.\u00a0\u00bb<\/p>\n<p><em>\u00a0<strong>Sur Emmanuel Macron, meilleur alli\u00e9 de l\u2019extr\u00eame droite ?<\/em>\u00a0<\/strong><br \/>\n\u00ab\u00a0Quand on m\u00e8ne des politiques de destruction sociale, qui persistent \u00e0 d\u00e9grader les services publiques, quand on autorise les entreprises \u00e0 proc\u00e9der \u00e0 des licenciements, et que par ailleurs, on met en place une partie du programme de l\u2019extr\u00eame droite sur l\u2019autoritarisme, de l\u2019islamophobie et de la x\u00e9nophobie, il n\u2019y a pas de secret, \u00e0 la fin, ceux qui tirent leurs marrons du feu, c\u2019est l\u2019extr\u00eame droite.\u00a0\u00bb<br \/>\n\u00ab\u00a0Dans la mesure o\u00f9 la lutte politique contre l\u2019extr\u00eame droite ne sera pas men\u00e9e, il n\u2019y aura aucun plafond de verre qui pourra nous sauver.\u00a0\u00bb<\/p>\n<p><em>\u00a0<strong>Sur la pouss\u00e9e de l\u2019extr\u00eame droite au Portugal<\/em>\u00a0<\/strong><br \/>\n\u00ab\u00a0Depuis quelques ann\u00e9es, tous les pays dans lesquels l\u2019extr\u00eame droite n\u2019avait pas perc\u00e9 \u00e9lectoralement jusqu\u2019\u00e0 maintenant comme l\u2019Allemagne, la Su\u00e8de, l\u2019Espagne ou le Portugal, c\u2019est fini.\u00a0\u00bb<br \/>\n\u00ab\u00a0Au Portugal, c\u2019est la premi\u00e8re fois que l\u2019extr\u00eame droite se retrouve au Parlement depuis la r\u00e9volution de 1974-1975 qui avait mis fin \u00e0 une dictature fasciste de 45 ans.\u00a0\u00bb<br \/>\n\u00ab\u00a0Il n\u2019y a plus d\u2019exception portugaise en mati\u00e8re d\u2019extr\u00eame droite.\u00a0Il n\u2019y a pas d\u2019immunit\u00e9 face \u00e0 l\u2019extr\u00eame droite.\u00a0\u00bb<br \/>\n\u00ab\u00a0Le Portugal a \u00e9t\u00e9 assomm\u00e9 par des politiques n\u00e9olib\u00e9rales au d\u00e9but des ann\u00e9es 2010.\u00a0La majorit\u00e9 de gauche PS appuy\u00e9e au Parlement (mais sans ministre) par le Parti communiste portugais et le Bloc de gauche, allait pouvoir r\u00e9soudre la crise \u00e9conomique, sociale et politique.\u00a0\u00bb<br \/>\n\u00ab\u00a0Ce gouvernement de gauche a amorti la crise en revenant sur certaines des r\u00e9gressions les plus patentes de la p\u00e9riode pr\u00e9c\u00e9dente mais n\u2019a pas r\u00e9ussi \u00e0 avancer les \u00e9l\u00e9ments d\u2019une alternative sociale.\u00a0\u00bb<br \/>\n\u00ab\u00a0Quand il y a un mix entre une bourgeoisie en grande partie d\u00e9l\u00e9gitim\u00e9e politiquement par ses partis de droite et que la gauche ne peut faire \u00e9merger une alternative, l\u2019extr\u00eame droite est en capacit\u00e9, si elle trouve un leader charismatique, ce qui est le cas avec Ventura, elle est en capacit\u00e9 de percer.\u00a0\u00bb<\/p>\n<p><em>\u00a0<strong>Sur l\u2019extr\u00eame droite \u00e0 l\u2019\u00e9chelle europ\u00e9enne<\/em>\u00a0<\/strong><br \/>\n\u00ab\u00a0Les identitaires sont organis\u00e9s au niveau europ\u00e9en.\u00a0\u00bb<br \/>\n\u00ab\u00a0Pour les grands partis, c\u2019est un peu diff\u00e9rents : ils souhaitent avoir une influence au niveau europ\u00e9en donc se sont organis\u00e9s au niveau du Parlement europ\u00e9en &#8211; mais pas tous\u2026 car ils ont des convergences sur la volont\u00e9 d\u2019une Europe blanche (m\u00eame si ce n\u2019est pas toujours dit explicitement) mais, par exemple, Vox, le parti espagnol contre l\u2019ind\u00e9pendance de la Catalogne, ne pouvait pas se retrouver dans le m\u00eame groupe que le Vlaams Belang, ind\u00e9pendantiste.\u00a0\u00bb<br \/>\n\u00ab\u00a0Il n\u2019y a pas d\u2019internationale brune constitu\u00e9e.\u00a0\u00bb<\/p>\n<p><em>\u00a0<strong>Sur les combats antiracistes<\/em>\u00a0<\/strong><br \/>\n\u00ab\u00a0Quand on regarde le tableau g\u00e9n\u00e9ral de l\u2019antiracisme en France, il y a des \u00e9l\u00e9ments de recul et d\u2019avanc\u00e9e.\u00a0\u00bb<br \/>\n\u00ab\u00a0Il y a une forme de politisation antiraciste de masse qui s\u2019op\u00e8re notamment dans les jeunes g\u00e9n\u00e9rations.\u00a0\u00bb<br \/>\n\u00ab\u00a0Il y a une difficult\u00e9 \u00e0 traduire cette politisation en organisations politiques autonomes de l\u2019Etat.\u00a0\u00bb<br \/>\n\u00ab\u00a0Il y a une aspiration chez beaucoup, notamment chez les descendants d\u2019immigr\u00e9s non europ\u00e9ens, issus de la colonisation comme disait Abdelmalek Sayad, de poser la question du racisme dans sa forme syst\u00e9mique et d\u2019Etat.\u00a0\u00bb<div id='gallery-1' class='gallery galleryid-12732 gallery-columns-3 gallery-size-thumbnail'><figure class='gallery-item'>\n\t\t\t<div class='gallery-icon landscape'>\n\t\t\t\t<a href='https:\/\/archives.regards.fr\/wp-content\/uploads\/2021\/01\/capture_d_e_cran_2021-01-28_a_11-a36.45.35.png'><img loading=\"lazy\" decoding=\"async\" width=\"150\" height=\"150\" src=\"https:\/\/archives.regards.fr\/wp-content\/uploads\/2021\/01\/capture_d_e_cran_2021-01-28_a_11-a36.45.35-150x150.png\" class=\"attachment-thumbnail size-thumbnail\" alt=\"capture_d_e_cran_2021-01-28_a_11.45.35.png\" \/><\/a>\n\t\t\t<\/div><\/figure>\n\t\t<\/div>\n<\/p>\n","protected":false},"excerpt":{"rendered":"<p>Un sondage Harris non publi\u00e9 place Marine Le Pen \u00e0 48% des voix au second tour face \u00e0 Emmanuel Macron qui obtiendrait 52% des voix. L\u2019\u00e9tau se resserre. L\u2019extr\u00eame droite, en France et en Europe, est-elle aux portes du pouvoir ? Ugo Palheta, sociologue et auteur de <em>La possibilit\u00e9 du fascisme<\/em> aux \u00c9dition La D\u00e9couverte, est l\u2019invit\u00e9 de #LaMidinale.<\/p>\n","protected":false},"author":1204,"featured_media":30230,"comment_status":"open","ping_status":"open","sticky":false,"template":"","format":"standard","meta":{"_themeisle_gutenberg_block_has_review":false,"footnotes":""},"categories":[238],"tags":[293],"class_list":["post-12732","post","type-post","status-publish","format-standard","has-post-thumbnail","hentry","category-la-midinale","tag-entretien"],"_links":{"self":[{"href":"https:\/\/archives.regards.fr\/index.php?rest_route=\/wp\/v2\/posts\/12732","targetHints":{"allow":["GET"]}}],"collection":[{"href":"https:\/\/archives.regards.fr\/index.php?rest_route=\/wp\/v2\/posts"}],"about":[{"href":"https:\/\/archives.regards.fr\/index.php?rest_route=\/wp\/v2\/types\/post"}],"author":[{"embeddable":true,"href":"https:\/\/archives.regards.fr\/index.php?rest_route=\/wp\/v2\/users\/1204"}],"replies":[{"embeddable":true,"href":"https:\/\/archives.regards.fr\/index.php?rest_route=%2Fwp%2Fv2%2Fcomments&post=12732"}],"version-history":[{"count":0,"href":"https:\/\/archives.regards.fr\/index.php?rest_route=\/wp\/v2\/posts\/12732\/revisions"}],"wp:featuredmedia":[{"embeddable":true,"href":"https:\/\/archives.regards.fr\/index.php?rest_route=\/wp\/v2\/media\/30230"}],"wp:attachment":[{"href":"https:\/\/archives.regards.fr\/index.php?rest_route=%2Fwp%2Fv2%2Fmedia&parent=12732"}],"wp:term":[{"taxonomy":"category","embeddable":true,"href":"https:\/\/archives.regards.fr\/index.php?rest_route=%2Fwp%2Fv2%2Fcategories&post=12732"},{"taxonomy":"post_tag","embeddable":true,"href":"https:\/\/archives.regards.fr\/index.php?rest_route=%2Fwp%2Fv2%2Ftags&post=12732"}],"curies":[{"name":"wp","href":"https:\/\/api.w.org\/{rel}","templated":true}]}}