{"id":12729,"date":"2021-01-27T12:22:01","date_gmt":"2021-01-27T11:22:01","guid":{"rendered":"https:\/\/wp.muchomaas.com\/article-adrien-cornet-total-s-achete-une-conscience-verte-en-supprimant-700-emplois\/"},"modified":"2023-06-24T00:10:43","modified_gmt":"2023-06-23T22:10:43","slug":"article-adrien-cornet-total-s-achete-une-conscience-verte-en-supprimant-700-emplois","status":"publish","type":"post","link":"https:\/\/archives.regards.fr\/?p=12729","title":{"rendered":"Adrien Cornet : \u00ab Total s&#8217;ach\u00e8te une conscience verte en supprimant 700 emplois : nous ne laisserons pas faire \u00bb"},"content":{"rendered":"<p class=\"post_excerpt\">Les salari\u00e9s de la raffinerie Total de Grandpuits sont en gr\u00e8ve depuis le 4 janvier. Un plan social pr\u00e9voit la suppression de 700 emplois. Adrien Cornet, d\u00e9l\u00e9gu\u00e9 CGT de la raffinerie, est l\u2019invit\u00e9 de #LaMidinale.<\/p>\n<h2>UNE MIDINALE \u00c0 VOIR&#8230;<\/h2>\n<p><iframe loading=\"lazy\" width=\"490\" height=\"276\" src=\"https:\/\/www.youtube.com\/embed\/zr-2f9YLDy8\" frameborder=\"0\" allow=\"accelerometer; autoplay; clipboard-write; encrypted-media; gyroscope; picture-in-picture\" allowfullscreen><\/iframe><\/p>\n<p>&nbsp;<\/p>\n<p>Pour les aider, c&#8217;est par ici : <a href=\"https:\/\/www.cotizup.com\/raffineursgpsggvenlutte\">https:\/\/www.cotizup.com\/raffineursgpsggvenlutte<\/a><\/p>\n<h2>ET \u00c0 LIRE&#8230;<\/h2>\n<p><em>\u00a0<strong>Sur les raisons de la gr\u00e8ve<\/em>\u00a0<\/strong><br \/>\n\u00ab\u00a0On fait gr\u00e8ve depuis le 4 janvier parce qu\u2019on est confront\u00e9 \u00e0 un plan social de 700 emplois dont 200 chez Total et 400 chez les sous-traitants sous couvert de greenwashing.\u00a0\u00bb<br \/>\n\u00ab\u00a0Total voudrait faire croire qu\u2019il prend le virage \u00e9cologique.\u00a0\u00bb<br \/>\n\u00ab\u00a0Notre principale bataille c\u2019est l\u2019emploi mais notre mot d\u2019ordre est de repenser un projet d\u2019ampleur qui pense vraiment la transition \u00e9cologique tout en maintenant les emplois.\u00a0\u00bb<\/p>\n<p><em>\u00a0<strong>Sur emplois et transition \u00e9cologique\u00a0<\/em>\u00a0<\/strong><br \/>\n\u00ab\u00a0Pour les actionnaires de Total, l\u2019obsession c\u2019est le profit. Donc leur projet ne peut que raisonner en termes de suppressions d\u2019emplois.\u00a0\u00bb<br \/>\n\u00ab\u00a0On dit qu\u2019un emploi Total avec les cotisations patronales, \u00e7a co\u00fbte 100.000 euros. Ils ont donc fait un calcul simple : sur vingt ans, 200 suppressions d\u2019emplois c\u2019est 400 millions d\u2019euros et c\u2019est exactement ce qu\u2019ils mettent dans le projet.\u00a0\u00bb<br \/>\n\u00ab\u00a0Leur projet sera tr\u00e8s rentable parce que le bioplastique rapportera 60 millions d\u2019euros par an.\u00a0\u00bb<\/p>\n<p><em>\u00a0<strong>Sur les alternatives possibles<\/em>\u00a0<\/strong><br \/>\n\u00ab\u00a0En attendant de trouver un vrai projet alternatif, qui pense r\u00e9ellement la transition \u00e9cologique et les \u00e9nergies propres, on pourrait laisser la raffinerie en l\u2019\u00e9tat parce qu\u2019elle r\u00e9pond \u00e0 des besoins.\u00a0\u00bb<br \/>\n\u00ab\u00a0Le projet alternatif &#8211; que l\u2019on a travaill\u00e9 avec des organisations \u00e9colos, des ing\u00e9nieurs, des chercheurs &#8211; doit \u00eatre \u00e0 la fois propre et maintenir les emplois.\u00a0\u00bb<br \/>\n\u00ab\u00a0Le CDD et les int\u00e9rimaires sont les premiers sacrifi\u00e9s. Va venir le tour des sous-traitants. \u00c7a fait 25 ans qu\u2019on travaille ensemble. On demande l\u2019internalisation de ces m\u00e9tiers.\u00a0\u00bb<\/p>\n<p><em>\u00a0<strong>Sur les soutiens politiques \u00e0 leur lutte<\/em>\u00a0<\/strong><br \/>\n\u00ab\u00a0La plupart des soutiens va arriver \u00e0 14h : Cl\u00e9mentine Autain, Olivier Besancenot, Julien Bayou n\u2019est pas l\u00e0 mais nous a beaucoup soutenu, tout le collectif Plus jamais \u00e7a sera l\u00e0.\u00a0\u00bb<br \/>\n\u00ab\u00a0On a introduit, dans cette lutte, le politique pour leur dire : vous appelez \u00e0 prendre de futures responsabilit\u00e9s demain, \u00e0 la r\u00e9gion ou ailleurs, donc positionnez vous par rapport \u00e0 notre lutte.\u00a0\u00bb<br \/>\n\u00ab\u00a0Face \u00e0 une multinationale aussi puissante que Total qui se vante \u00e0 l\u2019international d\u2019\u00eatre plus puissante que le Quai d\u2019Orsay, on pense qu\u2019il faut construire un bloc h\u00e9g\u00e9monique tr\u00e8s puissant pour le renverser avec des milliers de gens dans la rue &#8211; et on a besoin des politiques pour \u00e7a.\u00a0\u00bb<br \/>\n\u00ab\u00a0Si on pense la transition \u00e9cologique mais pas en opposant fin du mois et fin du monde, il faut fonder un bloc h\u00e9g\u00e9monique \u00e9norme pour pouvoir visibiliser l\u2019expropriation de la transition \u00e9cologique dans les mains des capitalistes comme Total.\u00a0\u00bb<br \/>\n\u00ab\u00a0Les travailleurs ont \u00e9t\u00e9 mille fois trahis par les politiques mais, pour autant, la question politique doit \u00eatre au centre des combats des travailleurs : on ne doit pas la d\u00e9l\u00e9guer.\u00a0\u00bb<\/p>\n<p><em>\u00a0<strong>Fin du mois versus fin du monde ?<\/em>\u00a0<\/strong><br \/>\n\u00ab\u00a0Les travailleurs sont tr\u00e8s affect\u00e9s et inquiets de perdre leur emploi et d\u2019avoir des fins de mois difficiles. Mais une fois que la fin du mois sera r\u00e9solue pour eux, qu\u2019ils auront la garantie d\u2019avoir un frigo plein qui peut nourrir leur famille, ils savent qu\u2019il faut s\u2019int\u00e9resser \u00e0 la fin du monde.\u00a0\u00bb<br \/>\n\u00ab\u00a0Les ouvriers, parce qu\u2019ils ont en mains leur outil de travail, doivent \u00eatre au centre de la transition \u00e9cologique. Sinon, les travailleurs regardent cette transition \u00e9cologique comme un truc de bobos \u00e9colos des centres-villes et pas comme quelque chose qui les concerne.\u00a0\u00bb<br \/>\n\u00ab\u00a0Quand des entreprises comme Total polluent sans qu\u2019il n\u2019y ait aucun frein et alors qu\u2019on leur demande de trier leurs bouteilles et leurs plastiques, il y a une incoh\u00e9rence qu\u2019ils ne peuvent pas avaler.\u00a0\u00bb<\/p>\n<p><em>\u00a0<strong>Sur le rapport aux politiques qui font partie de la majorit\u00e9 de droite (et aux socialistes)<\/em>\u00a0<\/strong><br \/>\n\u00ab\u00a0On a interpell\u00e9 tous les candidats aux \u00e9lections r\u00e9gionales via Twitter en leur demandant de se positionner sur le projet de Grandpuits pour assumer les 700 suppressions d\u2019emplois puisqu\u2019ils pr\u00e9tendent \u00e0 des responsabilit\u00e9s mais on n\u2019a pas eu de r\u00e9ponse de la R\u00e9publique en Marche ou du Parti socialiste.\u00a0\u00bb<br \/>\n\u00ab\u00a0Il y a des gens, dans les politiques et dans les m\u00e9dias, qui pr\u00e9f\u00e8rent d\u00e9tourner le regard : pour eux, la lutte de Grandpuits n\u2019existe pas.\u00a0\u00bb<div id='gallery-1' class='gallery galleryid-12729 gallery-columns-3 gallery-size-thumbnail'><figure class='gallery-item'>\n\t\t\t<div class='gallery-icon landscape'>\n\t\t\t\t<a href='https:\/\/archives.regards.fr\/wp-content\/uploads\/2021\/01\/capture_d_e_cran_2021-01-27_a_12-2c7.19.10.png'><img loading=\"lazy\" decoding=\"async\" width=\"150\" height=\"150\" src=\"https:\/\/archives.regards.fr\/wp-content\/uploads\/2021\/01\/capture_d_e_cran_2021-01-27_a_12-2c7.19.10-150x150.png\" class=\"attachment-thumbnail size-thumbnail\" alt=\"capture_d_e_cran_2021-01-27_a_12.19.10.png\" \/><\/a>\n\t\t\t<\/div><\/figure>\n\t\t<\/div>\n<\/p>\n","protected":false},"excerpt":{"rendered":"<p>Les salari\u00e9s de la raffinerie Total de Grandpuits sont en gr\u00e8ve depuis le 4 janvier. Un plan social pr\u00e9voit la suppression de 700 emplois. Adrien Cornet, d\u00e9l\u00e9gu\u00e9 CGT de la raffinerie, est l\u2019invit\u00e9 de #LaMidinale.<\/p>\n","protected":false},"author":1204,"featured_media":30183,"comment_status":"open","ping_status":"open","sticky":false,"template":"","format":"standard","meta":{"_themeisle_gutenberg_block_has_review":false,"footnotes":""},"categories":[238],"tags":[293],"class_list":["post-12729","post","type-post","status-publish","format-standard","has-post-thumbnail","hentry","category-la-midinale","tag-entretien"],"_links":{"self":[{"href":"https:\/\/archives.regards.fr\/index.php?rest_route=\/wp\/v2\/posts\/12729","targetHints":{"allow":["GET"]}}],"collection":[{"href":"https:\/\/archives.regards.fr\/index.php?rest_route=\/wp\/v2\/posts"}],"about":[{"href":"https:\/\/archives.regards.fr\/index.php?rest_route=\/wp\/v2\/types\/post"}],"author":[{"embeddable":true,"href":"https:\/\/archives.regards.fr\/index.php?rest_route=\/wp\/v2\/users\/1204"}],"replies":[{"embeddable":true,"href":"https:\/\/archives.regards.fr\/index.php?rest_route=%2Fwp%2Fv2%2Fcomments&post=12729"}],"version-history":[{"count":0,"href":"https:\/\/archives.regards.fr\/index.php?rest_route=\/wp\/v2\/posts\/12729\/revisions"}],"wp:featuredmedia":[{"embeddable":true,"href":"https:\/\/archives.regards.fr\/index.php?rest_route=\/wp\/v2\/media\/30183"}],"wp:attachment":[{"href":"https:\/\/archives.regards.fr\/index.php?rest_route=%2Fwp%2Fv2%2Fmedia&parent=12729"}],"wp:term":[{"taxonomy":"category","embeddable":true,"href":"https:\/\/archives.regards.fr\/index.php?rest_route=%2Fwp%2Fv2%2Fcategories&post=12729"},{"taxonomy":"post_tag","embeddable":true,"href":"https:\/\/archives.regards.fr\/index.php?rest_route=%2Fwp%2Fv2%2Ftags&post=12729"}],"curies":[{"name":"wp","href":"https:\/\/api.w.org\/{rel}","templated":true}]}}