{"id":12726,"date":"2021-01-26T13:00:48","date_gmt":"2021-01-26T12:00:48","guid":{"rendered":"https:\/\/wp.muchomaas.com\/article-danielle-simonnet-a-paris-la-politique-du-logement-est-discriminante-a-l-egard\/"},"modified":"2023-06-24T00:10:41","modified_gmt":"2023-06-23T22:10:41","slug":"article-danielle-simonnet-a-paris-la-politique-du-logement-est-discriminante-a-l-egard","status":"publish","type":"post","link":"https:\/\/archives.regards.fr\/?p=12726","title":{"rendered":"Danielle Simonnet : \u00ab \u00c0 Paris, la politique du logement est discriminante \u00e0 l\u2019\u00e9gard des classes populaires \u00bb"},"content":{"rendered":"<p class=\"post_excerpt\">Ce dimanche, Ian Brossat a vivement critiqu\u00e9 ses alli\u00e9s \u00e9cologistes et insoumis sur un projet de logements sociaux dans le 16\u00e8 arrondissement de Paris et qui a \u00e9t\u00e9 r\u00e9toqu\u00e9 par le tribunal administratif. Il accuse ses alli\u00e9s de faire cause commune avec la droite parisienne. Danielle Simonnet, conseill\u00e8re de Paris (LFI) est l\u2019invit\u00e9e de #LaMidinale.<\/p>\n<h2>UNE MIDINALE \u00c0 VOIR&#8230;<\/h2>\n<p><iframe loading=\"lazy\" width=\"490\" height=\"276\" src=\"https:\/\/www.youtube.com\/embed\/M81gwxLuY-M\" frameborder=\"0\" allow=\"accelerometer; autoplay; clipboard-write; encrypted-media; gyroscope; picture-in-picture\" allowfullscreen><\/iframe><\/p>\n<p>&nbsp;<\/p>\n<p><h2>ET \u00c0 LIRE&#8230;<\/h2>\n<p><em>\u00a0<strong>Sur le logement social \u00e0 Paris et les accusations de Ian Brossat<\/strong>\u00a0<\/em><br \/>\n\u00ab\u00a0Bien s\u00fbr qu\u2019on est favorables au logement social et dans tous les arrondissements de Paris.\u00a0\u00bb<br \/>\n\u00ab\u00a0Le social et l\u2019\u00e9cologie doivent aller de pair.\u00a0\u00bb<br \/>\n\u00ab\u00a0Le projet de la municipalit\u00e9 allait r\u00e9duire la cour de l\u2019\u00e9cole.\u00a0\u00bb<br \/>\n\u00ab\u00a0ll faut cesser l\u2019hyper-densification de la ville.\u00a0Il y a plein de b\u00e2timents vides \u00e0 r\u00e9quisitionner dans Paris et de bureaux\u00a0 \u00e0 transformer pour construire du logement social. \u00bb<br \/>\n\u00ab\u00a0La meilleure d\u00e9fense de Ian Brossat, c\u2019est l\u2019attaque.\u00a0\u00bb<br \/>\n\u00ab\u00a0La politique de logement \u00e0 Paris ne r\u00e9pond pas \u00e0 l\u2019urgence sociale et Paris se gentrifie.\u00a0\u00bb<br \/>\n\u00ab\u00a0La Ville de Paris continue de faire 30% de PLS pour les couches moyennes-sup\u00e9rieures.\u00a0\u00bb<br \/>\n\u00ab\u00a0La politique de Paris en mati\u00e8re de logement est discriminante \u00e0 l\u2019\u00e9gard des classes populaires.\u00a0\u00bb<\/p>\n<p><em>\u00a0<strong>Sur l\u2019exon\u00e9ration des loyers\u00a0<\/em>\u00a0<\/strong><br \/>\n\u00ab\u00a0La Ville de Paris a pris la d\u00e9cision d\u2019exon\u00e9rer de loyer l\u2019ensemble des commerces, associations et petites entreprises qui sont log\u00e9es dans les locaux d\u2019activit\u00e9s qui d\u00e9pendent des bailleurs sociaux (\u2026). Il faut \u00e9tendre cette mesure aux loyers de ceux qui n\u2019ont plus de revenus.\u00a0\u00bb<br \/>\n\u00ab\u00a0Il faut d\u00e9cr\u00e9ter l\u2019\u00e9tat d\u2019urgence sociale.\u00a0\u00bb<br \/>\n\u00ab\u00a0Il faut annuler les dettes priv\u00e9es.\u00a0\u00bb<br \/>\n\u00ab\u00a0Cette bataille sur l\u2019exon\u00e9ration des loyers est tr\u00e8s importante. \u00bb<\/p>\n<p><em>\u00a0<strong>Sur le projet de commissariat dans une \u00e9cole<\/em>\u00a0<\/strong><br \/>\n\u00ab\u00a0Il y a une baisse r\u00e9elle des effectifs dans le 10\u00e8me arrondissement.\u00a0\u00bb<br \/>\n\u00ab\u00a0La politique du logement de la Ville de Paris n\u2019agit pas \u00e0 la cause de la baisse d\u00e9mographique parisienne.\u00a0\u00bb<br \/>\n\u00ab\u00a0On va fermer une \u00e9cole pour ouvrir le futur commissariat de la police municipale. Le symbole est catastrophique.\u00a0\u00bb<\/p>\n<p><em>\u00a0<strong>Sur la privatisation du cr\u00e9matorium du P\u00e8re-Lachaise<\/em>\u00a0<\/strong><br \/>\n\u00ab\u00a0Il faut \u00eatre attach\u00e9 aux services publics. Et les services publics, c\u2019est le public qui les g\u00e8re &#8211; \u00e7a doit \u00eatre g\u00e9r\u00e9 en r\u00e9gie directe. Faire des d\u00e9l\u00e9gations de services publics, c\u2019est une forme de privatisation.\u00a0\u00bb<br \/>\n\u00ab\u00a0Il y a des services publics qui sont d\u2019autant plus sensibles : un cr\u00e9matorium, \u00e7a n\u2019est pas neutre.\u00a0\u00bb<br \/>\n\u00ab\u00a0L\u2019histoire du P\u00e8re-Lachaise est une sacr\u00e9e histoire de service public et de la\u00efcit\u00e9.\u00a0\u00bb<br \/>\n\u00ab\u00a0La Ville de Paris a d\u00e9cid\u00e9 d\u2019engager un appel d\u2019offre sur le cr\u00e9matorium du P\u00e8re-Lachaise.\u00a0\u00bb<\/p>\n<p><em>\u00a0<strong>Sur #MeTooGay et les \u00e9lus parisiens\u00a0<\/em>\u00a0<\/strong><br \/>\n\u00ab\u00a0Il y a toujours un lien entre lieu de pouvoir et lieu d\u2019abus &#8211; d\u2019agressions sexuelles jusqu\u2019au viol.\u00a0\u00bb<br \/>\n\u00ab\u00a0Ce mouvement de lib\u00e9ration de la parole, avec #MeToo, #MeTooInceste et maintenant #MeTooGay fait sans doute que la parole se lib\u00e8re plus \u00e0 Paris mais ces scandales ne sont pas propres \u00e0 Paris.\u00a0\u00bb\u00a0<br \/>\n\u00ab\u00a0Apr\u00e8s les affaires Girard, Aidenbaum, celle du collaborateur \u00e9cologiste, puis de l\u2019\u00e9lu communiste, il n\u2019y a pas eu une seule prise de d\u00e9cision nouvelle par la majorit\u00e9 municipale.\u00a0\u00bb<br \/>\n\u00ab\u00a0Je demande qu\u2019on propose une formation aux \u00e9lus et aux collaborateurs pour qu\u2019ils soient form\u00e9s aux probl\u00e9matiques de lutte contre les violences sexuelles.\u00a0\u00bb<br \/>\n\u00ab\u00a0Il y a un entre soi des dominants qui se prot\u00e8gent entre eux.\u00a0La domination patriarcale est \u00e9troitement li\u00e9e \u00e0 la domination de classe. \u00bb<br \/>\n\u00ab\u00a0Je soutiendrai toujours la prise en compte de la parole des victimes.\u00a0\u00bb<\/p>\n<p><em>\u00a0<strong>Sur l\u2019\u00e9lection pr\u00e9sidentielle<\/em>\u00a0<\/strong><br \/>\n\u00ab\u00a0Dans le pays, on n\u2019est pas en campagne pr\u00e9sidentielle m\u00eame si nous on est d\u00e9j\u00e0 entr\u00e9s en campagne. On a fait le choix [les insoumis] d\u2019une campagne longue pour remobiliser les abstentionnistes, dans une dynamique d\u2019adh\u00e9sion.\u00a0\u00bb<br \/>\n\u00ab\u00a0On est d\u00e9j\u00e0 plus haut dans les sondages qu\u2019on ne l\u2019\u00e9tait lors de la pr\u00e9sidentielle pr\u00e9c\u00e9dente au m\u00eame moment.\u00a0\u00bb<div id='gallery-1' class='gallery galleryid-12726 gallery-columns-3 gallery-size-thumbnail'><figure class='gallery-item'>\n\t\t\t<div class='gallery-icon landscape'>\n\t\t\t\t<a href='https:\/\/archives.regards.fr\/wp-content\/uploads\/2021\/01\/capture_d_e_cran_2021-01-26_a_12-cda.50.19.png'><img loading=\"lazy\" decoding=\"async\" width=\"150\" height=\"150\" src=\"https:\/\/archives.regards.fr\/wp-content\/uploads\/2021\/01\/capture_d_e_cran_2021-01-26_a_12-cda.50.19-150x150.png\" class=\"attachment-thumbnail size-thumbnail\" alt=\"capture_d_e_cran_2021-01-26_a_12.50.19.png\" \/><\/a>\n\t\t\t<\/div><\/figure>\n\t\t<\/div>\n<\/p>\n","protected":false},"excerpt":{"rendered":"<p>Ce dimanche, Ian Brossat a vivement critiqu\u00e9 ses alli\u00e9s \u00e9cologistes et insoumis sur un projet de logements sociaux dans le 16\u00e8 arrondissement de Paris et qui a \u00e9t\u00e9 r\u00e9toqu\u00e9 par le tribunal administratif. Il accuse ses alli\u00e9s de faire cause commune avec la droite parisienne. Danielle Simonnet, conseill\u00e8re de Paris (LFI) est l\u2019invit\u00e9e de #LaMidinale.<\/p>\n","protected":false},"author":1039,"featured_media":30179,"comment_status":"open","ping_status":"open","sticky":false,"template":"","format":"standard","meta":{"_themeisle_gutenberg_block_has_review":false,"footnotes":""},"categories":[238],"tags":[293],"class_list":["post-12726","post","type-post","status-publish","format-standard","has-post-thumbnail","hentry","category-la-midinale","tag-entretien"],"_links":{"self":[{"href":"https:\/\/archives.regards.fr\/index.php?rest_route=\/wp\/v2\/posts\/12726","targetHints":{"allow":["GET"]}}],"collection":[{"href":"https:\/\/archives.regards.fr\/index.php?rest_route=\/wp\/v2\/posts"}],"about":[{"href":"https:\/\/archives.regards.fr\/index.php?rest_route=\/wp\/v2\/types\/post"}],"author":[{"embeddable":true,"href":"https:\/\/archives.regards.fr\/index.php?rest_route=\/wp\/v2\/users\/1039"}],"replies":[{"embeddable":true,"href":"https:\/\/archives.regards.fr\/index.php?rest_route=%2Fwp%2Fv2%2Fcomments&post=12726"}],"version-history":[{"count":0,"href":"https:\/\/archives.regards.fr\/index.php?rest_route=\/wp\/v2\/posts\/12726\/revisions"}],"wp:featuredmedia":[{"embeddable":true,"href":"https:\/\/archives.regards.fr\/index.php?rest_route=\/wp\/v2\/media\/30179"}],"wp:attachment":[{"href":"https:\/\/archives.regards.fr\/index.php?rest_route=%2Fwp%2Fv2%2Fmedia&parent=12726"}],"wp:term":[{"taxonomy":"category","embeddable":true,"href":"https:\/\/archives.regards.fr\/index.php?rest_route=%2Fwp%2Fv2%2Fcategories&post=12726"},{"taxonomy":"post_tag","embeddable":true,"href":"https:\/\/archives.regards.fr\/index.php?rest_route=%2Fwp%2Fv2%2Ftags&post=12726"}],"curies":[{"name":"wp","href":"https:\/\/api.w.org\/{rel}","templated":true}]}}