{"id":12722,"date":"2021-01-25T13:26:51","date_gmt":"2021-01-25T12:26:51","guid":{"rendered":"https:\/\/wp.muchomaas.com\/article-alain-coulombel-la-dramatisation-de-l-epidemie-permet-de-justifier-l\/"},"modified":"2023-06-24T00:10:40","modified_gmt":"2023-06-23T22:10:40","slug":"article-alain-coulombel-la-dramatisation-de-l-epidemie-permet-de-justifier-l","status":"publish","type":"post","link":"https:\/\/archives.regards.fr\/?p=12722","title":{"rendered":"Alain Coulombel : \u00ab La dramatisation de l\u2019\u00e9pid\u00e9mie permet de justifier l\u2019installation d\u2019un r\u00e9gime de surveillance \u00bb"},"content":{"rendered":"<p class=\"post_excerpt\">En faisons-nous trop pour enrayer le virus ? Nos soci\u00e9t\u00e9s s\u2019emballent-elles ? Alain Coulombel, porte-parole d\u2019EELV, publie <em>Chronique d\u2019un emballement plan\u00e9taire : vivre au temps du coronavirus<\/em>, aux \u00c9ditions Libre et solidaire. Il est l\u2019invit\u00e9 de #LaMidinale.<\/p>\n<h2>UNE MIDINALE \u00c0 VOIR&#8230;<\/h2>\n<p><iframe loading=\"lazy\" width=\"490\" height=\"276\" src=\"https:\/\/www.youtube.com\/embed\/9r104GO9sE8\" frameborder=\"0\" allow=\"accelerometer; autoplay; clipboard-write; encrypted-media; gyroscope; picture-in-picture\" allowfullscreen><\/iframe><\/p>\n<p>&nbsp;<\/p>\n<p><h2>ET \u00c0 LIRE&#8230;<\/h2>\n<p><em>\u00a0<strong>Sur les mesures d\u2019exception devenues ordinaires<\/em>\u00a0<\/strong><br \/>\n\u00ab\u00a0On passe de p\u00e9riodes de confinement\/d\u00e9confinement sans cesse comme si le virus s\u2019\u00e9tait d\u00e9finitivement ancr\u00e9 dans notre r\u00e9alit\u00e9 sociale et comme si nous ne pouvions que vivre au rythme du virus.\u00a0\u00bb<br \/>\n\u00ab\u00a0On vit au rythme du virus et il est peu probable que dans les mois qui viennent, \u00e7a change.\u00a0\u00bb<br \/>\n\u00ab\u00a0Ce r\u00e9gime d\u2019exception qui est le n\u00f4tre est devenu un r\u00e9gime ordinaire.\u00a0\u00bb<\/p>\n<p><em>\u00a0<strong>Sur la distanciation sociale et physique\u00a0<\/em>\u00a0<\/strong><br \/>\n\u00ab\u00a0Ce que montre cette pand\u00e9mie, c\u2019est qu\u2019on est entr\u00e9 dans une p\u00e9riode o\u00f9 le contact avec le corps charnel devient de plus en plus difficile.\u00a0\u00bb<br \/>\n\u00ab\u00a0La crise \u00e9cologique est aussi une crise qui est li\u00e9e \u00e0 la peur de la mat\u00e9rialit\u00e9, \u00e0 cette insensibilisation dans laquelle on s\u2019est progressivement install\u00e9 et qui met le monde mat\u00e9riel, sensible et physique, de plus en plus loin de notre horizon.\u00a0\u00bb<br \/>\n\u00ab\u00a0Je suis frapp\u00e9 par cette annonce d\u00e9lirante de l\u2019acad\u00e9mie de m\u00e9decine qui nous recommande de ne plus parler. Ce qui fait l\u2019essence m\u00eame de l\u2019homme, sa capacit\u00e9 \u00e0 s\u2019exprimer, \u00e0 \u00eatre un \u00eatre sensible, on nous recommande de ne plus en user.\u00a0\u00bb<br \/>\n\u00ab\u00a0On est dans une p\u00e9riode de dystopie.\u00a0\u00bb<br \/>\n\u00ab\u00a0Cette peur de l\u2019autre et du contact est un \u00e9l\u00e9ment significatif du moment que nous vivons.\u00a0\u00bb<\/p>\n<p><em>\u00a0<strong>Sur l\u2019emballement plan\u00e9taire\u00a0<\/em>\u00a0<\/strong><br \/>\n\u00ab\u00a0Il y a une forme de dramatisation de l\u2019\u00e9pid\u00e9mie qui permet de justifier les exp\u00e9rimentations qui se font sur le corps social : la surveillance plan\u00e9taire, les drones dans l\u2019espace public, l\u2019autorisation administrative de sortie, le couvre-feu, etc.\u00a0\u00bb<br \/>\n\u00ab\u00a0La dramatisation de l\u2019\u00e9pid\u00e9mie permet de justifier l\u2019installation d\u2019un r\u00e9gime de surveillance.\u00a0\u00bb<br \/>\n\u00ab\u00a0On nous infantilise beaucoup trop.\u00a0\u00bb<br \/>\n\u00ab\u00a0La situation est mortif\u00e8re pour une partie de la population.\u00a0\u00bb<br \/>\n\u00ab\u00a0Peut-\u00eatre faudra-t-il d\u00e9sob\u00e9ir.\u00a0\u00bb<br \/>\n\u00ab\u00a0Nos syst\u00e8mes n\u2019\u00e9taient pas pr\u00eats \u00e0 accueillir ce nouveau virus et il est difficile parfois de se mettre \u00e0 la place des autorit\u00e9s.\u00a0\u00bb<br \/>\n\u00ab\u00a0Le management par la peur est un management qu\u2019on a g\u00e9n\u00e9ralis\u00e9 sous l\u2019\u00e9gide de l\u2019orthodoxie g\u00e9n\u00e9rale. La pand\u00e9mie ne fait qu\u2019amplifier les process qui \u00e9taient d\u00e9j\u00e0 cours avant la pand\u00e9mie et que le syst\u00e8me capitaliste avait d\u00e9j\u00e0 mis en place.\u00a0\u00bb<br \/>\n\u00ab\u00a0Le s\u00e9paratisme ne vient pas de cette pand\u00e9mie mais cette pand\u00e9mie va renforcer le s\u00e9paratisme de classe.\u00a0\u00bb<\/p>\n<p><em>\u00a0<strong>Sur la relocalisation<\/em>\u00a0<\/strong><br \/>\n\u00ab\u00a0\u00c0 la fois il faut que l\u2019on ralentisse le cours du monde (\u2026). En m\u00eame temps, on a besoin de r\u00e9gulation qui se mette en place \u00e0 l\u2019\u00e9chelle internationale. Il faut combiner les deux.\u00a0\u00bb<br \/>\n\u00ab Il faut recr\u00e9er de l\u2019autonomie locale et \u00e7a passe par de la relocalisation.\u00a0\u00bb<br \/>\n\u00ab\u00a0Je suis sceptique sur le monde d\u2019apr\u00e8s. Le capitalisme va utiliser la p\u00e9riode pour se renforcer.\u00a0\u00bb<\/p>\n<p><em>\u00a0<strong>Sur Jadot et la pr\u00e9sidentielle\u00a0<\/em>\u00a0<\/strong><br \/>\n\u00ab\u00a0Ce qui n\u2019est pas raisonnable, c\u2019est la dispersion des candidatures.\u00a0\u00bb<br \/>\n\u00ab\u00a0On nous parle d\u2019Anne Hidalgo, d\u2019Arnaud Montebourg, de Yannick Jadot et d\u2019Eric Piolle. On nous parle de Fabien Roussel. Ce qui n\u2019est pas raisonnable c\u2019est qu\u2019on ait des responsables politiques qui ne voient pas le danger. Le Pen est \u00e0 49% au second tour.\u00a0\u00c7a n\u2019est pas raisonnable de prendre ce risque. \u00bb<br \/>\n\u00ab\u00a0Nous avons la responsabilit\u00e9 de nous rassembler.\u00a0\u00bb<br \/>\n\u00ab\u00a0Le travail sur le projet est essentiel et la question de qui portera le projet doit venir ensuite.\u00a0\u00bb<br \/>\n\u00ab\u00a0Il faut redonner un minimum d\u2019espoir \u00e0 ceux et \u00e0 celles qui ne peuvent pas se r\u00e9soudre \u00e0 voir le duel Macron \/ Le Pen r\u00e9cidiver dans un an, avec le danger que l\u2019extr\u00eame droite est \u00e0 la porte du pouvoir et du gouvernement.\u00a0\u00bb<div id='gallery-1' class='gallery galleryid-12722 gallery-columns-3 gallery-size-thumbnail'><figure class='gallery-item'>\n\t\t\t<div class='gallery-icon landscape'>\n\t\t\t\t<a href='https:\/\/archives.regards.fr\/wp-content\/uploads\/2021\/01\/capture_d_e_cran_2021-01-25_a_11-c6f.51.12.png'><img loading=\"lazy\" decoding=\"async\" width=\"150\" height=\"150\" src=\"https:\/\/archives.regards.fr\/wp-content\/uploads\/2021\/01\/capture_d_e_cran_2021-01-25_a_11-c6f.51.12-150x150.png\" class=\"attachment-thumbnail size-thumbnail\" alt=\"capture_d_e_cran_2021-01-25_a_11.51.12.png\" \/><\/a>\n\t\t\t<\/div><\/figure>\n\t\t<\/div>\n<\/p>\n","protected":false},"excerpt":{"rendered":"<p>En faisons-nous trop pour enrayer le virus ? Nos soci\u00e9t\u00e9s s\u2019emballent-elles ? Alain Coulombel, porte-parole d\u2019EELV, publie <em>Chronique d\u2019un emballement plan\u00e9taire : vivre au temps du coronavirus<\/em>, aux \u00c9ditions Libre et solidaire. Il est l\u2019invit\u00e9 de #LaMidinale.<\/p>\n","protected":false},"author":1039,"featured_media":30175,"comment_status":"open","ping_status":"open","sticky":false,"template":"","format":"standard","meta":{"_themeisle_gutenberg_block_has_review":false,"footnotes":""},"categories":[238],"tags":[293],"class_list":["post-12722","post","type-post","status-publish","format-standard","has-post-thumbnail","hentry","category-la-midinale","tag-entretien"],"_links":{"self":[{"href":"https:\/\/archives.regards.fr\/index.php?rest_route=\/wp\/v2\/posts\/12722","targetHints":{"allow":["GET"]}}],"collection":[{"href":"https:\/\/archives.regards.fr\/index.php?rest_route=\/wp\/v2\/posts"}],"about":[{"href":"https:\/\/archives.regards.fr\/index.php?rest_route=\/wp\/v2\/types\/post"}],"author":[{"embeddable":true,"href":"https:\/\/archives.regards.fr\/index.php?rest_route=\/wp\/v2\/users\/1039"}],"replies":[{"embeddable":true,"href":"https:\/\/archives.regards.fr\/index.php?rest_route=%2Fwp%2Fv2%2Fcomments&post=12722"}],"version-history":[{"count":0,"href":"https:\/\/archives.regards.fr\/index.php?rest_route=\/wp\/v2\/posts\/12722\/revisions"}],"wp:featuredmedia":[{"embeddable":true,"href":"https:\/\/archives.regards.fr\/index.php?rest_route=\/wp\/v2\/media\/30175"}],"wp:attachment":[{"href":"https:\/\/archives.regards.fr\/index.php?rest_route=%2Fwp%2Fv2%2Fmedia&parent=12722"}],"wp:term":[{"taxonomy":"category","embeddable":true,"href":"https:\/\/archives.regards.fr\/index.php?rest_route=%2Fwp%2Fv2%2Fcategories&post=12722"},{"taxonomy":"post_tag","embeddable":true,"href":"https:\/\/archives.regards.fr\/index.php?rest_route=%2Fwp%2Fv2%2Ftags&post=12722"}],"curies":[{"name":"wp","href":"https:\/\/api.w.org\/{rel}","templated":true}]}}