{"id":12718,"date":"2021-01-22T13:14:42","date_gmt":"2021-01-22T12:14:42","guid":{"rendered":"https:\/\/wp.muchomaas.com\/article-robert-boyer-la-crise-est-plus-grave-que-celle-des-annees-30-parce-qu-il-y-a-un\/"},"modified":"2023-06-24T00:10:39","modified_gmt":"2023-06-23T22:10:39","slug":"article-robert-boyer-la-crise-est-plus-grave-que-celle-des-annees-30-parce-qu-il-y-a-un","status":"publish","type":"post","link":"https:\/\/archives.regards.fr\/?p=12718","title":{"rendered":"Robert Boyer : \u00ab La crise est plus grave que celle des ann\u00e9es 30 parce qu\u2019il y a un retard des utopies \u00bb"},"content":{"rendered":"<p class=\"post_excerpt\">Si l\u2019on croyait le moment venu pour tout remettre \u00e0 plat, pour changer notre syst\u00e8me, le syst\u00e8me capitaliste, pour l\u2019\u00e9conomiste Robert Boyer, auteur de <em>Les capitalismes \u00e0 l&#8217;\u00e9preuve de la pand\u00e9mie<\/em> (\u00c9ditions La D\u00e9couverte), c\u2019est tout le contraire : le capitalisme va sortir renforc\u00e9 de la crise sanitaire. Il est l\u2019invit\u00e9 de #LaMidinale. <\/p>\n<h2>UNE MIDINALE \u00c0 VOIR&#8230;<\/h2>\n<p><iframe loading=\"lazy\" width=\"490\" height=\"276\" src=\"https:\/\/www.youtube.com\/embed\/CoTOu4aw2oE\" frameborder=\"0\" allow=\"accelerometer; autoplay; clipboard-write; encrypted-media; gyroscope; picture-in-picture\" allowfullscreen><\/iframe><\/p>\n<p>&nbsp;<\/p>\n<p><h2>ET \u00c0 LIRE&#8230;<\/h2>\n<p><em>\u00a0<strong>Sur la politique \u00e9conomique \u00e0 l\u2019heure du Covid-19<\/em>\u00a0<\/strong><br \/>\n\u00ab\u00a0Le quoi qu\u2019il en co\u00fbte arrive aussi aux Etats-Unis alors que \u00e7a n\u2019est pas du tout un Etat social.\u00a0\u00bb<br \/>\n\u00ab\u00a0Le virus a d\u00e9stabilis\u00e9 toute la politique \u00e9conomique.\u00a0Le virus m\u00e8ne par le bout du nez toutes les politiques et ce changement a beaucoup de cons\u00e9quences. \u00bb<br \/>\n\u00ab\u00a0Le gouvernement n\u2019est l\u00e9gitime d\u2019arr\u00eater l\u2019industrie et les services que si on les compense.\u00a0Voil\u00e0 que l\u2019Etat appara\u00eet comme assureur du risque syst\u00e9mique. \u00bb<br \/>\n\u00ab\u00a0On ne vit pas le retour du keyn\u00e9sianisme. L\u2019Etat n\u2019est qu\u2019un assureur et on voit bien que les assurances priv\u00e9es ne se sont pas pr\u00e9cipit\u00e9es pour indemniser les producteurs.\u00a0\u00bb\u00a0<br \/>\n\u00ab\u00a0L\u2019Etat n\u2019a pas un r\u00f4le habituel. Un \u00c9tat traditionnel aurait \u00e9t\u00e9 capable de distribuer efficacement les vaccins.\u00a0\u00bb<br \/>\n\u00ab\u00a0Une fois qu\u2019on aura r\u00e9gl\u00e9 la pand\u00e9mie, nova revenir aux strat\u00e9gies ant\u00e9rieures.\u00a0\u00bb<br \/>\n\u00ab\u00a0On ne vit pas le regain du syst\u00e8me de planification \u00e0 la fran\u00e7aise, nous sommes dans une parenth\u00e8se avant de continuer les r\u00e9formes structurelles annonc\u00e9es.\u00a0\u00bb<br \/>\n\u00ab\u00a0L\u2019appareil d\u2019Etat est en assez mauvaise forme donc nos politiques \u00e9conomiques sont contraintes, elles ne sont pas le fruit d\u2019un choix.\u00a0\u00bb<\/p>\n<p><em>\u00a0<strong>Sur la gestion de la crise par les \u00e9lites technocratiques\u00a0<\/em>\u00a0<\/strong><br \/>\n\u00ab\u00a0Le minist\u00e8re de la sant\u00e9 a moins poursuivi un objectif de sant\u00e9 publique qu\u2019il n\u2019a poursuivi une contribution \u00e0 la comp\u00e9titivit\u00e9 de l\u2019\u00e9conomie fran\u00e7aise.\u00a0\u00bb<br \/>\n\u00ab\u00a0On s\u2019aper\u00e7oit aujourd\u2019hui, avec la crise sanitaire, qu\u2019on a sous-investi dans notre syst\u00e8me de sant\u00e9.\u00a0\u00bb<br \/>\n\u00ab\u00a0On a \u00e9vid\u00e9 les comp\u00e9tences de l\u2019Etat.\u00a0\u00bb<br \/>\n\u00ab\u00a0Le mal des soci\u00e9t\u00e9s contemporaines c\u2019est qu\u2019on communique, on donne des chiffres et oublie l\u2019intendance ce qui est tr\u00e8s pr\u00e9judiciable pour la d\u00e9mocratie.\u00a0On organise la d\u00e9ception. \u00bb<br \/>\n\u00ab\u00a0Le ministre vient de dire qu\u2019en ao\u00fbt prochain tout le monde serait vaccin\u00e9, avec des chiffres ultra pr\u00e9cis. \u00c7a me rappelle la promesse de l\u2019inflexion de la courbe du ch\u00f4mage d\u2019un pr\u00e9c\u00e9dent pr\u00e9sident. Il faut avoir les moyens de r\u00e9aliser ce qu\u2019on dit. Cette d\u00e9t\u00e9rioration de la capacit\u00e9 effective d\u2019action de l\u2019appareil d\u2019Etat est le drame fran\u00e7ais.\u00a0\u00bb<br \/>\n\u00ab\u00a0On compense par un exc\u00e8s de communication l\u2019exc\u00e8s de d\u00e9sorganisation de l\u2019appareil d\u2019Etat.\u00a0\u00bb<br \/>\n\u00ab\u00a0Il est bien de se tromper une fois mais il est diabolique de pers\u00e9v\u00e9rer : on en est \u00e0 la troisi\u00e8me fois [masques, tests, vaccins].\u00a0<br \/>\n\u00ab\u00a0On paie la cons\u00e9quence d\u2019une vision tr\u00e8s lib\u00e9rale o\u00f9 la finance pilote.\u00a0\u00bb<\/p>\n<p><em>\u00a0<strong>Sur le r\u00f4le de l\u2019Etat<\/em>\u00a0<\/strong><br \/>\n\u00ab\u00a0La situation dans laquelle on se retrouve aujourd\u2019hui plaide pour une planification des biens publics.\u00a0\u00bb<br \/>\n\u00ab\u00a0Il faut planifier notre syst\u00e8me de sant\u00e9.\u00a0On n\u2019a pas pris les mesures pour assurer la viabilit\u00e9 \u00e0 long terme de notre syst\u00e8me de sant\u00e9. \u00bb<br \/>\n\u00ab\u00a0La p\u00e9riode invite \u00e0 la renaissance de la planification.\u00a0\u00bb<\/p>\n<p><em>\u00a0<strong>Sur le mim\u00e9tisme politique\u00a0<\/em>\u00a0<\/strong><br \/>\n\u00ab\u00a0Au d\u00e9but de la crise, les gouvernements n\u2019avaient pas la recette et la tentative a \u00e9t\u00e9 de dire : \u2018copions les plus avanc\u00e9s\u2019. On a d\u2019abord copi\u00e9 les britanniques puis la Chine qui a confin\u00e9.\u00a0Dans la premi\u00e8re phase, tout le monde a essay\u00e9 de copier. \u00bb<br \/>\n\u00ab\u00a0D\u2019un pays \u00e0 l\u2019autre, le taux de mortalit\u00e9 par habitant est extr\u00eamement diff\u00e9rent.\u00a0Il y a une in\u00e9galit\u00e9 de la mortalit\u00e9 qui est impressionnante. \u00bb<br \/>\n\u00ab\u00a0Les politiques de contr\u00f4les de nos d\u00e9ficits publics ont d\u00e9stabilis\u00e9 la comp\u00e9titivit\u00e9 et l\u2019excellence de nos h\u00f4pitaux.\u00a0\u00bb<br \/>\n\u00ab\u00a0On ne vit pas une grande crise du capitalisme mais une crise de la d\u00e9bilisation de l\u2019Etat sous la pression des id\u00e9ologies et des politiques de retour au march\u00e9.\u00a0\u00bb<br \/>\n\u00ab\u00a0Nous vivons dans une soci\u00e9t\u00e9 congel\u00e9e et on stagne dans la m\u00eame vision depuis mars dernier : il n\u2019y a pas beaucoup d\u2019innovation\u00a0\u00bb<\/p>\n<p><em>\u00a0<strong>Sur la rh\u00e9torique guerri\u00e8re\u00a0<\/em>\u00a0<\/strong><br \/>\n\u00ab\u00a0Dans une \u00e9conomie de guerre, on invente les pr\u00e9misses de la production et de la consommation de masse. Alors que dans une \u00e9conomie en p\u00e9riode de crise sanitaire, le virus bloque l\u2019\u00e9conomie et effondre nos capacit\u00e9s de production en affaiblissant nos capacit\u00e9s de d\u00e9penses de sant\u00e9 &#8211; puisqu\u2019on a bloqu\u00e9 la production.\u00a0\u00bb<br \/>\n\u00ab\u00a0Dans les guerres, on innove dans l\u2019industrie. Dans les pand\u00e9mies, on innove dans la m\u00e9decine et les outils collectifs de gestion des pand\u00e9mies.\u00a0\u00bb<br \/>\n\u00ab\u00a0On gouverne trop par les m\u00e9taphores et les formules et \u00e7a n\u2019a pas de sens. Nous ne sommes pas dans une guerre.\u00a0\u00bb<br \/>\n\u00ab\u00a0Les communicants ont un r\u00f4le terrifiant.\u00a0\u00bb<\/p>\n<p><em>\u00a0<strong>Sur les partisans d\u2019une remise en cause du capitalisme<\/em>\u00a0<\/strong><br \/>\n\u00ab\u00a0Les marxistes ont la mauvaise habitude de prendre une difficult\u00e9 transitoire du capitalisme comme la fin du capitalisme.\u00a0\u00bb<br \/>\n\u00ab\u00a0Les bourses, m\u00eame s\u2019il y a des bulles, sont tout \u00e0 fait prosp\u00e8res.\u00a0\u00bb<br \/>\n\u00ab\u00a0L\u2019Etat qui \u00e9tait l\u2019ennemi du capitalisme devient le sauveur du capitalisme.\u00a0\u00bb<br \/>\n\u00ab\u00a0Nous ne vivons pas une crise du capitalisme.\u00a0La crise financi\u00e8re peut arriver mais on n\u2019y est pas. \u00bb<\/p>\n<p><em>\u00a0<strong>Sur le d\u00e9bat autour de la dette<\/em>\u00a0<\/strong><br \/>\n\u00ab\u00a0Si on trouve une sortie rapide \u00e0 la crise sanitaire &#8211; et alors on rouvrira les stations de ski, les cin\u00e9mas et les restaurants -, il sera facile de rembourser en \u00e9talant sur vingt ans et avec une croissance retrouv\u00e9e.\u00a0Si les d\u00e9g\u00e2ts sont permanents, si la crise est durable, alors il faudra se partager les pertes. \u00bb<br \/>\n\u00ab\u00a0La dette explose et les frais de remboursement de la dette sont divis\u00e9s par deux : qui perd ? Les plus petits rentiers.\u00a0\u00bb<br \/>\n\u00ab\u00a0Sans victoire sur l\u2019\u00e9pid\u00e9mie il ne peut pas y avoir de reprise \u00e9conomique.\u00a0\u00bb<br \/>\n\u00ab\u00a0Je suis tr\u00e8s inquiet pour la sortie de crise : on n\u2019a pas les outils (\u2026). On est rentr\u00e9 dans un syst\u00e8me sans savoir comment on en sortait.\u00a0\u00bb<br \/>\n\u00ab\u00a0La solution ne viendra pas des techniciens de la dette publique.\u00a0\u00bb<\/p>\n<p><em>\u00a0<strong>Sur l\u2019obsession de la croissance<\/em>\u00a0<\/strong><br \/>\n\u00ab\u00a0L\u2019\u00e9conomie capitaliste c\u2019est par d\u00e9finition la recherche de la croissance.\u00a0Le capitalisme est consubstantiel avec la croissance. \u00bb<br \/>\n\u00ab\u00a0Les GAFAM sont des machines dont la croissance est extr\u00eamement dynamique.\u00a0\u00bb<br \/>\n\u00ab\u00a0Nos indicateurs de comptabilit\u00e9 nationale sont totalement obsol\u00e8tes.\u00a0\u00bb<br \/>\n\u00ab\u00a0Les erreurs de mesure de l\u2019Insee, alors que les entreprises sont \u00e0 l\u2019arr\u00eat, sont monumentales.\u00a0\u00bb<br \/>\n\u00ab\u00a0La crise que l\u2019on traverse est plus grave que celle des ann\u00e9es 30 parce qu\u2019il y a une inertie des repr\u00e9sentations, par nos gouvernants, et un retard des utopies &#8211; on ne sait pas comment en sortir.\u00a0\u00bb<\/p>\n<p><em>\u00a0<strong>Sur l\u2019\u00e9conomie anthropog\u00e9n\u00e9tique\u00a0<\/em>\u00a0<\/strong><br \/>\n\u00ab\u00a0Depuis les ann\u00e9es 30 aux Etats-Unis, le seul secteur qui n\u2019a jamais connu une baisse de sa production, est le secteur de la sant\u00e9. Il est pass\u00e9 de 2% du PIB \u00e0 19% du PIB.\u00a0\u00bb<br \/>\n\u00ab Aux Etats-Unis, les riches ont une esp\u00e9rance de vie qui s\u2019allonge et 20% des pauvres qui n\u2019ont pas de couverture sociale ont une esp\u00e9rance de vie qui d\u00e9cline par la drogue, la malnutrition ou la covid.\u00a0\u00bb<\/p>\n<p><em>\u00a0<strong>Sur la place de la science<\/em>\u00a0<\/strong><br \/>\n\u00ab\u00a0On a confondu la science toute faite et la science en train de se faire.\u00a0\u00c0 chaque virus, c\u2019est un d\u00e9fi pour les \u00e9pid\u00e9miologistes. \u00bb<br \/>\n\u00ab\u00a0Les virus sont des d\u00e9fis permanents.\u00a0\u00bb<br \/>\n\u00ab\u00a0Les cha\u00eenes d\u2019info en continue ont jou\u00e9 un r\u00f4le absolument d\u00e9plorable en organisant le chaos.\u00a0\u00bb<br \/>\n\u00ab\u00a0La science est un processus contradictoire.\u00a0\u00bb<br \/>\n\u00ab\u00a0Le capitalisme cr\u00e9e des situations qu\u2019aucune des sciences sociales n\u2019a bien analys\u00e9es.\u00a0Il convient d\u2019analyser les ph\u00e9nom\u00e8nes nouveaux. \u00bb\u00a0<div id='gallery-1' class='gallery galleryid-12718 gallery-columns-3 gallery-size-thumbnail'><figure class='gallery-item'>\n\t\t\t<div class='gallery-icon landscape'>\n\t\t\t\t<a href='https:\/\/archives.regards.fr\/wp-content\/uploads\/2021\/01\/capture_d_e_cran_2021-01-22_a_13-cd3.13.00.png'><img loading=\"lazy\" decoding=\"async\" width=\"150\" height=\"150\" src=\"https:\/\/archives.regards.fr\/wp-content\/uploads\/2021\/01\/capture_d_e_cran_2021-01-22_a_13-cd3.13.00-150x150.png\" class=\"attachment-thumbnail size-thumbnail\" alt=\"capture_d_e_cran_2021-01-22_a_13.13.00.png\" \/><\/a>\n\t\t\t<\/div><\/figure>\n\t\t<\/div>\n<\/p>\n","protected":false},"excerpt":{"rendered":"<p>Si l\u2019on croyait le moment venu pour tout remettre \u00e0 plat, pour changer notre syst\u00e8me, le syst\u00e8me capitaliste, pour l\u2019\u00e9conomiste Robert Boyer, auteur de <em>Les capitalismes \u00e0 l&#8217;\u00e9preuve de la pand\u00e9mie<\/em> (\u00c9ditions La D\u00e9couverte), c\u2019est tout le contraire : le capitalisme va sortir renforc\u00e9 de la crise sanitaire. Il est l\u2019invit\u00e9 de #LaMidinale. <\/p>\n","protected":false},"author":1039,"featured_media":30173,"comment_status":"open","ping_status":"open","sticky":false,"template":"","format":"standard","meta":{"_themeisle_gutenberg_block_has_review":false,"footnotes":""},"categories":[238],"tags":[293],"class_list":["post-12718","post","type-post","status-publish","format-standard","has-post-thumbnail","hentry","category-la-midinale","tag-entretien"],"_links":{"self":[{"href":"https:\/\/archives.regards.fr\/index.php?rest_route=\/wp\/v2\/posts\/12718","targetHints":{"allow":["GET"]}}],"collection":[{"href":"https:\/\/archives.regards.fr\/index.php?rest_route=\/wp\/v2\/posts"}],"about":[{"href":"https:\/\/archives.regards.fr\/index.php?rest_route=\/wp\/v2\/types\/post"}],"author":[{"embeddable":true,"href":"https:\/\/archives.regards.fr\/index.php?rest_route=\/wp\/v2\/users\/1039"}],"replies":[{"embeddable":true,"href":"https:\/\/archives.regards.fr\/index.php?rest_route=%2Fwp%2Fv2%2Fcomments&post=12718"}],"version-history":[{"count":0,"href":"https:\/\/archives.regards.fr\/index.php?rest_route=\/wp\/v2\/posts\/12718\/revisions"}],"wp:featuredmedia":[{"embeddable":true,"href":"https:\/\/archives.regards.fr\/index.php?rest_route=\/wp\/v2\/media\/30173"}],"wp:attachment":[{"href":"https:\/\/archives.regards.fr\/index.php?rest_route=%2Fwp%2Fv2%2Fmedia&parent=12718"}],"wp:term":[{"taxonomy":"category","embeddable":true,"href":"https:\/\/archives.regards.fr\/index.php?rest_route=%2Fwp%2Fv2%2Fcategories&post=12718"},{"taxonomy":"post_tag","embeddable":true,"href":"https:\/\/archives.regards.fr\/index.php?rest_route=%2Fwp%2Fv2%2Ftags&post=12718"}],"curies":[{"name":"wp","href":"https:\/\/api.w.org\/{rel}","templated":true}]}}