{"id":12716,"date":"2021-01-21T11:42:35","date_gmt":"2021-01-21T10:42:35","guid":{"rendered":"https:\/\/wp.muchomaas.com\/article-audrey-celestine-la-gauche-des-democrates-va-jouer-un-role-d-aiguillon-dans-le\/"},"modified":"2023-06-24T00:10:34","modified_gmt":"2023-06-23T22:10:34","slug":"article-audrey-celestine-la-gauche-des-democrates-va-jouer-un-role-d-aiguillon-dans-le","status":"publish","type":"post","link":"https:\/\/archives.regards.fr\/?p=12716","title":{"rendered":"Audrey C\u00e9lestine : \u00ab La gauche des d\u00e9mocrates va jouer un r\u00f4le d\u2019aiguillon dans le mandat de Biden \u00bb"},"content":{"rendered":"<p class=\"post_excerpt\">\u00c0 quoi va ressembler la pr\u00e9sidence Joe Biden ? Peut-il faire mieux que ses pr\u00e9d\u00e9cesseurs d\u00e9mocrates ? Les d\u00e9mocrates ont-ils tir\u00e9 les le\u00e7ons des \u00e9checs de Barack Obama ? Audrey C\u00e9lestine, ma\u00eetresse de conf\u00e9rences en sociologie politique et \u00e9tudes am\u00e9ricaines \u00e0 l\u2019universit\u00e9 de Lille, est l\u2019invit\u00e9e de #LaMidinale.<\/p>\n<h2>UNE MIDINALE \u00c0 VOIR&#8230;<\/h2>\n<p><iframe loading=\"lazy\" width=\"490\" height=\"276\" src=\"https:\/\/www.youtube.com\/embed\/kKK-YxJYuw8\" frameborder=\"0\" allow=\"accelerometer; autoplay; clipboard-write; encrypted-media; gyroscope; picture-in-picture\" allowfullscreen><\/iframe><\/p>\n<p>&nbsp;<\/p>\n<p><h2>ET \u00c0 LIRE&#8230;<\/h2>\n<p><em>\u00a0<strong>Sur la pr\u00e9sidence de Donald Trump\u00a0<\/em>\u00a0<\/strong><br \/>\n\u00ab\u00a0On va retenir beaucoup d\u2019images chocs de ces quatre derni\u00e8res ann\u00e9es : les enfants en cage ou les s\u00e9parations familiales par exemple.\u00a0\u00bb<br \/>\n\u00ab\u00a0Trump, c\u2019est un style extr\u00eamement violent avec des accusations d\u2019agressions sexuelles qui ont \u00e9t\u00e9 nombreuses. C\u2019est aussi une incapacit\u00e9 et une absence de volont\u00e9 d\u2019unir.\u00a0\u00bb<br \/>\n\u00ab\u00a0On va sans doute aussi retenir une forme de l\u00e2chet\u00e9 de la part d\u2019une grande partie du parti des r\u00e9publicains, sans doute parce que Trump \u00e9tait le reflet d\u2019\u00e9volutions plus profondes de ce c\u00f4t\u00e9-l\u00e0 de l\u2019\u00e9chiquier politique.\u00a0\u00bb<\/p>\n<p><em>\u00a0<strong>Sur l\u2019investiture de Joe Biden<\/em>\u00a0<\/strong><br \/>\n\u00ab\u00a0Biden est conscient du fait qu\u2019il est le r\u00e9sultat d\u2019un vote utile.\u00a0\u00bb<br \/>\n\u00ab\u00a0Il y a une dynamique du c\u00f4t\u00e9 de la gauche du parti d\u00e9mocrate m\u00eame si elle est loin d\u2019\u00eatre majoritaire.\u00a0Cette gauche-l\u00e0 d\u00e9termine l\u2019agenda du parti d\u00e9mocrate. Biden en a conscience. \u00bb<br \/>\n\u00ab\u00a0La gauche des d\u00e9mocrates aura un r\u00f4le d\u2019aiguillon dans le mandat de Joe Biden.\u00a0\u00bb<br \/>\n\u00ab\u00a0Hier, Bernie Sanders avait l\u2019air d\u2019\u00eatre l\u00e0 en observation sans \u00eatre convaincu de ce qui \u00e9tait en train de se passer m\u00eame s\u2019il pense quand m\u00eame que c\u2019est toujours mieux que ce qu\u2019il y avait avant.\u00a0\u00bb<\/p>\n<p><em>\u00a0<strong>Sur les grands sujets de Biden<\/em>\u00a0<\/strong><br \/>\n\u00ab\u00a0La crise sanitaire aux Etats-Unis est dramatique. Donc le premier front sur lequel Biden va \u00eatre attendu, c\u2019est celui-l\u00e0.\u00a0L\u2019\u00e9pid\u00e9mie est hors de contr\u00f4le. Outre les symboles, il y a une demande d\u2019organisation du pays pour endiguer cette crise. \u00bb<br \/>\n\u00ab\u00a0Joe Biden est aussi tr\u00e8s attendu sur la question de la crise \u00e9conomique, de l\u2019acc\u00e8s \u00e0 la sant\u00e9, du salaire minimum ou encore du respect de l\u2019environnement.\u00a0Sur ces sujets-l\u00e0, Biden va \u00eatre pouss\u00e9 par la nouvelle g\u00e9n\u00e9ration d\u00e9mocrate qui est entr\u00e9e au Congr\u00e8s. \u00bb<br \/>\n\u00ab\u00a0Joe Biden veut se d\u00e9marquer de Donald Trump sur la question migratoire.\u00a0\u00bb<\/p>\n<p><em>\u00a0<strong>Sur la question raciale<\/em>\u00a0<\/strong><br \/>\n\u00ab\u00a0Comme pour l\u2019\u00e9lection de Barack Obama, la vice-pr\u00e9sidence pour Kamala Harris, c\u2019est symboliquement extr\u00eamement important.\u00a0\u00bb<br \/>\n\u00ab\u00a0Malgr\u00e9 le bilan comme procureure de Kamala Harris, elle reste l\u2019une de celles qui, pendant les d\u00e9bats de la primaire, a mis en accusation Joe Biden sur la collusion avec des personnes qui menaient des politiques supr\u00e9matistes.\u00a0Et il l\u2019a prise comme vice-pr\u00e9sidente. Strat\u00e9giquement, des deux c\u00f4t\u00e9s, c\u2019est assez fort. \u00bb<br \/>\n\u00ab\u00a0Kamala Harris, c\u2019est une personne africaine-am\u00e9ricaine mais aussi asiatique-am\u00e9ricaine.\u00a0\u00bb<br \/>\n\u00ab\u00a0La rh\u00e9torique majoritaire dans le pays, c\u2019est celle qui dit que Black Lives Matter certes mais toutes les vies comptent quand m\u00eame.\u00a0\u00bb<br \/>\n\u00ab\u00a0C\u2019est une chose de parler de racisme syst\u00e9mique comme l\u2019a fait Joe Biden dans son discours, c\u2019en est une autre que d\u2019agir sur le sujet.\u00a0\u00bb<\/p>\n<p><em>\u00a0<strong>Sur la guerre<\/em>\u00a0<\/strong><br \/>\n\u00ab\u00a0L\u2019un des cr\u00e9dos de Joe Biden, c\u2019est de dire que les Etats-Unis vont revenir sur la sc\u00e8ne internationale.\u00a0Or, traditionnellement, cela veut dire \u00eatre plus interventionniste, notamment dans des conflits.\u00a0\u00bb<br \/>\n\u00ab\u00a0Il y aura s\u00fbrement moins de r\u00e9ticences \u00e0 intervenir sur la sc\u00e8ne internationale.\u00a0\u00bb<br \/>\n\u00ab\u00a0Le contexte, c\u2019est aussi un nombre tr\u00e8s important de v\u00e9t\u00e9rans, c\u2019est-\u00e0-dire des personnes \u00e0 la fois traumatis\u00e9es par les conflits pass\u00e9s qui sont difficiles \u00e0 g\u00e9rer.\u00a0\u00bb<br \/>\n\u00ab\u00a0La pr\u00e9sidence de Joe Biden ne va pas forc\u00e9ment dire que les Etats-Unis vont r\u00e9investir les institutions internationales\u2026\u00a0\u00bb<br \/>\n\u00ab\u00a0Les Etats-Unis vont reprendre leur place dans le concert mondial et, dans l\u2019histoire am\u00e9ricaine, ce n\u2019est pas forc\u00e9ment une bonne nouvelle pour le reste du monde.\u00a0\u00bb<\/p>\n<p><em>\u00a0<strong>Kamala Harris, bient\u00f4t pr\u00e9sidente ?<\/em>\u00a0<\/strong><br \/>\n\u00ab Joe Biden est un homme tr\u00e8s \u00e2g\u00e9 qui n\u2019est pas au top de sa forme. Donc \u00e7a ne devrait pas tarder tellement pour Kamala Harris.\u00a0\u00bb<br \/>\n\u00ab\u00a0Il est certain que Kamala Harris sera dans les starting blocks dans 4 ans.\u00a0\u00bb<\/p>\n<p><em> <strong>Sur le trumpisme apr\u00e8s Trump<\/em>\u00a0<\/strong><br \/>\n\u00ab\u00a0Le trumpisme, c\u2019est le r\u00e9sultat d\u2019\u00e9volutions fondamentales au c\u0153ur m\u00eame d\u2019une partie de l\u2019Am\u00e9rique.\u00a0\u00bb<br \/>\n\u00a0\u00ab\u00a0Trump a fait des minions dans le pays mais ils sont aussi l\u00e0 \u00e0 la faveur des transformations dans le rapport aux \u00e9lites, dans le rapport \u00e0 Washington etc\u2026\u00a0C\u2019\u00e9tait auparavant tr\u00e8s marginal mais Trump a permis de faire exister tout cela. \u00bb<br \/>\n\u00ab\u00a0Il y a des divisions dans le camp Trump sur ce qu\u2019il s\u2019est pass\u00e9 le 6 janvier.\u00a0\u00bb<br \/>\n\u00ab\u00a0Les gens qui pensent qu\u2019on leur ment et que l\u2019\u00e9lection leur a \u00e9t\u00e9 vol\u00e9e, ne vont pas se calmer de si t\u00f4t et \u00e7a ne sera pas r\u00e9gl\u00e9 pendant la pr\u00e9sidence Biden.\u00a0\u00bb<br \/>\n\u00ab\u00a0Comme le disent certains historiens am\u00e9ricains, il y a une nouvelle cause perdue : apr\u00e8s la guerre de S\u00e9cession, l\u2019\u00e9lection de 2020 qu\u2019on leur a vol\u00e9e.\u00a0\u00bb<br \/>\n\u00ab\u00a0Je suis assez pessimiste sur le niveau de division des Etats-Unis.\u00a0\u00bb<div id='gallery-1' class='gallery galleryid-12716 gallery-columns-3 gallery-size-thumbnail'><figure class='gallery-item'>\n\t\t\t<div class='gallery-icon landscape'>\n\t\t\t\t<a href='https:\/\/archives.regards.fr\/wp-content\/uploads\/2021\/01\/capture_d_e_cran_2021-01-21_a_11-e0a.40.55.png'><img loading=\"lazy\" decoding=\"async\" width=\"150\" height=\"150\" src=\"https:\/\/archives.regards.fr\/wp-content\/uploads\/2021\/01\/capture_d_e_cran_2021-01-21_a_11-e0a.40.55-150x150.png\" class=\"attachment-thumbnail size-thumbnail\" alt=\"capture_d_e_cran_2021-01-21_a_11.40.55.png\" \/><\/a>\n\t\t\t<\/div><\/figure>\n\t\t<\/div>\n<\/p>\n","protected":false},"excerpt":{"rendered":"<p>\u00c0 quoi va ressembler la pr\u00e9sidence Joe Biden ? Peut-il faire mieux que ses pr\u00e9d\u00e9cesseurs d\u00e9mocrates ? Les d\u00e9mocrates ont-ils tir\u00e9 les le\u00e7ons des \u00e9checs de Barack Obama ? Audrey C\u00e9lestine, ma\u00eetresse de conf\u00e9rences en sociologie politique et \u00e9tudes am\u00e9ricaines \u00e0 l\u2019universit\u00e9 de Lille, est l\u2019invit\u00e9e de #LaMidinale.<\/p>\n","protected":false},"author":1204,"featured_media":30167,"comment_status":"open","ping_status":"open","sticky":false,"template":"","format":"standard","meta":{"_themeisle_gutenberg_block_has_review":false,"footnotes":""},"categories":[238],"tags":[293],"class_list":["post-12716","post","type-post","status-publish","format-standard","has-post-thumbnail","hentry","category-la-midinale","tag-entretien"],"_links":{"self":[{"href":"https:\/\/archives.regards.fr\/index.php?rest_route=\/wp\/v2\/posts\/12716","targetHints":{"allow":["GET"]}}],"collection":[{"href":"https:\/\/archives.regards.fr\/index.php?rest_route=\/wp\/v2\/posts"}],"about":[{"href":"https:\/\/archives.regards.fr\/index.php?rest_route=\/wp\/v2\/types\/post"}],"author":[{"embeddable":true,"href":"https:\/\/archives.regards.fr\/index.php?rest_route=\/wp\/v2\/users\/1204"}],"replies":[{"embeddable":true,"href":"https:\/\/archives.regards.fr\/index.php?rest_route=%2Fwp%2Fv2%2Fcomments&post=12716"}],"version-history":[{"count":0,"href":"https:\/\/archives.regards.fr\/index.php?rest_route=\/wp\/v2\/posts\/12716\/revisions"}],"wp:featuredmedia":[{"embeddable":true,"href":"https:\/\/archives.regards.fr\/index.php?rest_route=\/wp\/v2\/media\/30167"}],"wp:attachment":[{"href":"https:\/\/archives.regards.fr\/index.php?rest_route=%2Fwp%2Fv2%2Fmedia&parent=12716"}],"wp:term":[{"taxonomy":"category","embeddable":true,"href":"https:\/\/archives.regards.fr\/index.php?rest_route=%2Fwp%2Fv2%2Fcategories&post=12716"},{"taxonomy":"post_tag","embeddable":true,"href":"https:\/\/archives.regards.fr\/index.php?rest_route=%2Fwp%2Fv2%2Ftags&post=12716"}],"curies":[{"name":"wp","href":"https:\/\/api.w.org\/{rel}","templated":true}]}}