{"id":12713,"date":"2021-01-20T12:09:32","date_gmt":"2021-01-20T11:09:32","guid":{"rendered":"https:\/\/wp.muchomaas.com\/article-pierre-edouard-magnan-le-reve-de-bruno-le-maire-c-est-90-au-smic-45h-par\/"},"modified":"2023-06-24T00:10:28","modified_gmt":"2023-06-23T22:10:28","slug":"article-pierre-edouard-magnan-le-reve-de-bruno-le-maire-c-est-90-au-smic-45h-par","status":"publish","type":"post","link":"https:\/\/archives.regards.fr\/?p=12713","title":{"rendered":"\u00ab\u00a0Le r\u00eave de Bruno Le Maire, c\u2019est 90% au SMIC, 45h par semaine, plus de syndicat, plus de code du travail et fermez vos gueules\u00a0\u00bb"},"content":{"rendered":"<p class=\"post_excerpt\">En pleine crise des vaccins et alors que le nombre de ch\u00f4meurs pourrait exploser d\u2019ici quelques mois, la ministre du travail, Elisabeth Borne, veut remettre son projet de r\u00e9forme de l\u2019assurance ch\u00f4mage \u00e0 l\u2019ordre du jour. Pierre-Edouard Magnan, pr\u00e9sident du Mouvement national des ch\u00f4meurs et pr\u00e9caires (MNCP), est l\u2019invit\u00e9 de #LaMidinale.<\/p>\n<h2>UNE MIDINALE \u00c0 VOIR&#8230;<\/h2>\n<p><iframe loading=\"lazy\" width=\"490\" height=\"276\" src=\"https:\/\/www.youtube.com\/embed\/N0rms-uYM8g\" frameborder=\"0\" allow=\"accelerometer; autoplay; clipboard-write; encrypted-media; gyroscope; picture-in-picture\" allowfullscreen><\/iframe><\/p>\n<p>&nbsp;<\/p>\n<p><h2>ET \u00c0 LIRE&#8230;<\/h2>\n<p><em>\u00a0<strong>Sur la n\u00e9cessit\u00e9 d\u2019une r\u00e9forme de l\u2019assurance ch\u00f4mage<\/em>\u00a0<\/strong><br \/>\n\u00ab\u00a0Il faudrait une r\u00e9forme de l\u2019assurance ch\u00f4mage mais surtout pas celle qu\u2019on nous propose aujourd\u2019hui, ou plut\u00f4t, celle qu\u2019on nous impose depuis plusieurs ann\u00e9es.\u00a0\u00bb<br \/>\n\u00ab\u00a0Il faut remettre \u00e0 plat l\u2019assurance ch\u00f4mage dans ce pays. Je pense m\u00eame que c\u2019est la protection sociale dans ce pays qu\u2019il faudrait remettre \u00e0 plat de mani\u00e8re plus large.\u00a0\u00bb<br \/>\n\u00ab\u00a0Il faut pouvoir indemniser toutes les formes de ch\u00f4mage et de pr\u00e9carit\u00e9 c\u2019est-\u00e0-dire une indemnit\u00e9 qui ne soit plus bas\u00e9e uniquement sur la seule masse salariale mais sur l\u2019ensemble des richesses produites par le travail.\u00a0\u00bb<br \/>\n\u00ab\u00a0Il faut remettre \u00e0 plat la mani\u00e8re dont on accompagne l\u2019ensemble d\u2019un vie qui sera forc\u00e9ment faite de p\u00e9riode de pr\u00e9carit\u00e9 et de ch\u00f4mage.\u00a0\u00bb<br \/>\nSur la crise sanitaire et le ch\u00f4mage<br \/>\n\u00ab\u00a0Nous ne sommes jamais consult\u00e9s [les associations de ch\u00f4meurs et de pr\u00e9caires].\u00a0\u00bb<br \/>\n\u00ab\u00a0Aucun ministre du travail ne nous a re\u00e7u dans ce gouvernement et d\u2019ailleurs je pense qu\u2019ils ne savent m\u00eame pas que les associations de ch\u00f4meurs existent.\u00a0\u00bb<br \/>\n\u00ab\u00a0Ma vraie crainte c\u2019est qu\u2019on aille vers un syst\u00e8me de r\u00e9gime obligatoire, comme pour la sant\u00e9, assum\u00e9 par l\u2019Etat qui serait ni plus ni moins qu\u2019une extension du RSA ouvrant la porte \u00e0 un syst\u00e8me de r\u00e9gime compl\u00e9mentaire.\u00a0\u00bb<br \/>\n\u00ab\u00a0Je suis un mutualiste et m\u00eame un mutuelliste.\u00a0\u00bb<br \/>\n\u00ab\u00a0On va avoir des assureurs et des banquiers qui vont arriver sur ce march\u00e9 de l\u2019assurance ch\u00f4mage parce que le ch\u00f4mage est un risque qui s\u2019assure tr\u00e8s bien.\u00a0\u00bb<\/p>\n<p><em>\u00a0<strong>Sur l\u2019Unedic<\/em>\u00a0<\/strong><br \/>\n\u00ab\u00a0L\u2019Unedic est une association loi 1901. Pour l\u2019instant, comme il n\u2019y a plus de cotisation, c\u2019est l\u2019Etat qui paye. Tant que l\u2019Etat finance, l\u2019Unedic finance derni\u00e8re.\u00a0L\u2019Etat a reprise les cotisations m\u00eame s\u2019il y a un peu de CSG. \u00bb<br \/>\n\u00ab\u00a0Il n\u2019y a pas de risque de cessation de paiement. Et on ne voit pas l\u2019Etat dire qu\u2019il arr\u00eate de payer le ch\u00f4mage.\u00a0\u00bb<br \/>\n\u00ab\u00a0Si l\u2019Etat coupait le robinet, \u00e7a cr\u00e9erait sans doute les conditions d\u2019une forte mobilisation sociale.\u00a0\u00bb<\/p>\n<p><em>\u00a0<strong>Sur l\u2019interdiction des licenciements<\/em>\u00a0<\/strong><br \/>\n\u00ab\u00a0Il n\u2019y a pas de solution miracle contre le ch\u00f4mage.\u00a0\u00bb<br \/>\n\u00ab\u00a0Si on parle des plans sociaux des grosses boites qui profitent de la situation, comme Michelin par exemple, ces licenciements ne devraient pas \u00eatre permis par la loi puisqu\u2019ils n\u2019ont aucune justification \u00e9conomique.\u00a0\u00bb<br \/>\n\u00ab\u00a0En revanche, il est compliqu\u00e9 de dire \u00e0 des restaurateurs qui se retrouveront en faillite &#8211; une fois que le ch\u00f4mage partiel va disparaitre &#8211; qu\u2019ils ne peuvent pas licencier.\u00a0On peut vite tomber dans le poujadisme. \u00bb<br \/>\n\u00ab\u00a0On continue de militer pour la r\u00e9duction du temps de travail et une refonte compl\u00e8te de la fiscalit\u00e9 : si on r\u00e9partit diff\u00e9remment le travail, il faut r\u00e9partir la richesse produite et les salaires autrement.\u00a0\u00bb<br \/>\n\u00ab\u00a0Le patronat adore le travail mais il aime un peu moins le salaire.\u00a0\u00bb<\/p>\n<p><em>\u00a0<strong>Sur le rapport au travail<\/em>\u00a0<\/strong><br \/>\n\u00ab\u00a0Le besoin d\u2019exercer une activit\u00e9 est extr\u00eamement important pour la plupart des gens.\u00a0\u00bb<br \/>\n\u00ab\u00a0Je me pose une question et je n\u2019ai pas la r\u00e9ponse : est-ce qu\u2019on peut faire soci\u00e9t\u00e9 si des gens qui font le choix de ne pas travailler se retrouvent dans la m\u00eame situation que ceux qui travaillent ?\u00a0Si sur le plan philosophique \u00e7a peut se discuter, \u00e7a s\u2019explique sans probl\u00e8me, mais \u00e7a me parait invendable \u00e0 une soci\u00e9t\u00e9. \u00bb<br \/>\n\u00ab\u00a0Le r\u00eave de Bruno Le Maire c\u2019est que 90% des gens travaillent au SMIC, 45h par semaine, et qu\u2019ils ferment leur gueule.\u00a0\u00bb<br \/>\n\u00ab\u00a0Le besoin d\u2019exister, le besoin d\u2019existence sociale, le besoin d\u2019interactions, on le voit avec le t\u00e9l\u00e9travail et son impact, est essentiel.\u00a0\u00bb<br \/>\n\u00ab\u00a0Le t\u00e9l\u00e9travail est insupportable pour l\u2019immense majorit\u00e9 des personnes de la m\u00eame mani\u00e8re que les gamins \u00e9taient tr\u00e8s contents de retourner \u00e0 l\u2019\u00e9cole.\u00a0\u00bb<\/p>\n<p><em>\u00a0<strong>Sur la gauche, le ch\u00f4mage, la pr\u00e9carit\u00e9\u00a0<\/em>\u00a0<\/strong><br \/>\n\u00ab\u00a0La gauche a un gros probl\u00e8me avec le monde du ch\u00f4mage et de la pr\u00e9carit\u00e9. De m\u00eame qu\u2019avec le monde syndical.\u00a0\u00bb<br \/>\n\u00ab\u00a0Paradoxalement la droite nous traitait plus mal mais c\u2019\u00e9tait plus facile de discuter avec elle et notamment localement.\u00a0\u00bb<br \/>\n\u00ab\u00a0\u00c7a ne me fait pas plaisir de le dire mais localement, quand on est une association qui d\u00e9fend les pr\u00e9caires et les ch\u00f4meurs, il est parfois plus facile de discuter avec des gens de droite que des gens de gauche.\u00a0\u00bb<br \/>\n\u00ab\u00a0En 2002, Jean-Luc M\u00e9lenchon d\u00e9clarait que c\u2019\u00e9tait la faute aux ch\u00f4meurs si Jospin n\u2019\u00e9tait pas pass\u00e9e au deuxi\u00e8me tour alors que toutes les \u00e9tudes montrent que les ch\u00f4meurs ressemblent \u00e0 la population et qu\u2019ils votent comme tout le monde. Enfin il faut nuancer parce que le premier probl\u00e8me, c\u2019est que les ch\u00f4meurs ne votent pas mais globalement ils sont un peu comme le reste de la population. \u00bb<br \/>\n\u00ab\u00a0Le monde syndical a souvent tendance \u00e0 consid\u00e9rer qu\u2019un mouvement qui ne vient pas de lui est suspect.\u00a0\u00bb<br \/>\n\u00ab\u00a0Je ne tomberais pas dans l\u2019anti-syndicalisme primaire parce que si on a encore un peu de droit du travail, c\u2019est gr\u00e2ce au mouvement syndical.\u00a0\u00bb<br \/>\n\u00ab\u00a0Il y a un rejet des gens qu\u2019on accompagne. On doit faire un travail d\u2019\u00e9ducation populaire. Les pires horreurs que j\u2019ai entendues sur les ch\u00f4meurs, je les ai entendues des ch\u00f4meurs eux-m\u00eames.\u00a0\u00bb<\/p>\n<p><em>\u00a0<strong>Sur les travailleurs pr\u00e9caires et le salariat\u00a0<\/em>\u00a0<\/strong><br \/>\n\u00ab\u00a0Le fait d\u2019avoir un travail ne signifie pas qu\u2019on puisse en vivre.\u00a0\u00bb<br \/>\n\u00ab\u00a0Les commer\u00e7ants et les artisans sont une population \u00e0 laquelle la gauche ne s\u2019adresse jamais parce qu\u2019elle les consid\u00e8re comme des petits patrons alors qu\u2019ils sont des pr\u00e9caires.\u00a0\u00bb<br \/>\n\u00ab\u00a0Il faut travailler sur la question des statuts. Et comment on cr\u00e9\u00e9 des droits et on prot\u00e8ge ces nouveaux statuts d\u2019auto-entrepreneurs notamment &#8211; les ub\u00e9ris\u00e9s -.\u00a0\u00bb<\/p>\n<p><em>\u00a0<strong>Sur le revenu universel<\/em>\u00a0<\/strong><br \/>\n\u00ab\u00a0La s\u00e9curisation des parcours professionnels, c\u2019est juste r\u00e9inventer la s\u00e9curit\u00e9 sociale d\u2019Ambroise Croizat \u00e0 la fin de la guerre.\u00a0\u00bb<br \/>\n\u00ab\u00a0Sur la question du revenu minimum, il faudrait l\u2019assumer jusqu\u2019au bout en disant que tout le monde a le droit \u00e0 un minimum, qui serait une sorte de socle, derri\u00e8re lequel il y aurait des variables li\u00e9s \u00e0 la situation de chacun.\u00a0\u00bb<br \/>\n\u00ab\u00a0Comment g\u00e8re-t-on une soci\u00e9t\u00e9 avec des gens qui se contentent pour vivre, du revenu de base ?\u00a0\u00bb<br \/>\n\u00ab\u00a0Si on d\u00e9cide de faire ce socle, il faut le verser \u00e0 Bernard Arnault. Mais, dans le m\u00eame temps, on va tellement lui pomper en fiscalit\u00e9 que ce n\u2019est pas tr\u00e8s grave de lui donner. Mais ce n\u2019est pas simple \u00e0 assumer politiquement.\u00a0\u00bb<br \/>\n\u00ab\u00a0Il faut cr\u00e9er l\u2019automaticit\u00e9 des droits tels qu\u2019ils existent aujourd\u2019hui.\u00a0\u00bb<br \/>\n\u00ab\u00a0On ira jamais gaiement \u00e0 P\u00f4le Emploi mais on devrait pouvoir y aller sereinement.\u00a0\u00bb<\/p>\n<p><em>\u00a0<strong>Sur la transition \u00e9cologique<\/em>\u00a0<\/strong><br \/>\n\u00ab\u00a0La transition \u00e9cologique est cr\u00e9atrice d\u2019activit\u00e9.\u00a0\u00bb<br \/>\n\u00ab\u00a0Le probl\u00e8me, ce n\u2019est pas de supprimer des activit\u00e9s que l\u2019on consid\u00e8reraient comme polluantes mais de voir o\u00f9 on recase les gens ensuite.\u00a0\u00bb<div id='gallery-1' class='gallery galleryid-12713 gallery-columns-3 gallery-size-thumbnail'><figure class='gallery-item'>\n\t\t\t<div class='gallery-icon landscape'>\n\t\t\t\t<a href='https:\/\/archives.regards.fr\/wp-content\/uploads\/2021\/01\/screenshot_2021-01-20_at_12-13e.09.47.png'><img loading=\"lazy\" decoding=\"async\" width=\"150\" height=\"150\" src=\"https:\/\/archives.regards.fr\/wp-content\/uploads\/2021\/01\/screenshot_2021-01-20_at_12-13e.09.47-150x150.png\" class=\"attachment-thumbnail size-thumbnail\" alt=\"screenshot_2021-01-20_at_12.09.47.png\" \/><\/a>\n\t\t\t<\/div><\/figure>\n\t\t<\/div>\n<\/p>\n","protected":false},"excerpt":{"rendered":"<p>En pleine crise des vaccins et alors que le nombre de ch\u00f4meurs pourrait exploser d\u2019ici quelques mois, la ministre du travail, Elisabeth Borne, veut remettre son projet de r\u00e9forme de l\u2019assurance ch\u00f4mage \u00e0 l\u2019ordre du jour. Pierre-Edouard Magnan, pr\u00e9sident du Mouvement national des ch\u00f4meurs et pr\u00e9caires (MNCP), est l\u2019invit\u00e9 de #LaMidinale.<\/p>\n","protected":false},"author":1204,"featured_media":30163,"comment_status":"open","ping_status":"open","sticky":false,"template":"","format":"standard","meta":{"_themeisle_gutenberg_block_has_review":false,"footnotes":""},"categories":[238],"tags":[293],"class_list":["post-12713","post","type-post","status-publish","format-standard","has-post-thumbnail","hentry","category-la-midinale","tag-entretien"],"_links":{"self":[{"href":"https:\/\/archives.regards.fr\/index.php?rest_route=\/wp\/v2\/posts\/12713","targetHints":{"allow":["GET"]}}],"collection":[{"href":"https:\/\/archives.regards.fr\/index.php?rest_route=\/wp\/v2\/posts"}],"about":[{"href":"https:\/\/archives.regards.fr\/index.php?rest_route=\/wp\/v2\/types\/post"}],"author":[{"embeddable":true,"href":"https:\/\/archives.regards.fr\/index.php?rest_route=\/wp\/v2\/users\/1204"}],"replies":[{"embeddable":true,"href":"https:\/\/archives.regards.fr\/index.php?rest_route=%2Fwp%2Fv2%2Fcomments&post=12713"}],"version-history":[{"count":0,"href":"https:\/\/archives.regards.fr\/index.php?rest_route=\/wp\/v2\/posts\/12713\/revisions"}],"wp:featuredmedia":[{"embeddable":true,"href":"https:\/\/archives.regards.fr\/index.php?rest_route=\/wp\/v2\/media\/30163"}],"wp:attachment":[{"href":"https:\/\/archives.regards.fr\/index.php?rest_route=%2Fwp%2Fv2%2Fmedia&parent=12713"}],"wp:term":[{"taxonomy":"category","embeddable":true,"href":"https:\/\/archives.regards.fr\/index.php?rest_route=%2Fwp%2Fv2%2Fcategories&post=12713"},{"taxonomy":"post_tag","embeddable":true,"href":"https:\/\/archives.regards.fr\/index.php?rest_route=%2Fwp%2Fv2%2Ftags&post=12713"}],"curies":[{"name":"wp","href":"https:\/\/api.w.org\/{rel}","templated":true}]}}