{"id":12711,"date":"2021-01-19T12:08:25","date_gmt":"2021-01-19T11:08:25","guid":{"rendered":"https:\/\/wp.muchomaas.com\/article-jean-louis-peyren-cgt-sanofi-on-a-des-capacites-de-production-qui-dorment-et-qu\/"},"modified":"2023-06-24T00:10:22","modified_gmt":"2023-06-23T22:10:22","slug":"article-jean-louis-peyren-cgt-sanofi-on-a-des-capacites-de-production-qui-dorment-et-qu","status":"publish","type":"post","link":"https:\/\/archives.regards.fr\/?p=12711","title":{"rendered":"Jean-Louis Peyren (CGT\/Sanofi) : \u00ab On a des capacit\u00e9s de production qui dorment et qu&#8217;il faut r\u00e9quisitionner \u00bb"},"content":{"rendered":"<p class=\"post_excerpt\">Apr\u00e8s une longue s\u00e9rie de plans d\u2019\u00e9conomies, Sanofi annonce en pleine crise la suppression d\u2019un millier d\u2019emplois, dont 400 dans la recherche. Jean-Louis Peyren, d\u00e9l\u00e9gu\u00e9 syndical CGT de Sanofi, est l\u2019invit\u00e9 de #LaMidinale.<\/p>\n<h2>UNE MIDINALE \u00c0 VOIR&#8230;<\/h2>\n<p><iframe loading=\"lazy\" width=\"490\" height=\"276\" src=\"https:\/\/www.youtube.com\/embed\/c9ELS4e5xFQ\" frameborder=\"0\" allow=\"accelerometer; autoplay; clipboard-write; encrypted-media; gyroscope; picture-in-picture\" allowfullscreen><\/iframe><\/p>\n<p>&nbsp;<\/p>\n<p><h2>ET \u00c0 LIRE&#8230;<\/h2>\n<p><em>\u00a0<strong>Sur l\u2019histoire d\u2019une faillite<\/em>\u00a0<\/strong><br \/>\n\u00ab\u00a0\u00c7a fait 13 ans que Sanofi casse sa recherche et ses emplois dans toutes ses activit\u00e9s : la recherche, la chimie, les vaccins.\u00a0\u00bb<br \/>\n\u00ab\u00a0Avec l\u2019arriv\u00e9e de monsieur Viehbacher dans les ann\u00e9es 2000, l\u2019entreprise a fait deux plans d\u2019\u00e9conomies successifs de deux milliards d\u2019euros. Soit quatre milliards d\u2019\u00e9conomie. Monsieur Brandicourt qui est arriv\u00e9 derri\u00e8re a lui aussi fait un plan d\u2019\u00e9conomies de deux milliards. Donc \u00e7a fait six milliards. Et aujourd\u2019hui, avec monsieur Paul Hudson \u00e0 la t\u00eate du groupe et propose deux milliards d\u2019\u00e9conomies. Soit un total de huit milliards d\u2019\u00e9conomies en 13 ans.\u00a0\u00bb<br \/>\n\u00ab\u00a0Quand on tape dans la recherche, c\u2019est tout un \u00e9cosyst\u00e8me qu\u2019on d\u00e9s\u00e9quilibre.\u00a0Cet \u00e9cosyst\u00e8me est en train de mourir chez Sanofi. \u00bb<\/p>\n<p><em>\u00a0<strong>Sur la nationalisation de Sanofi<\/em>\u00a0<\/strong><br \/>\n\u00ab Avant Sanofi, c\u2019\u00e9tait Elf-Aquitaine, Rh\u00f4ne Poulenc donc la nationalisation n\u2019a pas \u00e9vit\u00e9 de faire de Sanofi ce qu\u2019on est en train d\u2019en faire.\u00a0\u00bb<br \/>\n\u00ab\u00a0Il faut qu\u2019il y ait une r\u00e9appropriation citoyenne de ces entreprises-l\u00e0 qui sont strat\u00e9giques.\u00a0\u00bb<br \/>\n\u00ab\u00a0La sant\u00e9 est un bien commun et on ne peut pas la laisser entre les mains d\u2019int\u00e9r\u00eats priv\u00e9s qui ne servent que les actionnaires.\u00a0\u00bb<br \/>\n\u00ab\u00a0Sur deux ans, Sanofi a rachet\u00e9 pour d\u00e9truire l\u2019\u00e9quivalent de trois milliards d\u2019euros d\u2019actions.\u00a0On ne peut pas cautionner ces pratiques quand on travaille dans la sant\u00e9. \u00bb<br \/>\n\u00ab\u00a0En 2020, il y a eu quatre milliards d\u2019euros de dividendes : c\u2019est 40 ann\u00e9es de dons au T\u00e9l\u00e9thon.\u00a0\u00bb<br \/>\n\u00ab\u00a0En 2020, Sanofi a donn\u00e9 \u00e0 ses actionnaires l\u2019\u00e9quivalent de 40 ans de dons au T\u00e9l\u00e9thon.\u00a0\u00bb<\/p>\n<p><em>\u00a0<strong>Sur les retards du vaccin Sanofi<\/em>\u00a0<\/strong><br \/>\n\u00ab\u00a0Les plans d\u2019\u00e9conomies successifs d\u00e9s\u00e9quilibrent notre \u00e9cosyst\u00e8me : on perd notre savoir-faire, nos chercheurs\u2026 On se retrouve dans une situation o\u00f9 quand on a besoin de nous, on ne sait plus faire.\u00a0\u00bb<br \/>\n\u00ab\u00a0Sanofi a deux axes de d\u00e9veloppement : un plus moderne [ARN Messager] et l\u2019autre un peu plus ancien et qui fonctionne.\u00a0\u00bb<br \/>\n\u00ab\u00a0Sanofi c\u2019est une histoire de paradoxes et d\u2019aberrations.\u00a0\u00bb<\/p>\n<p><em>\u00a0<strong>Sur la r\u00e9quisition des sites de production<\/em>\u00a0<\/strong><br \/>\n\u00ab\u00a0\u00c0 la CGT, \u00e7a fait quinze jours qu\u2019on demande la r\u00e9quisition de nos outils de production pour fabriquer les vaccins.\u00a0\u00bb<br \/>\n\u00a0\u00ab\u00a0Si on est en guerre comme le dit Emmanuel Macron, on doit se serrer les coudes et il n\u2019y a pas d\u2019histoire de concurrence.\u00a0On a tous les m\u00eames objectifs : vaincre le coronavirus. \u00bb<br \/>\n\u00ab\u00a0On devrait d\u00e9passer les logiques capitalistes : je ne vois pas pourquoi il y aurait une propri\u00e9t\u00e9 intellectuelle qui priverait les pays d\u2019exploiter un vaccin contre le coronavirus s\u2019il est capable de le fabriquer.\u00a0\u00bb<br \/>\n\u00ab\u00a0Tous les brevets, quels que soient les vaccins, devraient \u00eatre en livre service sans avoir \u00e0 verser des royalties.\u00a0\u00bb<\/p>\n<p><em>\u00a0<strong>Sur la col\u00e8re des salari\u00e9s\u00a0<\/em>\u00a0<\/strong><br \/>\n\u00ab\u00a0On ne peut pas porter le nom de Pasteur et ne pas r\u00e9pondre pr\u00e9sent.\u00a0\u00bb<br \/>\n\u00ab\u00a0C\u2019est la finance qui r\u00e9gule et commande le groupe Sanofi.\u00a0\u00bb<br \/>\n\u00ab\u00a0On ne peut pas avoir de strat\u00e9gie qui corresponde \u00e0 la r\u00e9alit\u00e9 puisque c\u2019est la finance qui dirige ce groupe.\u00a0\u00bb<br \/>\n\u00ab\u00a0Si nos patrons veulent garder leur place, c\u2019est de r\u00e9pondre \u00e0 la volont\u00e9 des actionnaires.\u00a0\u00bb<br \/>\n\u00ab\u00a0On a tellement cass\u00e9 notre outil de production et notre outil de recherche qu\u2019on est incapable de faire de l\u2019innovation.\u00a0\u00bb<br \/>\n\u00ab\u00a0L\u2019Etat qui a vers\u00e9 plus d\u2019un milliard d\u2019euros \u00e0 Sanofi a son mot \u00e0 dire dans la strat\u00e9gie du groupe.\u00a0\u00bb<br \/>\n\u00ab\u00a0Nos dirigeants ont cr\u00e9\u00e9 un monstre qu\u2019on ne maitrise plus.\u00a0\u00bb<div id='gallery-1' class='gallery galleryid-12711 gallery-columns-3 gallery-size-thumbnail'><figure class='gallery-item'>\n\t\t\t<div class='gallery-icon landscape'>\n\t\t\t\t<a href='https:\/\/archives.regards.fr\/wp-content\/uploads\/2021\/01\/capture_d_e_cran_2021-01-19_a_12-231.06.17.png'><img loading=\"lazy\" decoding=\"async\" width=\"150\" height=\"150\" src=\"https:\/\/archives.regards.fr\/wp-content\/uploads\/2021\/01\/capture_d_e_cran_2021-01-19_a_12-231.06.17-150x150.png\" class=\"attachment-thumbnail size-thumbnail\" alt=\"capture_d_e_cran_2021-01-19_a_12.06.17.png\" \/><\/a>\n\t\t\t<\/div><\/figure>\n\t\t<\/div>\n<\/p>\n","protected":false},"excerpt":{"rendered":"<p>Apr\u00e8s une longue s\u00e9rie de plans d\u2019\u00e9conomies, Sanofi annonce en pleine crise la suppression d\u2019un millier d\u2019emplois, dont 400 dans la recherche. Jean-Louis Peyren, d\u00e9l\u00e9gu\u00e9 syndical CGT de Sanofi, est l\u2019invit\u00e9 de #LaMidinale.<\/p>\n","protected":false},"author":1204,"featured_media":30159,"comment_status":"open","ping_status":"open","sticky":false,"template":"","format":"standard","meta":{"_themeisle_gutenberg_block_has_review":false,"footnotes":""},"categories":[238],"tags":[293],"class_list":["post-12711","post","type-post","status-publish","format-standard","has-post-thumbnail","hentry","category-la-midinale","tag-entretien"],"_links":{"self":[{"href":"https:\/\/archives.regards.fr\/index.php?rest_route=\/wp\/v2\/posts\/12711","targetHints":{"allow":["GET"]}}],"collection":[{"href":"https:\/\/archives.regards.fr\/index.php?rest_route=\/wp\/v2\/posts"}],"about":[{"href":"https:\/\/archives.regards.fr\/index.php?rest_route=\/wp\/v2\/types\/post"}],"author":[{"embeddable":true,"href":"https:\/\/archives.regards.fr\/index.php?rest_route=\/wp\/v2\/users\/1204"}],"replies":[{"embeddable":true,"href":"https:\/\/archives.regards.fr\/index.php?rest_route=%2Fwp%2Fv2%2Fcomments&post=12711"}],"version-history":[{"count":0,"href":"https:\/\/archives.regards.fr\/index.php?rest_route=\/wp\/v2\/posts\/12711\/revisions"}],"wp:featuredmedia":[{"embeddable":true,"href":"https:\/\/archives.regards.fr\/index.php?rest_route=\/wp\/v2\/media\/30159"}],"wp:attachment":[{"href":"https:\/\/archives.regards.fr\/index.php?rest_route=%2Fwp%2Fv2%2Fmedia&parent=12711"}],"wp:term":[{"taxonomy":"category","embeddable":true,"href":"https:\/\/archives.regards.fr\/index.php?rest_route=%2Fwp%2Fv2%2Fcategories&post=12711"},{"taxonomy":"post_tag","embeddable":true,"href":"https:\/\/archives.regards.fr\/index.php?rest_route=%2Fwp%2Fv2%2Ftags&post=12711"}],"curies":[{"name":"wp","href":"https:\/\/api.w.org\/{rel}","templated":true}]}}