{"id":12709,"date":"2021-01-18T11:36:51","date_gmt":"2021-01-18T10:36:51","guid":{"rendered":"https:\/\/wp.muchomaas.com\/article-heloise-gruz-l-universite-qui-nous-emploie-refuse-de-nous-payer-les-heures\/"},"modified":"2023-06-24T00:10:21","modified_gmt":"2023-06-23T22:10:21","slug":"article-heloise-gruz-l-universite-qui-nous-emploie-refuse-de-nous-payer-les-heures","status":"publish","type":"post","link":"https:\/\/archives.regards.fr\/?p=12709","title":{"rendered":"H\u00e9lo\u00efse Gruz : \u00ab L&#8217;universit\u00e9 qui nous emploie refuse de nous payer les heures perdues par le confinement \u00bb"},"content":{"rendered":"<p class=\"post_excerpt\">Les \u00e9tudiants-salari\u00e9s de la biblioth\u00e8que Sainte-Barbe entament leur sixi\u00e8me semaine de gr\u00e8ve : l&#8217;administration de l&#8217;universit\u00e9 Paris-3 qui les emploie refuse de les payer quand l&#8217;\u00e9tablissement est ferm\u00e9 pour cause de confinement. H\u00e9lo\u00efse Gruz, l&#8217;une des gr\u00e9viste, est l&#8217;invit\u00e9e de la Midinale.<\/p>\n<h2>UNE MIDINALE \u00c0 VOIR&#8230;<\/h2>\n<p><iframe loading=\"lazy\" width=\"490\" height=\"276\" src=\"https:\/\/www.youtube.com\/embed\/KJW-ivzIhpE\" frameborder=\"0\" allow=\"accelerometer; autoplay; clipboard-write; encrypted-media; gyroscope; picture-in-picture\" allowfullscreen><\/iframe><\/p>\n<p>&nbsp;<\/p>\n<p>Pour les soutenir, c&#8217;est par ici :<br \/>\n<a href=\"https:\/\/www.leetchi.com\/c\/soutien-aux-moniteur-rice-s-etudiant-e-s-de-la-bsb?fbclid=IwAR1nwHx0fZQ0ht\">https:\/\/www.leetchi.com\/c\/soutien-aux-moniteur-rice-s-etudiant-e-s-de-la-bsb?fbclid=IwAR1nwHx0fZQ0ht<\/a><\/p>\n<h2>ET \u00c0 LIRE&#8230;<\/h2>\n<p><em>\u00a0<strong>Sur la gr\u00e8ve des \u00e9tudiants-salari\u00e9s de la biblioth\u00e8que universitaire Sainte-Barbe<\/em>\u00a0<\/strong><br \/>\n\u00ab\u00a0Certains d\u2019entre nous ont eu la Covid et se sont aper\u00e7us que la biblioth\u00e8que [Sainte-Barbe] refusaient de les r\u00e9mun\u00e9rer alors m\u00eame qu\u2019une circulaire disait que l\u2019on devait \u00eatre pay\u00e9.\u00a0\u00bb<br \/>\n\u00ab\u00a0La pr\u00e9sidence de l\u2019universit\u00e9 Paris-3 [notre employeur] nous a annonc\u00e9 que, s\u2019il y avait un nouveau confinement, on ne serait pas pay\u00e9.\u00a0\u00bb<br \/>\n\u00ab\u00a0Sur demande du minist\u00e8re, de nouveaux contrats pour nous pr\u00e9cariser encore plus sont en train d\u2019\u00eatre \u00e9labor\u00e9s.\u00a0\u00bb<br \/>\n\u00ab\u00a0On est tr\u00e8s vite entr\u00e9 en contact avec la CGT de l\u2019universit\u00e9 Paris-3.\u00a0\u00bb<br \/>\n\u00ab\u00a0Contractuel \u00e9tudiant est un statut extr\u00eamement sp\u00e9cial : souvent, m\u00eame l\u2019administration n\u2019arrive pas \u00e0 faire la diff\u00e9rence entre contractuel \u00e9tudiant et vacataire.\u00a0\u00bb<br \/>\n\u00ab\u00a0Il y a une clause dans nos contrats qui stipule que l\u2019on est pay\u00e9 aux heures faites. Notre planning nous est donn\u00e9 chaque semaine : quand des heures sont planifi\u00e9es, elles doivent normalement nous \u00eatre pay\u00e9es\u2026 mais ils jouent sur cette mention \u201dheures faites\u201d.\u00a0\u00bb<br \/>\n\u00ab\u00a0L\u2019administration de l\u2019universit\u00e9 qui nous emploie subit des pressions de la part de Bercy : le Covid, \u00e7a commence \u00e0 \u00eatre long, il faut donc faire des \u00e9conomies.\u00a0\u00bb<\/p>\n<p><em>\u00a0<strong>Sur la situation des \u00e9tudiants-salari\u00e9s en g\u00e9n\u00e9ral<\/em>\u00a0<\/strong><br \/>\n\u00ab\u00a0Au piquet, beaucoup de personnes sont venues nous voir : des \u00e9tudiants salari\u00e9s des biblioth\u00e8ques des Grands Moulins ou de Censier rencontrent exactement les m\u00eames probl\u00e8mes.\u00a0\u00bb<br \/>\n\u00ab\u00a0Dans beaucoup de biblioth\u00e8ques, il y a tr\u00e8s peu d\u2019\u00e9tudiants salari\u00e9s (2 ou 3 parfois) : ce n\u2019est pas assez pour faire une gr\u00e8ve qui puisse porter ses fruits.\u00a0\u00bb<\/p>\n<p><em>\u00a0<strong>Sur la pr\u00e9carit\u00e9 \u00e9tudiante<\/em>\u00a0<\/strong><br \/>\n\u00ab Il y a une grande id\u00e9e, qui est compl\u00e8tement fausse, que la plupart des \u00e9tudiants ont leur famille qui peut les soutenir.\u00a0\u00bb<br \/>\n\u00ab\u00a0Le postulat selon lequel tout \u00e9tudiant pourrait obtenir de l\u2019aide de ses parents est faux.\u00a0\u00bb<br \/>\n\u00ab\u00a0Notre salaire n\u2019est pas faramineux : par mois, il s\u2019\u00e9l\u00e8ve \u00e0 460 euros. Et \u00e0 Paris, on ne paie pas son loyer avec 460 euros.\u00a0\u00bb<br \/>\n\u00ab\u00a0Moi, comme beaucoup, j\u2019ai un deuxi\u00e8me boulot \u00e0 c\u00f4t\u00e9. Et j\u2019en ai besoin de ces boulots, c\u2019est vital.\u00a0\u00bb<br \/>\n\u00ab\u00a0Il faut tout faire pour qu\u2019un \u00e9tudiant n\u2019ait pas \u00e0 travailler pendant ses \u00e9tudes.\u00a0\u00bb<br \/>\n\u00ab\u00a0Il y a une tr\u00e8s grande in\u00e9galit\u00e9 et injustice dans le fait que certains doivent travailler pour financer leurs \u00e9tudes et pas d\u2019autres.\u00a0\u00bb<br \/>\n\u00ab\u00a0Contrairement \u00e0 ce que dit Bruno Lemaire, \u00e0 18 ans, on ne veut pas travailler, on veut \u00e9tudier.\u00a0\u00bb<br \/>\n\u00ab\u00a0Il faudrait qu\u2019\u00e9tudier ne soit pas un poids ou une souffrance terrible.\u00a0\u00bb<br \/>\n\u00ab\u00a0Dans tous mes cours, mes professeurs ont \u00e9t\u00e9 affol\u00e9s parce qu\u2019un tiers des \u00e9tudiants ne se sont pas connect\u00e9s aux cours.\u00a0\u00bb<br \/>\n\u00ab\u00a0Depuis la rentr\u00e9e, dans mon cercle proche, trois personnes abandonnent leurs \u00e9tudes.\u00a0\u00bb<br \/>\n\u00ab\u00a0La pand\u00e9mie de la Covid acc\u00e9l\u00e8re la s\u00e9lection sociale : ce n\u2019est pas n\u2019importe qui qui d\u00e9croche, ce sont d\u2019abord ceux qui sont oblig\u00e9s de travailler.\u00a0\u00bb<\/p>\n<p><em>\u00a0<strong>Sur Fr\u00e9d\u00e9rique Vidal, la ministre de l\u2019Enseignement sup\u00e9rieur et de la Recherche<\/em>\u00a0<\/strong><br \/>\n\u00ab\u00a0Fr\u00e9d\u00e9rique Vidal, depuis quelques mois, elle ne fait que de la communication : son engagement, il n\u2019est que sur Twitter.\u00a0\u00bb<br \/>\n\u00ab\u00a0Elle vient de cr\u00e9er des postes de tuteurs : cela veut dire qu\u2019on fait faire le boulot \u00e0 des sous-fifres et elle d\u00e9montre que l\u2019enseignement sup\u00e9rieur n\u2019est pas capable \u00e0 lui seul de faire le travail.\u00a0\u00bb<br \/>\n\u00ab\u00a0Le gouvernement cr\u00e9e un climat d\u00e9l\u00e9t\u00e8re \u00e9conomiquement : au niveau des \u00e9tudes, c\u2019est une catastrophe mais quand on voit le march\u00e9 du travail qui s\u2019ouvre \u00e0 nous, c\u2019est encore pire.\u00a0\u00bb<br \/>\n\u00ab\u00a0Le gouvernement est en train de d\u00e9truire toutes les perspectives d\u2019avenir d\u2019une grande partie des \u00e9tudiants.\u00a0\u00bb<div id='gallery-1' class='gallery galleryid-12709 gallery-columns-3 gallery-size-thumbnail'><figure class='gallery-item'>\n\t\t\t<div class='gallery-icon landscape'>\n\t\t\t\t<a href='https:\/\/archives.regards.fr\/wp-content\/uploads\/2021\/01\/capture_d_e_cran_2021-01-18_a_11-3c5.24.01.png'><img loading=\"lazy\" decoding=\"async\" width=\"150\" height=\"150\" src=\"https:\/\/archives.regards.fr\/wp-content\/uploads\/2021\/01\/capture_d_e_cran_2021-01-18_a_11-3c5.24.01-150x150.png\" class=\"attachment-thumbnail size-thumbnail\" alt=\"capture_d_e_cran_2021-01-18_a_11.24.01.png\" \/><\/a>\n\t\t\t<\/div><\/figure>\n\t\t<\/div>\n<\/p>\n","protected":false},"excerpt":{"rendered":"<p>Les \u00e9tudiants-salari\u00e9s de la biblioth\u00e8que Sainte-Barbe entament leur sixi\u00e8me semaine de gr\u00e8ve : l&#8217;administration de l&#8217;universit\u00e9 Paris-3 qui les emploie refuse de les payer quand l&#8217;\u00e9tablissement est ferm\u00e9 pour cause de confinement. H\u00e9lo\u00efse Gruz, l&#8217;une des gr\u00e9viste, est l&#8217;invit\u00e9e de la Midinale.<\/p>\n","protected":false},"author":1204,"featured_media":30155,"comment_status":"open","ping_status":"open","sticky":false,"template":"","format":"standard","meta":{"_themeisle_gutenberg_block_has_review":false,"footnotes":""},"categories":[238],"tags":[293],"class_list":["post-12709","post","type-post","status-publish","format-standard","has-post-thumbnail","hentry","category-la-midinale","tag-entretien"],"_links":{"self":[{"href":"https:\/\/archives.regards.fr\/index.php?rest_route=\/wp\/v2\/posts\/12709","targetHints":{"allow":["GET"]}}],"collection":[{"href":"https:\/\/archives.regards.fr\/index.php?rest_route=\/wp\/v2\/posts"}],"about":[{"href":"https:\/\/archives.regards.fr\/index.php?rest_route=\/wp\/v2\/types\/post"}],"author":[{"embeddable":true,"href":"https:\/\/archives.regards.fr\/index.php?rest_route=\/wp\/v2\/users\/1204"}],"replies":[{"embeddable":true,"href":"https:\/\/archives.regards.fr\/index.php?rest_route=%2Fwp%2Fv2%2Fcomments&post=12709"}],"version-history":[{"count":0,"href":"https:\/\/archives.regards.fr\/index.php?rest_route=\/wp\/v2\/posts\/12709\/revisions"}],"wp:featuredmedia":[{"embeddable":true,"href":"https:\/\/archives.regards.fr\/index.php?rest_route=\/wp\/v2\/media\/30155"}],"wp:attachment":[{"href":"https:\/\/archives.regards.fr\/index.php?rest_route=%2Fwp%2Fv2%2Fmedia&parent=12709"}],"wp:term":[{"taxonomy":"category","embeddable":true,"href":"https:\/\/archives.regards.fr\/index.php?rest_route=%2Fwp%2Fv2%2Fcategories&post=12709"},{"taxonomy":"post_tag","embeddable":true,"href":"https:\/\/archives.regards.fr\/index.php?rest_route=%2Fwp%2Fv2%2Ftags&post=12709"}],"curies":[{"name":"wp","href":"https:\/\/api.w.org\/{rel}","templated":true}]}}