{"id":12703,"date":"2021-01-15T12:46:52","date_gmt":"2021-01-15T11:46:52","guid":{"rendered":"https:\/\/wp.muchomaas.com\/article-aurore-lalucq-l-absence-d-activite-economique-ne-se-rembourse-pas\/"},"modified":"2023-06-24T00:09:56","modified_gmt":"2023-06-23T22:09:56","slug":"article-aurore-lalucq-l-absence-d-activite-economique-ne-se-rembourse-pas","status":"publish","type":"post","link":"https:\/\/archives.regards.fr\/?p=12703","title":{"rendered":"Aurore Lalucq : \u00ab L\u2019absence d\u2019activit\u00e9 \u00e9conomique ne se rembourse pas  \u00bb"},"content":{"rendered":"<p class=\"post_excerpt\">Quelles cons\u00e9quences les nouvelles mesures du gouvernement vont-elles avoir sur notre \u00e9conomie, les petites entreprises, les commerces ? Aurore Lalucq, d\u00e9put\u00e9e europ\u00e9enne (Place publique), est l\u2019invit\u00e9e de #LaMidinale.<\/p>\n<h2>UNE MIDINALE \u00c0 VOIR&#8230;<\/h2>\n<p><iframe loading=\"lazy\" width=\"490\" height=\"276\" src=\"https:\/\/www.youtube.com\/embed\/A8PESYQWlys\" frameborder=\"0\" allow=\"accelerometer; autoplay; clipboard-write; encrypted-media; gyroscope; picture-in-picture\" allowfullscreen><\/iframe><\/p>\n<p>&nbsp;<\/p>\n<p><h2>ET \u00c0 LIRE&#8230;<\/h2>\n<p><em> <strong>Sur les nouvelles mesures du gouvernement<\/strong> <\/em><br \/>\n\u00ab Il y une coh\u00e9rence [dans la politique du gouvernement] dans l\u2019attentisme. Le gouvernement est dans l\u2019attentisme et prend des d\u00e9cisions avec 15 jours, voire trois semaines de retard. \u00bb<br \/>\n\u00ab La meilleure des politiques \u00e9conomiques, c\u2019est la politique sanitaire donc s\u2019ils reportent leur d\u00e9cision de confiner les Fran\u00e7ais pour des raisons simplement \u00e9conomiques, c\u2019est incompr\u00e9hensible. \u00bb<br \/>\n\u00ab Il n\u2019y a pas de rationalit\u00e9 dans les politiques mises en place aujourd\u2019hui. \u00bb<br \/>\n\u00ab Le gouvernement ne tire aucune le\u00e7on des \u00e9v\u00e9nements pass\u00e9s. \u00c0 chaque fois, c\u2019est le jour sans fin. On recommence les m\u00eames erreurs sans apprendre des erreurs pass\u00e9es. \u00bb<br \/>\n\u00ab S\u2019il y a une mesure dure \u00e0 prendre, autant la prendre tout de suite. \u00bb<br \/>\n\u00ab Avec le couvre-feu \u00e0 18h, les gens vont s\u2019entasser dans les transports ou les magasins donc c\u2019est une strat\u00e9gie qui interroge. \u00bb<br \/>\n\u00ab Le gouvernement manque de courage et de sinc\u00e9rit\u00e9 politique. \u00bb<\/p>\n<p><em> <strong>Sur les cons\u00e9quences du couvre-feu sur les commerces<\/strong> <\/em><br \/>\n\u00ab La question c\u2019est pas &#8220;quoi qu\u2019il en co\u00fbte&#8221; mais &#8220;\u00e0 qui il en co\u00fbte&#8221; ? \u00bb<br \/>\n\u00ab On ne va pas voir les cons\u00e9quences maintenant, on va les voir apr\u00e8s. C\u2019est comme si on avait une esp\u00e8ce de vague qui avait d\u00e9ferl\u00e9 et c\u2019est quand la vague va totalement se retirer qu\u2019on va mesurer les cons\u00e9quences. Pour l\u2019instant, on n\u2019a pas un degr\u00e9 de faillite \u00e9lev\u00e9 du tout parce que l\u2019Etat a arros\u00e9 partout, sans contrepartie. \u00bb<br \/>\n\u00ab On a des entreprises qui ne sont pas en si mauvais \u00e9tat mais il faut savoir que ces entreprises n\u2019embauchent plus, ne recrutent plus, n\u2019investissent plus. Tout est \u00e0 l\u2019arr\u00eat. Les effets de la crise viendront plus tard. \u00bb<\/p>\n<p><em> <strong>Sur l\u2019absence de contreparties et les effets d\u2019aubaine des aides aux grandes entreprises (15,2 milliards d\u2019\u20ac)<\/strong> <\/em><br \/>\n\u00ab Quand on distribue de l\u2019argent sans contrepartie, il y a forc\u00e9ment des effets d\u2019aubaine. \u00bb<br \/>\n\u00ab Il faut conditionner les aides. \u00bb<br \/>\n\u00ab Certaines entreprises qui ont re\u00e7u de l\u2019argent font de l\u2019optimisation fiscale. Certaines n\u2019ont pas besoin de ces aides et on se retrouve avec des entreprises qui veulent le beurre, l\u2019argent du beurre et des parts dans la coop\u00e9rative. \u00bb<br \/>\n\u00ab Ce qui m\u2019inqui\u00e8te quand j\u2019entends le ministre de l\u2019\u00e9conomie c\u2019est que ce sont les banques qui vont \u00e9tudier les d\u00e9cisions et prendre les d\u00e9cisions. \u00c7a n\u2019est pas aux banques de prendre des d\u00e9cisions mais \u00e0 l\u2019Etat. Il s\u2019agit d\u2019argent public. \u00bb<br \/>\n\u00ab \u00c0 force de reporter l\u2019\u00e9ch\u00e9ance de remboursement des pr\u00eats aux entreprises, \u00e7a va finir en subvention. C\u2019est donc \u00e0 l\u2019Etat de prendre des d\u00e9cisions. \u00bb<\/p>\n<p><em> <strong>Sur la possibilit\u00e9 d\u2019une crise bancaire<\/strong> <\/em><br \/>\n\u00ab Les conditions d\u2019une crise bancaire sont r\u00e9unies pour plusieurs raisons : d\u2019abord parce qu\u2019on est entr\u00e9 dans cette crise avec un taux d\u2019endettement priv\u00e9 extr\u00eamement \u00e9lev\u00e9, notamment en France (\u2026). Aussi, on risque d&#8217;avoir des faillites d\u2019entreprises donc on a ouvert les vannes du cr\u00e9dit pour les sauver l\u00e0 o\u00f9 il avait fallu faire de la monnaie h\u00e9licopt\u00e8re ou des subventions pour faire en sorte de sortir de cette id\u00e9e de pr\u00eat \u00e0 rembourser. L\u2019absence d\u2019activit\u00e9 \u00e9conomique ne se rembourse pas. \u00bb<br \/>\n\u00ab Le risque enfin, c\u2019est aussi un accroissement des impay\u00e9s, y compris chez les m\u00e9nages, qui faute de revenus ne pourront plus payer leurs cr\u00e9dits \u00e0 la consommation ou immobiliers. Les voyants sont au rouge. \u00bb<br \/>\n\u00ab Cette crise bancaire est \u00e9vitable. Il fait faire en sorte que les revenus ne baissent pas. \u00bb<br \/>\n\u00ab Il faut sauver les gens plut\u00f4t que sauver les banques. Au final, \u00e7a sauvera les banques. Il faut \u00e0 tout prix \u00e9viter les faillites personnelles. \u00bb<br \/>\n\u00ab On donne trop de pouvoir aux banques. \u00bb<br \/>\n\u00ab Il faut faire une vraie r\u00e9forme bancaire. \u00bb<\/p>\n<p><em> <strong>Sur la dette<\/strong> <\/em><br \/>\n\u00ab Les termes du d\u00e9bat sont mal pos\u00e9s. \u00bb<br \/>\n\u00ab Ceux qui nous gouvernent nous ont fait croire qu\u2019ils \u00e9taient des lib\u00e9raux alors qu\u2019en r\u00e9alit\u00e9 on n\u2019a pas eu de r\u00e9ductions de l\u2019intervention de l\u2019Etat. On a m\u00eame un Etat qui s\u2019est endett\u00e9. \u00c7a veut dire qu\u2019on utilisait des \u00e9l\u00e9ments de langage de type lib\u00e9ral &#8211; il faut \u00eatre plus comp\u00e9titif ; il faut moins d\u2019Etat, etc. &#8211; et en m\u00eame temps ceux qui utilisaient ces \u00e9l\u00e9ments de langage demandaient des interventions de l\u2019Etat pour soutenir les entreprises. Un Etat qui, en plus, vient les aider massivement et sans contraintes &#8211; l\u00e0 o\u00f9 on en met aux plus fragiles, comme les ch\u00f4meurs. \u00c7a n\u2019est pas une perspective lib\u00e9rale mais dans un Etat pr\u00e9dateur c\u2019est-\u00e0-dire un Etat qui se met au service des plus puissants. C\u2019est \u00e7a la dynamique. \u00bb<br \/>\n\u00ab La dette est l\u2019argument phare de ces derni\u00e8res ann\u00e9es pour pouvoir justifier des politiques de rigueur. \u00bb<br \/>\n\u00ab La question n\u2019est pas de savoir si la dette c\u2019est bien ou c\u2019est mal. La question c\u2019est : une dette pour quoi faire ? \u00bb<br \/>\n\u00ab En politique, on met les marqueurs de la dette sur les moyens et non sur la finalit\u00e9. \u00bb<br \/>\n\u00ab Il faut assumer de ne pas mettre de doctrine dans les moyens mais dans la finalit\u00e9. \u00bb<br \/>\n\u00ab Il y a une instance qui ne doit de l\u2019argent \u00e0 personne, c\u2019est la banque centrale europ\u00e9enne donc si elle annule les dettes qu\u2019elle d\u00e9tient des Etats, elle ne devra rien \u00e0 personne. \u00bb<\/p>\n<p><em> <strong>Sur la recherche de la croissance<\/strong> <\/em><br \/>\n\u00ab \u00c7a n\u2019est pas tant la croissance du PIB qui doit nous int\u00e9resser. Ce qui doit nous int\u00e9resser c\u2019est d\u2019avoir de l\u2019activit\u00e9 \u00e9conomique. C\u2019est d\u2019avoir une r\u00e9ponse \u00e0 la crise sociale et \u00e9cologique. \u00bb<br \/>\n\u00ab La croissance du PIB ne nous dit rien sur l\u2019\u00e9tat des \u00e9tudiants. C\u2019est un indicateur aveugle aux in\u00e9galit\u00e9s sociales. On n\u2019a pas les bons indicateurs. \u00bb<br \/>\n\u00ab Il nous faut trouver de bons indicateurs pour mieux guider l\u2019action politique. \u00bb<br \/>\n\u00ab Il nous faut des indicateurs de sant\u00e9 mais aussi des indicateurs sociaux et environnementaux. \u00bb<br \/>\n\u00ab La question de l\u2019activit\u00e9 \u00e9conomique est pr\u00e9sente chez tout le monde et il ne faut pas la balayer. \u00bb<br \/>\n\u00ab Il nous faut r\u00e9fl\u00e9chir \u00e0 un nouveau mod\u00e8le de d\u00e9veloppement. \u00bb<br \/>\n\u00ab On ne peut pas produire plus en polluant moins donc il va falloir r\u00e9fl\u00e9chir \u00e0 la post-croissance. \u00bb<div id='gallery-1' class='gallery galleryid-12703 gallery-columns-3 gallery-size-thumbnail'><figure class='gallery-item'>\n\t\t\t<div class='gallery-icon landscape'>\n\t\t\t\t<a href='https:\/\/archives.regards.fr\/wp-content\/uploads\/2021\/01\/screenshot_2021-01-15_at_12-85d.45.48.png'><img loading=\"lazy\" decoding=\"async\" width=\"150\" height=\"150\" src=\"https:\/\/archives.regards.fr\/wp-content\/uploads\/2021\/01\/screenshot_2021-01-15_at_12-85d.45.48-150x150.png\" class=\"attachment-thumbnail size-thumbnail\" alt=\"screenshot_2021-01-15_at_12.45.48.png\" \/><\/a>\n\t\t\t<\/div><\/figure>\n\t\t<\/div>\n<\/p>\n","protected":false},"excerpt":{"rendered":"<p>Quelles cons\u00e9quences les nouvelles mesures du gouvernement vont-elles avoir sur notre \u00e9conomie, les petites entreprises, les commerces ? Aurore Lalucq, d\u00e9put\u00e9e europ\u00e9enne (Place publique), est l\u2019invit\u00e9e de #LaMidinale.<\/p>\n","protected":false},"author":1039,"featured_media":30137,"comment_status":"open","ping_status":"open","sticky":false,"template":"","format":"standard","meta":{"_themeisle_gutenberg_block_has_review":false,"footnotes":""},"categories":[238],"tags":[293],"class_list":["post-12703","post","type-post","status-publish","format-standard","has-post-thumbnail","hentry","category-la-midinale","tag-entretien"],"_links":{"self":[{"href":"https:\/\/archives.regards.fr\/index.php?rest_route=\/wp\/v2\/posts\/12703","targetHints":{"allow":["GET"]}}],"collection":[{"href":"https:\/\/archives.regards.fr\/index.php?rest_route=\/wp\/v2\/posts"}],"about":[{"href":"https:\/\/archives.regards.fr\/index.php?rest_route=\/wp\/v2\/types\/post"}],"author":[{"embeddable":true,"href":"https:\/\/archives.regards.fr\/index.php?rest_route=\/wp\/v2\/users\/1039"}],"replies":[{"embeddable":true,"href":"https:\/\/archives.regards.fr\/index.php?rest_route=%2Fwp%2Fv2%2Fcomments&post=12703"}],"version-history":[{"count":0,"href":"https:\/\/archives.regards.fr\/index.php?rest_route=\/wp\/v2\/posts\/12703\/revisions"}],"wp:featuredmedia":[{"embeddable":true,"href":"https:\/\/archives.regards.fr\/index.php?rest_route=\/wp\/v2\/media\/30137"}],"wp:attachment":[{"href":"https:\/\/archives.regards.fr\/index.php?rest_route=%2Fwp%2Fv2%2Fmedia&parent=12703"}],"wp:term":[{"taxonomy":"category","embeddable":true,"href":"https:\/\/archives.regards.fr\/index.php?rest_route=%2Fwp%2Fv2%2Fcategories&post=12703"},{"taxonomy":"post_tag","embeddable":true,"href":"https:\/\/archives.regards.fr\/index.php?rest_route=%2Fwp%2Fv2%2Ftags&post=12703"}],"curies":[{"name":"wp","href":"https:\/\/api.w.org\/{rel}","templated":true}]}}