{"id":12700,"date":"2021-01-14T11:59:47","date_gmt":"2021-01-14T10:59:47","guid":{"rendered":"https:\/\/wp.muchomaas.com\/article-olivier-ertzscheid-il-faut-rouvrir-les-facs-sinon-il-faudra-desobeir\/"},"modified":"2023-06-24T00:09:54","modified_gmt":"2023-06-23T22:09:54","slug":"article-olivier-ertzscheid-il-faut-rouvrir-les-facs-sinon-il-faudra-desobeir","status":"publish","type":"post","link":"https:\/\/archives.regards.fr\/?p=12700","title":{"rendered":"Olivier Ertzscheid : \u00ab Il faut rouvrir les facs, sinon il faudra d\u00e9sob\u00e9ir \u00bb"},"content":{"rendered":"<p class=\"post_excerpt\">Il y a pr\u00e8s de 3 millions d\u2019\u00e9tudiants en France. Un tiers d\u2019entre eux sont dans une  situation de d\u00e9tresse psychologique et on assiste \u00e0 une recrudescence des tentatives de suicide. Nombreux n\u2019ont plus de travail et plus de quoi se nourrir. Parfois de se loger.  Etudiants : grands oubli\u00e9s ? Bombe \u00e0 retardement sociale ? Olivier Ertzscheid, professeur en sciences de l\u2019information, fondateur du blog www.affordance.info, est l\u2019invit\u00e9 de #LaMidinale.<\/p>\n<h2>UNE MIDINALE \u00c0 VOIR&#8230;<\/h2>\n<p><iframe loading=\"lazy\" width=\"490\" height=\"276\" src=\"https:\/\/www.youtube.com\/embed\/iiyBwK9iQWk\" frameborder=\"0\" allow=\"accelerometer; autoplay; clipboard-write; encrypted-media; gyroscope; picture-in-picture\" allowfullscreen><\/iframe><\/p>\n<p>&nbsp;<\/p>\n<p><h2>ET \u00c0 LIRE&#8230;<\/h2>\n<p><em> <strong>Sur la situation des \u00e9tudiants et des universit\u00e9s<\/strong> <\/em><br \/>\n\u00ab La gestion de la crise sanitaire, c\u00f4t\u00e9 universitaire, a \u00e9t\u00e9 lamentable et path\u00e9tique. \u00bb<br \/>\n\u00ab D\u00e8s le premier confinement, les universit\u00e9s et les \u00e9tudiants sont les seuls \u00e0 qui l\u2019on a dit au revoir sans aucun espoir de pouvoir les r\u00e9cup\u00e9rer. \u00bb<br \/>\n\u00ab La d\u00e9tresse des \u00e9tudiants n\u2019est pas g\u00e9r\u00e9e. On dit aux universitaires : d\u00e9merdez-vous ! Et nous n\u2019avons pas les outils pour faire face. \u00bb<br \/>\n\u00ab 30% des \u00e9tudiants pr\u00e9sentent des troubles d\u00e9pressifs importants. \u00bb<\/p>\n<p><em> <strong>Sur le peu d\u2019int\u00e9r\u00eat politique pour les \u00e9tudiants<\/strong> <\/em><br \/>\n\u00ab Les \u00e9tudiants sont une population invisible parce qu\u2019ils ne votent pas ou peu. Ils sont invisibles dans le champ politique parce que \u00e7a n\u2019est pas un r\u00e9servoir \u00e9lectoral. \u00bb<br \/>\n\u00ab Les \u00e9tudiants sont aussi invisibles dans le champ \u00e9conomique &#8211; m\u00eame si aujourd\u2019hui deux \u00e9tudiants sur trois travaillent &#8211; parce qu\u2019en termes de pouvoir d\u2019achat, c\u2019est une population pr\u00e9caire. Leur impact sur l\u2019\u00e9conomie est quasiment neutre. \u00bb<br \/>\n\u00ab Les \u00e9tudiants empilent les invisibilisations alors qu\u2019ils sont les profs de demain ou les cadres d\u2019entreprises, les travailleurs, infirmiers ou m\u00e9decins. \u00bb<br \/>\n\u00ab Il y a de la maltraitance et il y a une urgence sur la sant\u00e9 mentale des \u00e9tudiants. \u00bb<\/p>\n<p><em> <strong>Sur les in\u00e9galit\u00e9s<\/strong> <\/em><br \/>\n\u00ab Il y a une rupture de l\u2019\u00e9galit\u00e9 r\u00e9publicaine. Les classes pr\u00e9paratoires sont en cours depuis le mois de septembre, sans aucune rupture, dans des classes \u00e0 30 \u00e0 40, voire 45. C\u2019est ahurissant ! \u00bb<br \/>\n\u00ab On se demande comment en France au XXI\u00e8me si\u00e8cle on arrive \u00e0 dire \u00e0 des jeunes de 18 \u00e0 25 ans : &#8220;si t\u2019es \u00e9tudiant \u00e0 la fac tu seras confin\u00e9 chez toi ; si t\u2019es en classe pr\u00e9paratoire tu peux aller en cours normalement.&#8221; \u00bb<\/p>\n<p><em> <strong>Sur les conditions d\u2019accueil \u00e0 l\u2019universit\u00e9<\/strong> <\/em><br \/>\n\u00ab On a pour consigne de n\u2019accueillir que des groupes de dix \u00e9tudiants. On ne peut pas choisir dix \u00e9tudiants. Personne ne peut les choisir. C\u2019est infaisable. \u00bb<br \/>\n\u00ab Il y a une errance gestionnaire au sein de l\u2019universit\u00e9\t. \u00bb<br \/>\n\u00ab Tout ce qu\u2019on dit \u00e0 nos \u00e9tudiants est remis en cause le lendemain et \u00e7a, \u00e7a n\u2019est plus possible. C\u2019est la raison pour laquelle j\u2019ai appel\u00e9 sur mon blog \u00e0 la d\u00e9sob\u00e9issance. \u00bb<br \/>\n\u00ab Il faut rouvrir vraiment les campus universitaires. \u00bb<br \/>\n\u00ab Le gouvernement manque de courage, de comp\u00e9tence et d\u2019honn\u00eatet\u00e9. \u00bb<br \/>\n\u00ab Les \u00e9tudiants savent respecter les r\u00e8gles. On a un d\u00e9bat inutile et d\u00e9bile sur les jauges. \u00bb<\/p>\n<p><em> <strong>Sur l\u2019appel \u00e0 la d\u00e9sob\u00e9issance<\/strong> <\/em><br \/>\n\u00ab J\u2019ai dit \u00e0 mes \u00e9tudiants de revenir \u00e0 l\u2019universit\u00e9 et qu\u2019on ne respecterait pas la jauge de dix personnes. Je peux vous dire que les \u00e9tudiants qui sont venus \u00e9taient contents d\u2019\u00eatre l\u00e0. \u00bb<br \/>\n\u00ab Il faudra mettre en place des actions de d\u00e9sob\u00e9issance si Vidal et Castex s\u2019ent\u00eatent \u00e0 faire n\u2019importe quoi ou \u00e0 ne rien faire. \u00bb<\/p>\n<p><em> <strong>Sur l\u2019avenir de cette jeunesse \u00e9tudiante<\/strong> <\/em><br \/>\n\u00ab Cette jeunesse est priv\u00e9e de l\u2019essentiel. Des micro-sociabilit\u00e9s et du temps interstitiel sur les cours. Les \u00e9tudiants sont priv\u00e9s des sociabilit\u00e9s qui se construisent dans les rythmes de la vie universitaire. \u00bb<br \/>\n\u00ab Ce que veulent les \u00e9tudiants, \u00e7a n\u2019est pas d\u2019aller en boite ou d\u2019aller boire des coups le soir \u00e0 40 ou 400 dans des bars bond\u00e9s, ils veulent \u00e9changer, croiser du monde. \u00bb<br \/>\n\u00ab Un \u00e9tudiant m\u2019a dit que le soir, les \u00e9tudiants n\u2019avaient m\u00eame plus envie de s\u2019appeler entre eux parce qu\u2019ils n\u2019ont plus rien \u00e0 se dire : ils ne partagent plus rien. \u00bb<br \/>\n\u00ab Ces \u00e9tudiants accumulent beaucoup de ranc\u0153urs et de frustrations. \u00bb<\/p>\n<p><em> <strong>Sur le d\u00e9bat autour des plateformes num\u00e9riques et la fermeture des comptes de Donald Trump<\/strong> <\/em><br \/>\n\u00ab Le minimum qu\u2019on peut attendre d\u2019une plateforme priv\u00e9e, c\u2019est qu\u2019elle ob\u00e9isse \u00e0 la loi et qu&#8217;elle mette en place pour ses utilisateurs les m\u00eames r\u00e8gles pour tous. \u00bb<br \/>\n\u00ab Il y a trois leviers pour agir : la r\u00e9gulation par la loi. L\u2019\u00e9ducation : il faut former des usagers pour qu\u2019ils ne se laissent pas pi\u00e9ger et soient en capacit\u00e9 de se r\u00e9guler eux-m\u00eames. Et enfin dernier levier, l\u2019opinion : \u00e0 partir du moment o\u00f9 on a des lois qui sont adapt\u00e9es et des gens form\u00e9s et \u00e9duqu\u00e9s, on fabrique une opinion publique qui a le droit de s\u2019exprimer &#8211; et qui fait bouger les plateformes jusqu\u2019\u00e0 les faire reculer sur certains sujets. \u00bb<div id='gallery-1' class='gallery galleryid-12700 gallery-columns-3 gallery-size-thumbnail'><figure class='gallery-item'>\n\t\t\t<div class='gallery-icon landscape'>\n\t\t\t\t<a href='https:\/\/archives.regards.fr\/wp-content\/uploads\/2021\/01\/screenshot_2021-01-14_at_12-234.01.45.png'><img loading=\"lazy\" decoding=\"async\" width=\"150\" height=\"150\" src=\"https:\/\/archives.regards.fr\/wp-content\/uploads\/2021\/01\/screenshot_2021-01-14_at_12-234.01.45-150x150.png\" class=\"attachment-thumbnail size-thumbnail\" alt=\"screenshot_2021-01-14_at_12.01.45.png\" \/><\/a>\n\t\t\t<\/div><\/figure>\n\t\t<\/div>\n<\/p>\n","protected":false},"excerpt":{"rendered":"<p>Il y a pr\u00e8s de 3 millions d\u2019\u00e9tudiants en France. Un tiers d\u2019entre eux sont dans une  situation de d\u00e9tresse psychologique et on assiste \u00e0 une recrudescence des tentatives de suicide. Nombreux n\u2019ont plus de travail et plus de quoi se nourrir. Parfois de se loger.  Etudiants : grands oubli\u00e9s ? Bombe \u00e0 retardement sociale ? Olivier Ertzscheid, professeur en sciences de l\u2019information, fondateur du blog www.affordance.info, est l\u2019invit\u00e9 de #LaMidinale.<\/p>\n","protected":false},"author":1039,"featured_media":30129,"comment_status":"open","ping_status":"open","sticky":false,"template":"","format":"standard","meta":{"_themeisle_gutenberg_block_has_review":false,"footnotes":""},"categories":[238],"tags":[293],"class_list":["post-12700","post","type-post","status-publish","format-standard","has-post-thumbnail","hentry","category-la-midinale","tag-entretien"],"_links":{"self":[{"href":"https:\/\/archives.regards.fr\/index.php?rest_route=\/wp\/v2\/posts\/12700","targetHints":{"allow":["GET"]}}],"collection":[{"href":"https:\/\/archives.regards.fr\/index.php?rest_route=\/wp\/v2\/posts"}],"about":[{"href":"https:\/\/archives.regards.fr\/index.php?rest_route=\/wp\/v2\/types\/post"}],"author":[{"embeddable":true,"href":"https:\/\/archives.regards.fr\/index.php?rest_route=\/wp\/v2\/users\/1039"}],"replies":[{"embeddable":true,"href":"https:\/\/archives.regards.fr\/index.php?rest_route=%2Fwp%2Fv2%2Fcomments&post=12700"}],"version-history":[{"count":0,"href":"https:\/\/archives.regards.fr\/index.php?rest_route=\/wp\/v2\/posts\/12700\/revisions"}],"wp:featuredmedia":[{"embeddable":true,"href":"https:\/\/archives.regards.fr\/index.php?rest_route=\/wp\/v2\/media\/30129"}],"wp:attachment":[{"href":"https:\/\/archives.regards.fr\/index.php?rest_route=%2Fwp%2Fv2%2Fmedia&parent=12700"}],"wp:term":[{"taxonomy":"category","embeddable":true,"href":"https:\/\/archives.regards.fr\/index.php?rest_route=%2Fwp%2Fv2%2Fcategories&post=12700"},{"taxonomy":"post_tag","embeddable":true,"href":"https:\/\/archives.regards.fr\/index.php?rest_route=%2Fwp%2Fv2%2Ftags&post=12700"}],"curies":[{"name":"wp","href":"https:\/\/api.w.org\/{rel}","templated":true}]}}