{"id":12697,"date":"2021-01-13T13:14:39","date_gmt":"2021-01-13T12:14:39","guid":{"rendered":"https:\/\/wp.muchomaas.com\/article-nous-devons-merner-une-reflexion-collective-et-democratique-sur-les-enjeux\/"},"modified":"2023-06-24T00:09:43","modified_gmt":"2023-06-23T22:09:43","slug":"article-nous-devons-merner-une-reflexion-collective-et-democratique-sur-les-enjeux","status":"publish","type":"post","link":"https:\/\/archives.regards.fr\/?p=12697","title":{"rendered":"\u00ab Nous devons mener une r\u00e9flexion collective et d\u00e9mocratique sur les enjeux industriels strat\u00e9giques de demain \u00bb"},"content":{"rendered":"<p class=\"post_excerpt\">Le gouvernement organise ce mercredi 13 janvier un s\u00e9minaire pour r\u00e9fl\u00e9chir aux r\u00e9formes \u00e0 conduire d\u2019ici la fin du quinquennat. Il entend ainsi afficher que sa d\u00e9termination \u00e0 r\u00e9former est toujours intacte. De son c\u00f4t\u00e9, le CESE planche sur la strat\u00e9gie industrielle de la France. Marie-Claire Cailletaud, pr\u00e9sidente du groupe de la CGT au CESE, est l\u2019invit\u00e9e de #LaMidinale.<\/p>\n<h2>UNE MIDINALE \u00c0 VOIR&#8230;<\/h2>\n<p><iframe loading=\"lazy\" width=\"490\" height=\"276\" src=\"https:\/\/www.youtube.com\/embed\/UvbMrizvQrE\" frameborder=\"0\" allow=\"accelerometer; autoplay; clipboard-write; encrypted-media; gyroscope; picture-in-picture\" allowfullscreen><\/iframe><\/p>\n<p>&nbsp;<\/p>\n<p><h2>ET \u00c0 LIRE&#8230;<\/h2>\n<p><em> <strong>Sur l\u2019impr\u00e9paration des Etats face aux crises<\/strong> <\/em><br \/>\n\u00ab Je suis stup\u00e9faite quand on nous dit qu\u2019on d\u00e9couvre que nous sommes vuln\u00e9rables. \u00bb<br \/>\n\u00ab La crise sanitaire a mis en \u00e9vidence notre vuln\u00e9rabilit\u00e9. \u00bb<br \/>\n\u00ab On n\u2019est plus capable de fabriquer des m\u00e9dicaments de base comme le parac\u00e9tamol. Plusieurs rapports alertent en ce sens depuis longtemps et ont montr\u00e9 qu\u2019on \u00e9tait tr\u00e8s d\u00e9pendants. \u00bb<\/p>\n<p><em> <strong>Sur les milliards d\u00e9bloqu\u00e9s pour la crise sanitaire<\/strong> <\/em><br \/>\n\u00ab Si on avait \u00e9cout\u00e9 ceux qui alertaient, les partis politiques, les syndicalistes ou les associations et si on avait investi dans notre syst\u00e8me de sant\u00e9, dans l\u2019\u00e9ducation, dans la recherche et l\u2019appareil productif, on n\u2019en serait pas l\u00e0. \u00bb<br \/>\n\u00ab Notre syst\u00e8me de sant\u00e9 a tenu gr\u00e2ce au d\u00e9vouement des personnels soignants et qui ont des professions qui n\u2019ont pas \u00e9t\u00e9 revaloris\u00e9es malgr\u00e9 les promesses. \u00bb<\/p>\n<p><em> <strong>Sur la strat\u00e9gie industrielle<\/strong> <\/em><br \/>\n\u00ab Le fait qu\u2019on ne soit pas capable de transformer notre industrie pour produire des masques ou faire des tests, \u00e7a pose la question de notre ind\u00e9pendance et de notre souverainet\u00e9 industrielle. \u00bb<br \/>\n\u00ab Avant la crise, l\u2019industrie pesait 12% du PIB en France contre 24% en Allemagne. \u00bb<br \/>\n\u00ab La question industrielle est essentielle. \u00bb<br \/>\n\u00ab Il faut investir dans l\u2019\u00e9conomie pour avoir une industrie capable de r\u00e9pondre aux enjeux de demain. \u00bb<br \/>\n\u00ab Les grands groupes fran\u00e7ais se portent tr\u00e8s bien mais ils ont fait le choix de se d\u00e9localiser plut\u00f4t que d\u2019investir dans nos territoires en cr\u00e9ant des d\u00e9serts industriels. \u00bb<br \/>\n\u00ab Si l\u2019on veut r\u00e9industrialiser le pays, il faut renforcer le r\u00f4le de l\u2019Etat et qu\u2019il soit capable de porter une vision de long terme. \u00bb<br \/>\n\u00ab Le march\u00e9 est myope et n\u2019est pas capable d\u2019avoir une vision de long terme et d\u2019int\u00e9r\u00eat g\u00e9n\u00e9ral. \u00bb<\/p>\n<p><em> <strong>Sur les secteurs strat\u00e9giques<\/strong> <\/em><br \/>\n\u00ab La question d\u00e9mocratique est tr\u00e8s importante pour d\u00e9terminer les fili\u00e8res strat\u00e9giques en France. Les d\u00e9cisions doivent \u00eatre anticip\u00e9es et construites collectivement. \u00bb<br \/>\n\u00ab Le commissariat au plan devrait \u00eatre capable de construire un projet qui embarque la population. \u00bb<br \/>\n\u00ab Nous souhaitons l\u2019organisation d\u2019Etats g\u00e9n\u00e9raux de l\u2019industrie en France. \u00bb<br \/>\n\u00ab Les secteurs strat\u00e9giques sont principalement les entreprises de r\u00e9seaux : les transports, l\u2019\u00e9nergie, les t\u00e9l\u00e9communications. Ce sont ces secteurs-l\u00e0 que l\u2019Europe s\u2019acharne \u00e0 d\u00e9truire. Mais il y a aussi les questions d\u2019eau et d\u2019alimentation qu\u2019il faut regarder \u00e0 l\u2019aune des questions sanitaires d\u2019aujourd\u2019hui. \u00bb<br \/>\n\u00ab Nous devons r\u00e9fl\u00e9chir ensemble \u00e0 la mani\u00e8re dont on d\u00e9finit nos besoins. Ces besoins doivent \u00eatre d\u00e9finis de mani\u00e8re d\u00e9mocratique. \u00bb<\/p>\n<p><em> <strong>Sur le r\u00f4le de l\u2019Etat et la recherche de l\u2019int\u00e9r\u00eat g\u00e9n\u00e9ral<\/strong> <\/em><br \/>\n\u00ab Il y a un enjeu d\u00e9mocratique pour notre pays. \u00bb<br \/>\n\u00ab Il faut esp\u00e9rer que cette crise permette une prise de conscience g\u00e9n\u00e9rale. \u00bb<br \/>\n\u00ab Il faut plus d\u2019Etat. On a trop laiss\u00e9 la main au priv\u00e9. \u00bb<br \/>\n\u00ab Les grands groupes ont plus de pouvoir que les Etats. \u00bb<br \/>\n\u00ab Aujourd\u2019hui, on a besoin d\u2019un Etat fort. \u00bb<\/p>\n<p><em> <strong>Sur le s\u00e9minaire du gouvernement<\/strong> <\/em><br \/>\n\u00ab Le pr\u00e9sident de la R\u00e9publique est d\u00e9j\u00e0 sur la prochaine \u00e9lection pr\u00e9sidentielle. \u00bb<br \/>\n\u00ab Il est assez extraordinaire que le gouvernement remette sur la table la r\u00e9forme des retraites ou de l\u2019assurance ch\u00f4mage. La crise nous montre que si ces r\u00e9formes avaient \u00e9t\u00e9 mises en place, la pauvret\u00e9 serait encore plus grande. Il y aurait sans doute plus de ch\u00f4meurs pauvres. Il faut mettre ces r\u00e9formes de c\u00f4t\u00e9 et r\u00e9fl\u00e9chir sur le long terme. \u00bb<br \/>\n\u00ab Le monde d\u2019apr\u00e8s risque d\u2019\u00eatre pire que le monde d\u2019avant. \u00bb<\/p>\n<p><em> <strong>Sur la d\u00e9mocratie et la r\u00e9forme du CESE<\/strong> <\/em><br \/>\n\u00ab Le CESE est la troisi\u00e8me assembl\u00e9e de la R\u00e9publique et c\u2019est un endroit important pour la d\u00e9mocratie parce qu\u2019il y a une repr\u00e9sentation de la soci\u00e9t\u00e9 civile organis\u00e9e. \u00bb<br \/>\n\u00ab Si nos avis avaient \u00e9t\u00e9 pris en compte par le gouvernement, nous n\u2019en serions pas l\u00e0. \u00bb<br \/>\n\u00ab La convention citoyenne pour le climat \u00e9tait un exercice d\u00e9mocratique int\u00e9ressant mais quand on voit ce qu\u2019en fait le gouvernement aujourd\u2019hui, il d\u00e9cr\u00e9dibilise ce qu\u2019il a lui-m\u00eame mis en place. \u00bb<br \/>\n\u00ab Le CESE revient de loin parce qu\u2019au d\u00e9part il \u00e9tait question de sa suppression pure et simple. \u00bb<div id='gallery-1' class='gallery galleryid-12697 gallery-columns-3 gallery-size-thumbnail'><figure class='gallery-item'>\n\t\t\t<div class='gallery-icon landscape'>\n\t\t\t\t<a href='https:\/\/archives.regards.fr\/wp-content\/uploads\/2021\/01\/screenshot_2021-01-13_at_13-c7c.13.15.png'><img loading=\"lazy\" decoding=\"async\" width=\"150\" height=\"150\" src=\"https:\/\/archives.regards.fr\/wp-content\/uploads\/2021\/01\/screenshot_2021-01-13_at_13-c7c.13.15-150x150.png\" class=\"attachment-thumbnail size-thumbnail\" alt=\"screenshot_2021-01-13_at_13.13.15.png\" \/><\/a>\n\t\t\t<\/div><\/figure>\n\t\t<\/div>\n<\/p>\n","protected":false},"excerpt":{"rendered":"<p>Le gouvernement organise ce mercredi 13 janvier un s\u00e9minaire pour r\u00e9fl\u00e9chir aux r\u00e9formes \u00e0 conduire d\u2019ici la fin du quinquennat. Il entend ainsi afficher que sa d\u00e9termination \u00e0 r\u00e9former est toujours intacte. De son c\u00f4t\u00e9, le CESE planche sur la strat\u00e9gie industrielle de la France. Marie-Claire Cailletaud, pr\u00e9sidente du groupe de la CGT au CESE, est l\u2019invit\u00e9e de #LaMidinale.<\/p>\n","protected":false},"author":1039,"featured_media":30123,"comment_status":"open","ping_status":"open","sticky":false,"template":"","format":"standard","meta":{"_themeisle_gutenberg_block_has_review":false,"footnotes":""},"categories":[238],"tags":[293],"class_list":["post-12697","post","type-post","status-publish","format-standard","has-post-thumbnail","hentry","category-la-midinale","tag-entretien"],"_links":{"self":[{"href":"https:\/\/archives.regards.fr\/index.php?rest_route=\/wp\/v2\/posts\/12697","targetHints":{"allow":["GET"]}}],"collection":[{"href":"https:\/\/archives.regards.fr\/index.php?rest_route=\/wp\/v2\/posts"}],"about":[{"href":"https:\/\/archives.regards.fr\/index.php?rest_route=\/wp\/v2\/types\/post"}],"author":[{"embeddable":true,"href":"https:\/\/archives.regards.fr\/index.php?rest_route=\/wp\/v2\/users\/1039"}],"replies":[{"embeddable":true,"href":"https:\/\/archives.regards.fr\/index.php?rest_route=%2Fwp%2Fv2%2Fcomments&post=12697"}],"version-history":[{"count":0,"href":"https:\/\/archives.regards.fr\/index.php?rest_route=\/wp\/v2\/posts\/12697\/revisions"}],"wp:featuredmedia":[{"embeddable":true,"href":"https:\/\/archives.regards.fr\/index.php?rest_route=\/wp\/v2\/media\/30123"}],"wp:attachment":[{"href":"https:\/\/archives.regards.fr\/index.php?rest_route=%2Fwp%2Fv2%2Fmedia&parent=12697"}],"wp:term":[{"taxonomy":"category","embeddable":true,"href":"https:\/\/archives.regards.fr\/index.php?rest_route=%2Fwp%2Fv2%2Fcategories&post=12697"},{"taxonomy":"post_tag","embeddable":true,"href":"https:\/\/archives.regards.fr\/index.php?rest_route=%2Fwp%2Fv2%2Ftags&post=12697"}],"curies":[{"name":"wp","href":"https:\/\/api.w.org\/{rel}","templated":true}]}}