{"id":12693,"date":"2021-01-12T12:52:18","date_gmt":"2021-01-12T11:52:18","guid":{"rendered":"https:\/\/wp.muchomaas.com\/article-il-faut-rompre-avec-la-predominance-de-la-logique-marchande-vis-a-vis-de-la\/"},"modified":"2023-06-24T00:08:56","modified_gmt":"2023-06-23T22:08:56","slug":"article-il-faut-rompre-avec-la-predominance-de-la-logique-marchande-vis-a-vis-de-la","status":"publish","type":"post","link":"https:\/\/archives.regards.fr\/?p=12693","title":{"rendered":"\u00ab Il faut rompre avec la pr\u00e9dominance de la logique marchande vis-\u00e0-vis de la nature \u00bb"},"content":{"rendered":"<p class=\"post_excerpt\">\u00c0 quoi sert le One Planet Summit ? Op\u00e9ration de communication ? R\u00e9elle prise de conscience ? Cl\u00e9ment S\u00e9n\u00e9chal, porte-parole des politiques climat \u00e0 Greenpeace, est l\u2019invit\u00e9 de #LaMidinale.<\/p>\n<h2>UNE MIDINALE \u00c0 VOIR&#8230;<\/h2>\n<p><iframe loading=\"lazy\" width=\"490\" height=\"276\" src=\"https:\/\/www.youtube.com\/embed\/xl_CXNQRUwQ\" frameborder=\"0\" allow=\"accelerometer; autoplay; clipboard-write; encrypted-media; gyroscope; picture-in-picture\" allowfullscreen><\/iframe><\/p>\n<p>&nbsp;<\/p>\n<p><h2>ET \u00c0 LIRE&#8230;<\/h2>\n<p><em> <strong>Sur l\u2019ouverture du proc\u00e8s de l\u2019affaire du si\u00e8cle<\/strong> <\/em><br \/>\n\u00ab Jeudi aura lieu une audience importante. Il s\u2019agit d\u2019un recours administratif pour d\u00e9noncer les carences de l\u2019Etat en mati\u00e8re de lutte contre le changement climatique. \u00bb<br \/>\n\u00ab L\u2019Etat fran\u00e7ais ne respecte pas ses objectifs de r\u00e9duction de gaz \u00e0 effet de serre. \u00bb<br \/>\n\u00ab Ce que l\u2019on peut attendre de ce proc\u00e8s, c\u2019est que le tribunal administratif reconnaisse que l\u2019Etat fran\u00e7ais a m\u00e9connu ses obligations de lutte contre le changement climatique et donc a commis une faute qui engage sa responsabilit\u00e9. \u00bb<br \/>\n\u00ab Le tribunal pourrait prononcer une injonction \u00e0 agir pour que l\u2019Etat prenne les mesures n\u00e9cessaires. \u00bb<br \/>\n\u00ab C\u2019est bien l\u2019Etat qui est vis\u00e9 mais \u00e7a engage les responsabilit\u00e9s du gouvernement actuel et du chef de l\u2019Etat. \u00bb<br \/>\n\u00ab Le conseil d\u2019Etat a donn\u00e9 [en novembre dernier] trois mois au gouvernement pour justifier ses engagements climatiques dans le cadre d\u2019un recours de la ville de Grande-Synthe qui est menac\u00e9e par la mont\u00e9e des eaux et dans lequel Greenpeace est co-requ\u00e9rant. \u00bb<br \/>\n\u00ab On a de bonnes raisons de croire que le tribunal administratif va condamner l\u2019Etat dans sa gestion dans la crise climatique. \u00bb<\/p>\n<p><em> <strong>Sur les enjeux de biodiversit\u00e9<\/strong> <\/em><br \/>\n\u00ab Il y a une sixi\u00e8me extinction de masse. On a une disparition des esp\u00e8ces vivantes qui s\u2019acc\u00e9l\u00e8re et qui est cent fois plus importante que lors des cinq pr\u00e9c\u00e9dentes extinctions de masse. \u00bb<br \/>\n\u00ab On a perdu \u00e0 peu pr\u00e8s 70 \u00e0 80% des mammif\u00e8res et des vert\u00e9br\u00e9s sur ces 40 derni\u00e8res ann\u00e9es. \u00bb<br \/>\n\u00ab On estime qu\u2019il y a un million d\u2019esp\u00e8ces qui sont aujourd\u2019hui soient port\u00e9es disparues soient en voie de l\u2019\u00eatre. \u00bb<br \/>\n\u00ab En France, il y un quart des esp\u00e8ces qui sont en danger ou qui ont d\u2019ores et d\u00e9j\u00e0 disparu. \u00bb<br \/>\n\u00ab 75% des espaces terrestres sont d\u00e9grad\u00e9s aujourd\u2019hui et 65% du territoire maritime. \u00bb<br \/>\n\u00ab Le constat est alarmant et les causes de ces destructions sont connues : la d\u00e9forestation, l\u2019agriculture industrielle, les pollutions que fait subir notre mod\u00e8le industriel \u00e0 nos \u00e9cosyst\u00e8mes, le r\u00e9chauffement climatique, la surp\u00eache, le pr\u00e9l\u00e8vement trop important des esp\u00e8ces naturelles et la destruction de leurs habitats. C\u2019est sur ces leviers qu\u2019il faut agir aujourd\u2019hui. \u00bb<\/p>\n<p><em> <strong>Sur le One Planet Summit<\/strong> <\/em><br \/>\n\u00ab Le One Planet Summit est essentiellement une op\u00e9ration de communication. C\u2019est une sorte de diplomatie parall\u00e8le \u00e0 la gloire d\u2019Emmanuel Macron et des multinationales. \u00bb<br \/>\n\u00ab C\u2019est un peu l\u2019affichage de la collusion incestueuse et toxique pour l\u2019environnement, des Etats et des multinationales. \u00bb<br \/>\n\u00ab Le One Planet Summit est un d\u00e9fil\u00e9 assommant de contritions hypocrites, de formules creuses, de diagnostics radot\u00e9s, de concepts \u00e9cul\u00e9s, d\u2019initiatives mal recycl\u00e9es et de promesses vaines ou de questions rh\u00e9toriques qui visent \u00e0 faire semblant de croire que les solutions aux probl\u00e8mes ne sont pas connus alors que c\u2019est la volont\u00e9 politique qui fait d\u00e9faut. \u00bb<br \/>\n\u00ab Il y a aucune lisibilit\u00e9, aucune clart\u00e9 sur les engagements qui sont pris dans ces diff\u00e9rentes coalitions. \u00bb<br \/>\n\u00ab Il y a un probl\u00e8me de transparence : on ne sait pas comment sont gouvern\u00e9es ces coalitions. Il n\u2019y a pas de suivi et on ne sait pas quels sont leurs r\u00e9sultats ni les moyens qu\u2019ils se donnent. \u00bb<br \/>\n\u00ab Il y a un risque de dispersion de l\u2019action environnementale. Il y aussi un risque de diversion politique et de confusion id\u00e9ologique. \u00bb<\/p>\n<p><em> <strong>Sur le retour des Etats-Unis dans l\u2019accord de Paris<\/strong> <\/em><br \/>\n\u00ab C\u2019est un signal important. Les Etats-Unis sont quand m\u00eame le deuxi\u00e8me plus gros pollueur de la plan\u00e8te derri\u00e8re la Chine. \u00bb<br \/>\n\u00ab Est-ce que Joe Biden \u00e9pouse une matrice politique compatible avec la lutte contre le changement climatique et qui applique une politique de rupture ? La question reste en suspens et pour le moment, on a quelques r\u00e9serves. \u00bb<\/p>\n<p><em> <strong>Sur les d\u00e9cisions politiques n\u00e9cessaires <\/strong>  <\/em><br \/>\n\u00ab Il faut rompre avec la pr\u00e9dominance de la logique marchande vis-\u00e0-vis de la nature. \u00bb<br \/>\n\u00ab Il y a une n\u00e9cessit\u00e9 tr\u00e8s claire de s\u2019en prendre \u00e0 l\u2019activit\u00e9 des multinationales pour leur assigner des objectifs. \u00bb<br \/>\n\u00ab Il faut un partage de l\u2019effort entre les m\u00e9nages les plus pauvres et les m\u00e9nages les plus ais\u00e9s et c\u2019est pour \u00e7a que Greenpeace a propos\u00e9 l\u2019instauration d\u2019un ISF climatique. \u00bb<br \/>\n\u00ab Il faut un effort du partage de sobri\u00e9t\u00e9 d\u2019une part et de solidarit\u00e9 d\u2019autre part. \u00bb<\/p>\n<p><em> <strong>Sur Covid, sant\u00e9 et climat<\/strong> <\/em><br \/>\n\u00ab On a \u00e9tabli un lien de causalit\u00e9 entre la destruction de l\u2019habitat naturel et la prolif\u00e9ration des pand\u00e9mies. \u00bb<br \/>\n\u00ab On a un gouvernement qui r\u00e9introduit les n\u00e9onicotino\u00efdes, qui refuse de taxer les engrais azot\u00e9s, qui ne tient pas sa promesse sur le glyphosate, qui d\u00e9tourne les propositions de la convention citoyenne pour le climat qui pr\u00e9voient notamment de mettre un terme \u00e0 l\u2019artificialisation des terres ; un gouvernement qui refuse d\u2019appliquer sa strat\u00e9gie nationale contre la d\u00e9forestation, qui applique tr\u00e8s mal le r\u00e8glement europ\u00e9en contre le bois ill\u00e9gal, qui refuse de changer notre mod\u00e8le agricole industriel, lequel repose sur les importations massives de soja pour l\u2019alimentation animale, destin\u00e9e \u00e0 satisfaire notre consommation effr\u00e9n\u00e9e de viande : il y a donc une contradiction entre l\u2019action du gouvernement et les paroles. \u00bb<br \/>\n\u00ab Il y a une conscience populaire qui m\u00fbrit et qui devient de plus en plus syst\u00e9mique et on s\u2019aper\u00e7oit de plus en plus que les fondamentaux du n\u00e9olib\u00e9ralisme commencent \u00e0 \u00eatre mieux compris et davantage remis en question. \u00bb<div id='gallery-1' class='gallery galleryid-12693 gallery-columns-3 gallery-size-thumbnail'><figure class='gallery-item'>\n\t\t\t<div class='gallery-icon landscape'>\n\t\t\t\t<a href='https:\/\/archives.regards.fr\/wp-content\/uploads\/2021\/01\/screenshot_2021-01-12_at_12-5ef.48.10.png'><img loading=\"lazy\" decoding=\"async\" width=\"150\" height=\"150\" src=\"https:\/\/archives.regards.fr\/wp-content\/uploads\/2021\/01\/screenshot_2021-01-12_at_12-5ef.48.10-150x150.png\" class=\"attachment-thumbnail size-thumbnail\" alt=\"screenshot_2021-01-12_at_12.48.10.png\" \/><\/a>\n\t\t\t<\/div><\/figure>\n\t\t<\/div>\n<\/p>\n","protected":false},"excerpt":{"rendered":"<p>\u00c0 quoi sert le One Planet Summit ? Op\u00e9ration de communication ? R\u00e9elle prise de conscience ? Cl\u00e9ment S\u00e9n\u00e9chal, porte-parole des politiques climat \u00e0 Greenpeace, est l\u2019invit\u00e9 de #LaMidinale.<\/p>\n","protected":false},"author":1039,"featured_media":30103,"comment_status":"open","ping_status":"open","sticky":false,"template":"","format":"standard","meta":{"_themeisle_gutenberg_block_has_review":false,"footnotes":""},"categories":[238],"tags":[293],"class_list":["post-12693","post","type-post","status-publish","format-standard","has-post-thumbnail","hentry","category-la-midinale","tag-entretien"],"_links":{"self":[{"href":"https:\/\/archives.regards.fr\/index.php?rest_route=\/wp\/v2\/posts\/12693","targetHints":{"allow":["GET"]}}],"collection":[{"href":"https:\/\/archives.regards.fr\/index.php?rest_route=\/wp\/v2\/posts"}],"about":[{"href":"https:\/\/archives.regards.fr\/index.php?rest_route=\/wp\/v2\/types\/post"}],"author":[{"embeddable":true,"href":"https:\/\/archives.regards.fr\/index.php?rest_route=\/wp\/v2\/users\/1039"}],"replies":[{"embeddable":true,"href":"https:\/\/archives.regards.fr\/index.php?rest_route=%2Fwp%2Fv2%2Fcomments&post=12693"}],"version-history":[{"count":0,"href":"https:\/\/archives.regards.fr\/index.php?rest_route=\/wp\/v2\/posts\/12693\/revisions"}],"wp:featuredmedia":[{"embeddable":true,"href":"https:\/\/archives.regards.fr\/index.php?rest_route=\/wp\/v2\/media\/30103"}],"wp:attachment":[{"href":"https:\/\/archives.regards.fr\/index.php?rest_route=%2Fwp%2Fv2%2Fmedia&parent=12693"}],"wp:term":[{"taxonomy":"category","embeddable":true,"href":"https:\/\/archives.regards.fr\/index.php?rest_route=%2Fwp%2Fv2%2Fcategories&post=12693"},{"taxonomy":"post_tag","embeddable":true,"href":"https:\/\/archives.regards.fr\/index.php?rest_route=%2Fwp%2Fv2%2Ftags&post=12693"}],"curies":[{"name":"wp","href":"https:\/\/api.w.org\/{rel}","templated":true}]}}