{"id":12681,"date":"2021-01-08T11:25:00","date_gmt":"2021-01-08T10:25:00","guid":{"rendered":"https:\/\/wp.muchomaas.com\/article-jean-marc-coppola-marseille-etouffe-sans-culture\/"},"modified":"2023-06-24T00:08:27","modified_gmt":"2023-06-23T22:08:27","slug":"article-jean-marc-coppola-marseille-etouffe-sans-culture","status":"publish","type":"post","link":"https:\/\/archives.regards.fr\/?p=12681","title":{"rendered":"Jean-Marc Coppola : \u00ab Marseille \u00e9touffe sans culture \u00bb"},"content":{"rendered":"<p class=\"post_excerpt\">Statut quo pour le monde de la culture : les \u00e9tablissements devront rest\u00e9s ferm\u00e9s au moins jusqu\u2019\u00e0 la mi-f\u00e9vrier. \u00c0 quoi ressemble Marseille la rebelle sans culture ? Marseille peut-il vivre sans culture ? Jean-Marc Coppola, adjoint communiste au Maire de Marseille, charg\u00e9 de la culture pour toutes et tous, de la cr\u00e9ation et du patrimoine culturel, est l\u2019invit\u00e9 de #LaMidinale.<\/p>\n<h2>UNE MIDINALE \u00c0 VOIR&#8230;<\/h2>\n<p><iframe loading=\"lazy\" width=\"490\" height=\"276\" src=\"https:\/\/www.youtube.com\/embed\/TNk1P-eFn-U\" frameborder=\"0\" allow=\"accelerometer; autoplay; clipboard-write; encrypted-media; gyroscope; picture-in-picture\" allowfullscreen><\/iframe><\/p>\n<p>&nbsp;<\/p>\n<p><h2>ET \u00c0 LIRE&#8230;<\/h2>\n<h2>Sur la situation politique \u00e0 Marseille<\/h2>\n<p>\u00ab Beno\u00eet Payan est maire \u00e0 300% avec une \u00e9quipe qui est d\u00e9j\u00e0 au travail depuis six mois de mani\u00e8re coll\u00e9giale et collective. \u00bb<br \/>\n\u00ab Il y a tellement de d\u00e9fis \u00e0 relever dans cette ville qui a v\u00e9cu une incurie de gestion de puis 25 ans qu\u2019il faut qu\u2019on soit \u00e0 la hauteur de l\u2019espoir qu\u2019on a suscit\u00e9. \u00bb<br \/>\n\u00ab Les Marseillais-es ont vot\u00e9 pour un changement et un projet et il faut souligner le courage et l\u2019honn\u00eatet\u00e9 de Mich\u00e8le Rubirola en disant qu\u2019elle n\u2019\u00e9tait pas forc\u00e9ment \u00e0 sa place mais qu\u2019elle voulait \u00eatre utile aux Marseillais-es. \u00bb<\/p>\n<h2>Sur la concertation avec l\u2019Etat<\/h2>\n<p>\u00ab La concertation \u00e9tait le souhait de Jean Castex quand il a \u00e9t\u00e9 nomm\u00e9 Premier ministre. J\u2019esp\u00e8re que les d\u00e9cisions qui seront prises apr\u00e8s concertation avec les \u00e9lus seront suivies d\u2019effets. \u00bb<br \/>\n\u00ab On est dans une R\u00e9publique. Ce que l\u2019on peut contester c\u2019est l\u2019efficacit\u00e9 r\u00e9elle de cette mesure [couvre-feu \u00e0 18h]. \u00bb<br \/>\n\u00ab Il y a toujours cette incoh\u00e9rence sur le maintien des transports collectifs, des lieux de culte ou des grands centres commerciaux pendant que des lieux culturels &#8211; o\u00f9 aucune \u00e9tude ne montre qu\u2019ils sont des lieux de cluster &#8211; restent ferm\u00e9s. \u00bb<\/p>\n<h2>Sur la culture \u00e0 Marseille<\/h2>\n<p>\u00ab Les acteurs culturels \u00e0 Marseille se portent assez mal, comme partout ailleurs. \u00bb<br \/>\n\u00ab Les acteurs culturels s\u2019\u00e9taient pr\u00e9par\u00e9s \u00e0 accueillir \u00e0 nouveau les publics. \u00bb<br \/>\n\u00ab Leur activit\u00e9 est utile et essentielle contrairement \u00e0 ce qui a \u00e9t\u00e9 dit. \u00bb<br \/>\n\u00ab Il y a des petites structures qui souffrent et qui risquent de fermer d\u00e9finitivement. \u00bb<br \/>\n\u00ab On a besoin d\u2019une table ronde pour que l\u2019ensemble des collectivit\u00e9s et l\u2019Etat puissent soutenir le secteur culturel. \u00bb<\/p>\n<h2>Sur les actions de la mairie pour le secteur culturel<\/h2>\n<p>\u00ab Nous avons maintenu le niveau de financement pour les associations culturelles malgr\u00e9 les baisses d\u2019activit\u00e9 et les reports. Nous avons m\u00eame augment\u00e9 certaines subventions pour les structures les plus fragiles. \u00bb<br \/>\n\u00ab Il faut que l\u2019ensemble des collectivit\u00e9s et de l\u2019Etat s\u2019engagent. \u00bb<br \/>\n\u00ab Les moyens restent concentr\u00e9s pour Paris. \u00bb<br \/>\n\u00ab Nous ne sommes pas \u00e0 la hauteur pour lutter contre cette crise sanitaire et soutenir l\u2019activit\u00e9 durablement. \u00bb<\/p>\n<h2>Sur les alternatives possibles dans le secteur culturel <\/h2>\n<p>\u00ab Pour ce gouvernement, la culture n\u2019est pas une activit\u00e9 \u00e9mancipatrice. \u00bb<br \/>\n\u00ab J\u2019ai \u00e9t\u00e9 tr\u00e8s agr\u00e9ablement surpris de l\u2019engagement tr\u00e8s fort des acteurs cultuels qui ont notamment mis en place des protocoles beaucoup plus rigoureux que ceux qui \u00e9taient impos\u00e9s d\u2019en haut par le gouvernement. \u00bb<br \/>\n\u00ab Il faut continuer de s\u2019oxyg\u00e9ner l\u2019esprit et de laisser vivre la culture : c\u2019est vital. \u00bb<br \/>\n\u00ab Les conditions de pr\u00e9caution et de s\u00e9curit\u00e9 sont r\u00e9unies dans les salles spectacles. Nous avons besoin de ces salles pour nous retrouver et faire voguer notre imaginaire parce qu\u2019on en a besoin pour imaginer la soci\u00e9t\u00e9 de demain et pour faire vivre notre d\u00e9mocratie qui est malmen\u00e9e. \u00bb<br \/>\n\u00ab L\u2019ensemble de nos d\u00e9mocraties sur notre plan\u00e8te sont malmen\u00e9es. \u00bb<br \/>\n\u00ab Marseille \u00e9touffe sans culture. \u00bb<\/p>\n<h2>Sur les projets culturels \u00e0 Marseille <\/h2>\n<p>\u00ab Nous voulons d\u00e9velopper l\u2019\u00e9ducation artistique et culturelle des enfants de z\u00e9ro \u00e0 onze ans. C\u2019est le moment de la construction de la personnalit\u00e9. \u00bb<br \/>\n\u00ab Si l\u2019on veut des citoyens capables de penser par eux-m\u00eames, \u00e7a commence par l\u2019acc\u00e8s \u00e0 la culture. \u00bb<br \/>\n\u00ab On veut d\u00e9velopper la mondialit\u00e9 culturelle c\u2019est-\u00e0-dire une ouverture au monde et notamment \u00e0 la M\u00e9diterran\u00e9e. \u00c7a passera par la reconnaissance de la mixit\u00e9 de notre ville qui fait notre richesse. \u00bb<\/p>\n<h2>Sur les prochaines \u00e9ch\u00e9ances \u00e9lectorales <\/h2>\n<p>\u00ab Je ne crois pas aux mod\u00e8les mais ce qu\u2019on a initi\u00e9 doit inspirer la strat\u00e9gie pour les d\u00e9partementales, les r\u00e9gionales et m\u00eame la pr\u00e9sidentielle. \u00bb<br \/>\n\u00ab Il faut \u00e0 tout prix s\u2019unir et se rassembler autour d\u2019un projet. \u00bb<br \/>\n\u00ab Il faut rassembler toute la famille de gauche progressiste, \u00e9cologiste, citoyenne, humaniste. \u00bb<br \/>\n\u00ab M\u00eame \u00e0 Marseille on aurait pu \u00eatre encore plus rassembl\u00e9s. \u00bb<br \/>\n\u00ab J\u2019appelle de mes voeux \u00e0 un rassemblement le plus large possible et on trouvera ensuite les femmes et les hommes capables de porter les projets. \u00bb<br \/>\n\u00ab Je suis optimiste pour 2022 parce qu\u2019il y a assez de gens lucides, conscients et responsables et qui ne laisseront pas faire les choses. \u00bb<br \/>\n<div id='gallery-1' class='gallery galleryid-12681 gallery-columns-3 gallery-size-thumbnail'><figure class='gallery-item'>\n\t\t\t<div class='gallery-icon landscape'>\n\t\t\t\t<a href='https:\/\/archives.regards.fr\/wp-content\/uploads\/2021\/01\/cop-c02.png'><img loading=\"lazy\" decoding=\"async\" width=\"150\" height=\"150\" src=\"https:\/\/archives.regards.fr\/wp-content\/uploads\/2021\/01\/cop-c02-150x150.png\" class=\"attachment-thumbnail size-thumbnail\" alt=\"cop.png\" \/><\/a>\n\t\t\t<\/div><\/figure>\n\t\t<\/div>\n<\/p>\n","protected":false},"excerpt":{"rendered":"<p>Statut quo pour le monde de la culture : les \u00e9tablissements devront rest\u00e9s ferm\u00e9s au moins jusqu\u2019\u00e0 la mi-f\u00e9vrier. \u00c0 quoi ressemble Marseille la rebelle sans culture ? Marseille peut-il vivre sans culture ? Jean-Marc Coppola, adjoint communiste au Maire de Marseille, charg\u00e9 de la culture pour toutes et tous, de la cr\u00e9ation et du patrimoine culturel, est l\u2019invit\u00e9 de #LaMidinale.<\/p>\n","protected":false},"author":1039,"featured_media":30082,"comment_status":"open","ping_status":"open","sticky":false,"template":"","format":"standard","meta":{"_themeisle_gutenberg_block_has_review":false,"footnotes":""},"categories":[238],"tags":[293],"class_list":["post-12681","post","type-post","status-publish","format-standard","has-post-thumbnail","hentry","category-la-midinale","tag-entretien"],"_links":{"self":[{"href":"https:\/\/archives.regards.fr\/index.php?rest_route=\/wp\/v2\/posts\/12681","targetHints":{"allow":["GET"]}}],"collection":[{"href":"https:\/\/archives.regards.fr\/index.php?rest_route=\/wp\/v2\/posts"}],"about":[{"href":"https:\/\/archives.regards.fr\/index.php?rest_route=\/wp\/v2\/types\/post"}],"author":[{"embeddable":true,"href":"https:\/\/archives.regards.fr\/index.php?rest_route=\/wp\/v2\/users\/1039"}],"replies":[{"embeddable":true,"href":"https:\/\/archives.regards.fr\/index.php?rest_route=%2Fwp%2Fv2%2Fcomments&post=12681"}],"version-history":[{"count":0,"href":"https:\/\/archives.regards.fr\/index.php?rest_route=\/wp\/v2\/posts\/12681\/revisions"}],"wp:featuredmedia":[{"embeddable":true,"href":"https:\/\/archives.regards.fr\/index.php?rest_route=\/wp\/v2\/media\/30082"}],"wp:attachment":[{"href":"https:\/\/archives.regards.fr\/index.php?rest_route=%2Fwp%2Fv2%2Fmedia&parent=12681"}],"wp:term":[{"taxonomy":"category","embeddable":true,"href":"https:\/\/archives.regards.fr\/index.php?rest_route=%2Fwp%2Fv2%2Fcategories&post=12681"},{"taxonomy":"post_tag","embeddable":true,"href":"https:\/\/archives.regards.fr\/index.php?rest_route=%2Fwp%2Fv2%2Ftags&post=12681"}],"curies":[{"name":"wp","href":"https:\/\/api.w.org\/{rel}","templated":true}]}}