{"id":12675,"date":"2021-01-06T11:44:06","date_gmt":"2021-01-06T10:44:06","guid":{"rendered":"https:\/\/wp.muchomaas.com\/article-marc-botenga-ptb-il-faut-lever-les-brevets-sur-les-vaccins\/"},"modified":"2023-06-24T00:08:17","modified_gmt":"2023-06-23T22:08:17","slug":"article-marc-botenga-ptb-il-faut-lever-les-brevets-sur-les-vaccins","status":"publish","type":"post","link":"https:\/\/archives.regards.fr\/?p=12675","title":{"rendered":"Marc Botenga (PTB) : \u00ab Il faut lever les brevets sur les vaccins \u00bb"},"content":{"rendered":"<p class=\"post_excerpt\">Devons-nous dire merci au capitalisme pour le vaccin ? C\u2019est la question (ironique) pos\u00e9e par le d\u00e9put\u00e9 europ\u00e9en, belge, Marc Botenga et publi\u00e9e sur le site du Parti du Travail de Belgique (PTB). Il d\u00e9nonce notamment la machine capitalistique qui organise la p\u00e9nurie des vaccins via les monopoles sur les brevets. Il est l\u2019invit\u00e9 de #LaMidinale.<\/p>\n<h2>UNE MIDINALE \u00c0 VOIR&#8230;<\/h2>\n<p><iframe loading=\"lazy\" width=\"490\" height=\"276\" src=\"https:\/\/www.youtube.com\/embed\/sJ54UDok608\" frameborder=\"0\" allow=\"accelerometer; autoplay; clipboard-write; encrypted-media; gyroscope; picture-in-picture\" allowfullscreen><\/iframe><\/p>\n<p>&nbsp;<\/p>\n<p><h2>ET \u00c0 LIRE&#8230;<\/h2>\n<p><em>\u00a0<strong>Sur le vaccin et l\u2019Union europ\u00e9enne<\/em>\u00a0<\/strong><br \/>\n\u00ab\u00a0Il y a eu une tentative de l\u2019Union europ\u00e9enne face \u00e0 des pays qui \u00e9taient en train de pr\u00e9-acheter des vaccins, de se dire qu\u2019il \u00e9tait pr\u00e9f\u00e9rable d\u2019acheter les vaccins \u00e0 l\u2019\u00e9chelle europ\u00e9enne pour une r\u00e9partition \u00e9quitable. La philosophie n\u2019\u00e9tait pas mauvaise mais on voit aujourd\u2019hui qu\u2019il n\u2019y a pas de sinc\u00e9rit\u00e9 d\u2019un certain nombre de pays qui ach\u00e8tent des vaccins en parall\u00e8le. \u00c7a affaiblit la strat\u00e9gie europ\u00e9enne, \u00e7a cr\u00e9\u00e9 des frustrations et des frictions entre pays. \u00bb<br \/>\n\u00ab\u00a0L\u2019argument pour n\u00e9gocier ensemble c\u2019\u00e9tait d\u2019avoir un poids suppl\u00e9mentaire. On n\u00e9gocie mieux \u00e0 27 que seul.\u00a0\u00bb<br \/>\n\u00ab\u00a0A la fin des n\u00e9gociation, l\u2019Union europ\u00e9enne a plus ou moins demand\u00e9 le prix que demandait les industries pharmaceutiques donc on a un peu perdu l\u2019avantage qu\u2019on aurait du avoir.\u00a0\u00bb<br \/>\n\u00ab\u00a0Aujourd\u2019hui, nous ne sommes pas pr\u00e9par\u00e9s.\u00a0\u00bb<\/p>\n<p><em>\u00a0<strong>Sur la transparence de l\u2019Europe sur les accords sur le vaccin<\/em>\u00a0<\/strong><br \/>\n\u00ab\u00a0Il n\u2019y a eu aucune transparence.\u00a0\u00bb<br \/>\n\u00ab\u00a0La promesse la plus radicale qu\u2019on a eu c\u2019est une proposition de la commission europ\u00e9enne de mettre en place une chambre noire dans laquelle certains d\u00e9put\u00e9s auront acc\u00e8s \u00e0 des \u00e9l\u00e9ments sur les contrats conclus.\u00a0On est loin de la grande transparence. \u00bb<br \/>\n\u00ab\u00a0Quand on aura peut-\u00eatre acc\u00e8s aux informations, les contrats auront d\u00e9j\u00e0 \u00e9t\u00e9 conclus et il sera trop tard.\u00a0L\u2019objectif s\u2019\u00e9tait de pouvoir mettre la pression mais a posteriori il ne sera plus possible d\u2019agir. \u00bb<\/p>\n<p><em>\u00a0<strong>Sur la vaccination en Belgique<\/em>\u00a0<\/strong><br \/>\n\u00ab\u00a0Le premier groupe a se faire vacciner est celui des maisons de repos, l\u2019\u00e9quivalent des Ehpad en France.\u00a0Ensuite on ira vers d\u2019autres groupes \u00e0 risque. \u00bb<br \/>\n\u00ab\u00a0On a un probl\u00e8me par rapport \u00e0 l\u2019organisation de cette campagne de vaccination qui n\u2019a pas \u00e9t\u00e9 pr\u00e9par\u00e9e.\u00a0\u00bb<br \/>\n\u00ab\u00a0Cette absence d\u2019anticipation n\u2019est pas nouvelle : on l\u2019a eu avec les masques, les tests, les d\u00e9pistages, le suivi, et maintenant par rapport au vaccin.\u00a0\u00bb<br \/>\n\u00ab\u00a0On n\u2019est pas pr\u00e9par\u00e9 \u00e0 g\u00e9rer une pand\u00e9mie.\u00a0\u00bb<\/p>\n<p><em>\u00a0<strong>Sur l\u2019origine des vaccins (traditionnels\/g\u00e9n\u00e9tique)<\/em>\u00a0<\/strong><br \/>\n\u00ab\u00a0Le seul vaccin approuv\u00e9 pour l\u2019instant par l\u2019agence europ\u00e9enne du m\u00e9dicament est celui de Pfizer. Il faut suivre les proc\u00e9dures.\u00a0\u00bb<br \/>\n\u00ab\u00a0Je n\u2019ai pas la comp\u00e9tence pour juger la conformit\u00e9 des vaccins.\u00a0\u00bb<br \/>\n\u00ab\u00a0\u00c7a a un sens d\u2019avoir mis\u00e9 sur plusieurs types de vaccins.\u00a0\u00bb<br \/>\n\u00ab\u00a0Ce qui me semble important c\u2019est que si ces vaccins sont efficaces et s\u00fbrs, il faut que tout le monde puisse y avoir acc\u00e8s.\u00a0\u00bb<br \/>\n\u00ab\u00a0En laissant le monopole \u00e0 Pfizer, il ne peut pas fournir suffisamment de vaccins pour tout le monde. \u00c7a veut dire qu\u2019on accepte des p\u00e9nuries de vaccin.\u00a0\u00bb<br \/>\n\u00ab\u00a0Si l\u2019on faisait comme l\u2019Afrique du Sud ou l\u2019Inde en levant le brevet sur le vaccin, on pourrait produire ces vaccins partout.\u00a0\u00bb<br \/>\n\u00ab\u00a0Il y a un probl\u00e8me structurel sur le fait qu\u2019en Europe on n\u2019a pas de p\u00f4le public pharmaceutique bien d\u00e9velopp\u00e9.\u00a0Donc on a une d\u00e9pendance de l\u2019industrie pharmaceutique priv\u00e9. \u00bb<br \/>\n\u00ab\u00a0On est dans une p\u00e9riode o\u00f9 on dit \u00e0 tous de faire des efforts : \u00e0 quel moment on demande aux pharmaceutiques de faire des efforts et qui pourraient faire un geste ?\u00a0\u00bb<\/p>\n<p><em>\u00a0<strong>Sur les marges de man\u0153uvre du politique<\/em>\u00a0<\/strong><br \/>\n\u00ab\u00a0Tout est une question de volont\u00e9 politique.\u00a0\u00bb<br \/>\n\u00ab\u00a0Les moyens juridiques et l\u00e9gaux ne manquent pas.\u00a0\u00bb<br \/>\n\u00ab\u00a0D\u00e9but printemps 2020, l\u2019OMS a mis sur pied le C-TAP (COVID-19 Technology Access Pool) : mettre ensemble toutes les technologies et toutes les recherches pour le d\u00e9veloppement d\u2019un vaccin.\u00a0\u00bb<br \/>\n\u00ab\u00a0Quand on n\u00e9gocie des contrats de commandes de vaccins, pourquoi est-ce qu\u2019on ne n\u00e9gocie pas aussi un partage des brevets ?\u00a0\u00bb<br \/>\n\u00ab\u00a0Il faut peut-\u00eatre aussi d\u00e9velopper des licences contraignantes, c\u2019est-\u00e0-dire que l\u2019Etat puisse\u00a0 contraindre \u00e0 partager les brevets.\u00a0\u00bb<\/p>\n<p><em>\u00a0<strong>Sur les distorsions de diffusion du vaccin entre les pays les plus riches et les plus pauvres<\/em>\u00a0<\/strong><br \/>\n\u00ab\u00a0D\u00e9but avril, la pr\u00e9sidente de la Commission europ\u00e9enne Ursula Von der Layen avait donn\u00e9 une bonne piste : faire du vaccin un bien universel commun.\u00a0\u00bb<br \/>\n\u00ab\u00a0J\u2019entends certains c\u00e9l\u00e9brer le mod\u00e8le isra\u00e9lien de vaccination mais il exclut les Palestiniens ce qui cr\u00e9e un syst\u00e8me d\u2019apartheid sanitaire et aussi il est particuli\u00e8rement malsain parce qu\u2019ils ont accept\u00e9 de payer le double du prix que les pays europ\u00e9ens.\u00a0\u00bb<br \/>\n\u00ab\u00a0La logique, c\u2019est donc : si vous avez de l\u2019argent, vous avez le droit \u00e0 la sant\u00e9 mais sinon, il faut attendre et mourir.\u00a0\u00bb<br \/>\n\u00ab\u00a0Si une septantaine de pays n\u2019ont pas acc\u00e8s au vaccin, les autres ne seront pas en s\u00e9curit\u00e9 non plus.\u00a0Il faut une protection partag\u00e9e.\u00a0\u00bb<br \/>\n\u00ab\u00a0Peu importe que le vaccin soit chinois ou europ\u00e9en, l\u2019important c\u2019est qu\u2019il soit s\u00fbr.\u00a0\u00bb<\/p>\n<p><em>\u00a0<strong>Sur le passeport vaccinal<\/em>\u00a0<\/strong><br \/>\n\u00ab\u00a0Je pense que c\u2019est potentiellement dangereux.\u00a0\u00bb<br \/>\n\u00ab\u00a0Cela risque de cr\u00e9er des discriminations entre les citoyens.\u00a0\u00bb<br \/>\n\u00ab\u00a0Il n\u2019y a pas que le vaccin qui va venir \u00e0 bout du Covid : il y a toutes une s\u00e9rie de mesures collectives \u00e0 prendre concernant l\u2019\u00e9ducation, la s\u00e9curit\u00e9 au travail\u2026\u00a0\u00bb<div id='gallery-1' class='gallery galleryid-12675 gallery-columns-3 gallery-size-thumbnail'><figure class='gallery-item'>\n\t\t\t<div class='gallery-icon landscape'>\n\t\t\t\t<a href='https:\/\/archives.regards.fr\/wp-content\/uploads\/2021\/01\/screenshot_2021-01-06_at_11-64d.56.11.png'><img loading=\"lazy\" decoding=\"async\" width=\"150\" height=\"150\" src=\"https:\/\/archives.regards.fr\/wp-content\/uploads\/2021\/01\/screenshot_2021-01-06_at_11-64d.56.11-150x150.png\" class=\"attachment-thumbnail size-thumbnail\" alt=\"screenshot_2021-01-06_at_11.56.11.png\" \/><\/a>\n\t\t\t<\/div><\/figure>\n\t\t<\/div>\n<\/p>\n","protected":false},"excerpt":{"rendered":"<p>Devons-nous dire merci au capitalisme pour le vaccin ? C\u2019est la question (ironique) pos\u00e9e par le d\u00e9put\u00e9 europ\u00e9en, belge, Marc Botenga et publi\u00e9e sur le site du Parti du Travail de Belgique (PTB). Il d\u00e9nonce notamment la machine capitalistique qui organise la p\u00e9nurie des vaccins via les monopoles sur les brevets. Il est l\u2019invit\u00e9 de #LaMidinale.<\/p>\n","protected":false},"author":1204,"featured_media":30074,"comment_status":"open","ping_status":"open","sticky":false,"template":"","format":"standard","meta":{"_themeisle_gutenberg_block_has_review":false,"footnotes":""},"categories":[238],"tags":[293],"class_list":["post-12675","post","type-post","status-publish","format-standard","has-post-thumbnail","hentry","category-la-midinale","tag-entretien"],"_links":{"self":[{"href":"https:\/\/archives.regards.fr\/index.php?rest_route=\/wp\/v2\/posts\/12675","targetHints":{"allow":["GET"]}}],"collection":[{"href":"https:\/\/archives.regards.fr\/index.php?rest_route=\/wp\/v2\/posts"}],"about":[{"href":"https:\/\/archives.regards.fr\/index.php?rest_route=\/wp\/v2\/types\/post"}],"author":[{"embeddable":true,"href":"https:\/\/archives.regards.fr\/index.php?rest_route=\/wp\/v2\/users\/1204"}],"replies":[{"embeddable":true,"href":"https:\/\/archives.regards.fr\/index.php?rest_route=%2Fwp%2Fv2%2Fcomments&post=12675"}],"version-history":[{"count":0,"href":"https:\/\/archives.regards.fr\/index.php?rest_route=\/wp\/v2\/posts\/12675\/revisions"}],"wp:featuredmedia":[{"embeddable":true,"href":"https:\/\/archives.regards.fr\/index.php?rest_route=\/wp\/v2\/media\/30074"}],"wp:attachment":[{"href":"https:\/\/archives.regards.fr\/index.php?rest_route=%2Fwp%2Fv2%2Fmedia&parent=12675"}],"wp:term":[{"taxonomy":"category","embeddable":true,"href":"https:\/\/archives.regards.fr\/index.php?rest_route=%2Fwp%2Fv2%2Fcategories&post=12675"},{"taxonomy":"post_tag","embeddable":true,"href":"https:\/\/archives.regards.fr\/index.php?rest_route=%2Fwp%2Fv2%2Ftags&post=12675"}],"curies":[{"name":"wp","href":"https:\/\/api.w.org\/{rel}","templated":true}]}}