{"id":12671,"date":"2021-01-05T13:11:06","date_gmt":"2021-01-05T12:11:06","guid":{"rendered":"https:\/\/wp.muchomaas.com\/article-eloi-laurent-la-croissance-economique-est-appauvrissante-puisqu-elle-conduit\/"},"modified":"2023-06-24T00:08:10","modified_gmt":"2023-06-23T22:08:10","slug":"article-eloi-laurent-la-croissance-economique-est-appauvrissante-puisqu-elle-conduit","status":"publish","type":"post","link":"https:\/\/archives.regards.fr\/?p=12671","title":{"rendered":"Eloi Laurent : \u00ab La croissance \u00e9conomique est appauvrissante puisqu\u2019elle conduit aux pand\u00e9mies \u00bb"},"content":{"rendered":"<p class=\"post_excerpt\">Beaucoup parlent du monde d\u2019apr\u00e8s en reprenant le pire du monde d\u2019avant. L\u2019\u00e9conomiste Eloi Laurent, avec son ouvrage <em>Et si la sant\u00e9 guidait le monde : l\u2019esp\u00e9rance de vie vaut mieux que la croissance<\/em> (\u00c9ditions Les Liens qui Lib\u00e8rent), nous fait entrer dans ce monde d\u2019apr\u00e8s avec un nouveau paradigme. <em>\u00ab Un programme politique qui prend la forme d\u2019un \u00c9tat social-\u00e9colo lib\u00e9r\u00e9 de la croissance et vivant la pleine sant\u00e9, agissant au plan local, national, europ\u00e9en \u00bb<\/em>, \u00e9crit-il. Il est l\u2019invit\u00e9 de #LaMidinale.<\/p>\n<h2>UNE MIDINALE \u00c0 VOIR&#8230;<\/h2>\n<p><iframe loading=\"lazy\" width=\"490\" height=\"276\" src=\"https:\/\/www.youtube.com\/embed\/1dbK5J7DuSY\" frameborder=\"0\" allow=\"accelerometer; autoplay; clipboard-write; encrypted-media; gyroscope; picture-in-picture\" allowfullscreen><\/iframe><\/p>\n<h2>ET \u00c0 LIRE&#8230;<\/h2>\n<p><em>\u00a0<strong>Sur l\u2019origine de la crise sanitaire\u00a0<\/em>\u00a0<\/strong><br \/>\n\u00ab\u00a0L\u2019ann\u00e9e 2020 est la premi\u00e8re ann\u00e9e du XXI\u00e8 si\u00e8cle. Tout a chang\u00e9.\u00a0\u00bb<br \/>\n\u00ab\u00a0Tout le monde est d\u2019accord pour dire que les premiers cas commencent en Chine en octobre 2019 et va d\u00e9clarer les premiers cas en d\u00e9cembre 2019 \u00e0 l\u2019OMS.\u00a0\u00bb<br \/>\n\u00ab\u00a0Il y a deux hypoth\u00e8ses qui s\u2019affrontent aujourd\u2019hui [sur l\u2019origine de la crise sanitaire] : une hypoth\u00e8se et une hypoth\u00e8se marginale.\u00a0\u00bb<br \/>\n\u00ab\u00a0L\u2019hypoth\u00e8se marginale c\u2019est que c\u2019est un accident de laboratoire (\u2026). On a fait s\u2019\u00e9chapper un virus dans la nature et \u00e7a a donn\u00e9 la pand\u00e9mie. C\u2019est une hypoth\u00e8se marginale parce qu\u2019il y a tr\u00e8s peu d\u2019accident de laboratoire dans l\u2019histoire de l\u2019humanit\u00e9. \u00bb<br \/>\n\u00ab\u00a0L\u2019hypoth\u00e8se majoritaire est beaucoup plus soutenue par ce qu\u2019il s\u2019est pass\u00e9 depuis vingt ou trente ans. C\u2019est les march\u00e9s d\u2019animaux vivants c\u2019est \u00e0 dire la marchandisation du vivant, de la biodiversit\u00e9.\u00a0\u00bb\u00a0<br \/>\n\u00ab\u00a0La Chine est une machine \u00e0 trafiquer les animaux exotiques et \u00e0 les consommer vivants dans ces march\u00e9s d\u2019animaux vivants.\u00a0\u00bb<br \/>\n\u00ab\u00a0Le pangolin n\u2019est plus en cause mais la chauve souris l\u2019est. Consommation d\u2019un animal vivant, trafiqu\u00e9 sur le plan mondial qui donne ensuite la transmission \u00e0 l\u2019homme et donne cette maladie infectieuse. C\u2019est l\u2019hypoth\u00e8se majoritaire parce qu\u2019on a d\u00e9j\u00e0 vu le film avec le SRAS il y a grosso modo vingt an et on sait que c\u2019\u00e9tait pas un accident de laboratoire et que c\u2019\u00e9tait la chauve souris qui \u00e9tait en cause. \u00bb<br \/>\n\u00ab\u00a0Mon point de d\u00e9part c\u2019est qu\u2019on est face \u00e0 quelque chose qui n\u2019est pas de l\u2019ordre de l\u2019accident mais de l\u2019ordre de la n\u00e9cessit\u00e9 &#8211; au sens philosophique du terme &#8211; qui a \u00e9t\u00e9 inscrit dans notre syst\u00e8me \u00e9conomique qui d\u00e9truit la biodiversit\u00e9 et les \u00e9cosyst\u00e8mes qui finissent par donner des pand\u00e9mies et la destructions de l\u2019\u00e9conomie et du lien social.\u00a0\u00bb<\/p>\n<p><em>\u00a0<strong>Sur l\u2019\u00e9quation bonne sant\u00e9 humaine et bonne sant\u00e9 \u00e9conomique en Chine\u00a0<\/em>\u00a0<\/strong><br \/>\n\u00ab\u00a0Il y a sans doute une bonne sant\u00e9 \u00e9conomique en Chine mais au prix de la vie humaine.\u00a0\u00bb<br \/>\n\u00ab\u00a0La Chine a eu la r\u00e9ponse la plus autoritaire \u00e0 la crise sanitaire.\u00a0\u00bb<br \/>\n\u00ab\u00a0La Chine a infect\u00e9 le monde par un retard \u00e0 l\u2019allumage qui a dur\u00e9 trois mois du fait du caract\u00e8re autoritaire du r\u00e9gime chinois (\u2026\u00a0). Il y avait des alertes extr\u00eamement nettes que la Chine a cach\u00e9 au monde entier. \u00bb<br \/>\n\u00ab\u00a0Je suis tr\u00e8s \u00e9tonn\u00e9 que personne ne demande de compte \u00e0 la Chine de compte sur la gestion de la crise sanitaire.\u00a0\u00bb<br \/>\n\u00ab\u00a0Personne ne connait le nombre exact de victimes en Chine. Il y a des rapports qui commencent \u00e0 sortir et il y a non pas dix fois plus mais peut-\u00eatre cent, voire mille fois plus, de morts que ce qui a \u00e9t\u00e9 annonc\u00e9 \u00e0 Wuhan.\u00a0\u00bb<br \/>\n\u00ab\u00a0L\u2019id\u00e9e que la Chine s\u2019est bien sortie de la crise est tout simplement improbable.\u00a0\u00bb<br \/>\n\u00ab\u00a0Le fait de dire que la Chine s\u2019en tire bien alors qu\u2019elle a martyris\u00e9 sa population avec un contr\u00f4le social extr\u00eamement strict en limitant les libert\u00e9s civiles et les droits c\u2019est aussi une source d\u2019interrogation dans la mani\u00e8re dont on a r\u00e9solu le probl\u00e8me.\u00a0\u00bb<br \/>\n\u00ab\u00a0Si l\u2019indicateur de reprise de la Chine c\u2019est la croissance \u00e9conomique, on se trompe totalement.\u00a0L\u2019indicateur doit \u00eatre : est-ce que la Chine n\u2019est pas en train de pr\u00e9parer une nouvelle crise \u00e9cologique, la nouvelle pand\u00e9mie ? On pourrait en avoir une tous les deux, trois voire cinq ans parce qu\u2019on continue de d\u00e9truire les \u00e9cosyst\u00e8mes et la biodiversit\u00e9. \u00bb<br \/>\n\u00ab\u00a0Il faudrait se demander si la Chine n\u2019est pas en train de pr\u00e9parer la prochaine pand\u00e9mie plut\u00f4t que de se demander si elle est en situation de reprise \u00e9conomique.\u00a0Il faut regarder les bons indicateurs. \u00bb<\/p>\n<p><em>\u00a0<strong>Sur l\u2019\u00e9conomie de la sant\u00e9<\/em>\u00a0<\/strong><br \/>\n\u00ab\u00a0J\u2019essaie d\u2019\u00eatre critique sur ma discipline qu\u2019est l\u2019\u00e9conomie qui a des limites. Et c\u2019est important d\u2019alerter les citoyens sur les limites d\u2019une discipline quand on la pratique.\u00a0\u00bb<br \/>\n\u00ab\u00a0On a impos\u00e9 au secteur de la sant\u00e9 des crit\u00e8res de gestion \u00e9conomique et des principes \u00e9conomiques qui conduisent \u00e0 des catastrophes.\u00a0\u00bb<br \/>\n\u00ab\u00a0On devrait \u00eatre en France dans une phase de vaccination. On en est loin. C\u2019est dans la d\u00e9monstration g\u00e9n\u00e9rale d\u2019incomp\u00e9tence du gouvernement fran\u00e7ais (\u2026).\u00a0On est dans une phase de fiasco. \u00bb\u00a0<br \/>\n\u00ab\u00a0Pour les m\u00e9decins, il faut savoir \u00e0 qui on donne un vaccin parce qu\u2019il faut raisonner en termes de risques et de b\u00e9n\u00e9fices.\u00a0On sait par exemple, du point de vue des b\u00e9n\u00e9fices, qu&#8217;il n\u2019est pas utile de vacciner les moins de 18 ans. En revanche, on sait qu\u2019il peut y avoir des risques d\u2019effets secondaires pour les gens \u00e2g\u00e9s ou vuln\u00e9rables. \u00c7a c\u2019est un concept m\u00e9dical qui est fond\u00e9 sur le risque sanitaire. Les \u00e9conomistes, eux, vous plaquent par-dessus un concept de co\u00fbt\/b\u00e9n\u00e9fice o\u00f9 on consid\u00e8re qu\u2019on va \u00e9valuer la vie humaine et \u00e7a consiste donc \u00e0 savoir qui on va vacciner par rapport \u00e0 ce que rapporterait mon\u00e9tairement le fait d\u2019avoir quelqu\u2019un en vie ou pas en vie. On bascule ainsi d\u2019une vraie discipline, la m\u00e9decine, avec un vrai concept qui est risque\/b\u00e9n\u00e9fice sanitaire vers quelque chose qui est totalement artificiel qui est l\u2019analyse co\u00fbt\/b\u00e9n\u00e9fice mon\u00e9taire et qui est profond\u00e9ment dangereux sur le plan \u00e9thique. \u00bb<br \/>\n\u00ab\u00a0Il y a une imposture m\u00e9dicale de l\u2019\u00e9conomie qui explique qu\u2019elle a les rem\u00e8des et qu\u2019elle est capable de proposer des th\u00e9rapies.\u00a0\u00bb<\/p>\n<p><em>\u00a0<strong>Sur le &#8220;quoi qu\u2019il en co\u00fbte&#8221; de Macron<\/em>\u00a0<\/strong><br \/>\n\u00ab\u00a0Le crit\u00e8re n\u2019est pas le co\u00fbt.\u00a0Quand on fait une politique, la question c\u2019est : quelle boussole on prend ? Mon analyse de la situation de la r\u00e9ponse fran\u00e7aise, c&#8217;est que contrairement \u00e0 ce que raconte le gouvernement, on a syst\u00e9matiquement privil\u00e9gi\u00e9 l\u2019\u00e9conomie. Ce qu\u2019il y a de compliqu\u00e9 \u00e0 comprendre c\u2019est que parce qu\u2019on a fait ce choix on a, \u00e0 la fois le d\u00e9sastre sanitaire et le d\u00e9sastre \u00e9conomique. \u00bb<br \/>\n\u00ab\u00a0On n\u2019est pas dans une crise sanitaire, on est dans une crise \u00e9cologique qui a des cons\u00e9quences sanitaires et \u00e9conomiques.\u00a0\u00bb<br \/>\n\u00ab\u00a0Ce qu\u2019a fait la France c\u2019est de privil\u00e9gier l\u2019\u00e9conomie. On n\u2019a pas pr\u00eat\u00e9 attention aux indicateurs sanitaires.\u00a0\u00bb<br \/>\n\u00ab\u00a0Lors de la deuxi\u00e8me vague, les infections repartaient tr\u00e8s fortement d\u00e8s la fin ao\u00fbt et les premi\u00e8res mesures ne sont prises qu\u2019\u00e0 la mi-octobre et se durcissent fin octobre. Pourquoi ? Pour donner priorit\u00e9 \u00e0 la reprise de l\u2019\u00e9conomie.\u00a0\u00bb<br \/>\n\u00ab\u00a0Il y a une catastrophe \u00e9conomique parce qu\u2019on a laiss\u00e9 les choses se d\u00e9grader plut\u00f4t que de prendre des mesures graduelles et de faire une vraie politique de r\u00e9glage fin de la politique sanitaire qui ont conduit aux politiques drastiques de confinement qui ont tu\u00e9 l\u2019\u00e9conomie.\u00a0C\u2019est le double d\u00e9shonneur : la catastrophe sanitaire et \u00e9conomique. \u00bb<\/p>\n<p><em>\u00a0<strong>Sur les principales raisons de la mortalit\u00e9 dans le monde et l\u2019absence de mesures similaires \u00e0 celles du Covid<\/em>\u00a0<\/strong><br \/>\n[L\u2019auteur rappelle dans le livre que les trois principales causes de d\u00e9c\u00e8s dans le monde sont : les blessures subies ou auto inflig\u00e9es (4 millions), les maladies transmissibles (10 millions) et les maladies chroniques (41 millions)]<br \/>\n\u00ab\u00a0Une maladie infectieuse fait beaucoup plus peur qu\u2019une maladie chronique.\u00a0\u00bb<br \/>\n\u00ab\u00a0Avec le Covid-19 on est \u00e0 1,8 million de morts sur 2020 donc on est sur des chiffres relativement faibles par rapport au nombre de gens qui meurent sur la plan\u00e8te chaque ann\u00e9e (55 millions de personnes). Mais la question fondamentale c\u2019est tous les probl\u00e8mes sanitaires qui sont masqu\u00e9s par cette crise. Il faut saisir cette crise pour faire comprendre que la question centrale et essentielle de l\u2019humanit\u00e9 c\u2019est la question de la sant\u00e9 et qu\u2019il faut se donner les moyens. Or nous ne sommes pas dans des syst\u00e8mes \u00e9conomiques qui privil\u00e9gient la sant\u00e9 humaine mais qui la d\u00e9truisent de plus en plus.\u00a0\u00bb\u00a0<br \/>\n\u00ab\u00a0Derri\u00e8re la question du Covid, qui est une crise \u00e9cologique, il y a d\u2019autres maladies chroniques qui sont de plus en plus des r\u00e9sultantes des crises environnementales.\u00a0\u00bb<br \/>\n\u00ab\u00a0Le plus fort recul de l\u2019esp\u00e9rance de vie en Europe, c\u2019est en 2015 \u00e0 cause d\u2019une \u00e9pid\u00e9mie de grippe. C\u2019\u00e9tait la pr\u00e9figuration du Covid.\u00a0\u00bb<br \/>\n\u00ab\u00a0La croissance \u00e9conomique ne pr\u00e9munit pas contre les catastrophes pand\u00e9miques : les Etats-Unis est l\u2019un des pays les plus envi\u00e9s au monde en mati\u00e8re de croissance \u00e9conomique et on a n\u00e9anmoins un pays qui est incapable de faire face aux d\u00e9fis sanitaires.\u00a0\u00bb<br \/>\n\u00ab\u00a0La croissance \u00e9conomique n\u2019implique pas que l\u2019on investisse les b\u00e9n\u00e9fices dans le syst\u00e8me sanitaire. Pour \u00e7a, il faut des politiques de sant\u00e9.\u00a0\u00bb<\/p>\n<p><em>\u00a0<strong>Sur l\u2019indicateur &#8211; tableau de bord de la pleine sant\u00e9<\/em>\u00a0<\/strong><br \/>\n\u00ab\u00a0Je ne propose pas un indicateur unique.\u00a0\u00bb<br \/>\n\u00ab\u00a0Le PIB dont on mesure la croissance r\u00e9elle une fois soustraite l\u2019inflation a un double d\u00e9savantage : de substance et de forme. Non seulement, ce qu\u2019il mesure est devenu minuscule par rapport aux d\u00e9fis du XXI\u00e8 si\u00e8cle mais la mani\u00e8re dont on le mesure est un probl\u00e8me car c\u2019est un indicateur unique qui est cens\u00e9 r\u00e9sumer et r\u00e9soudre tous les probl\u00e8mes : sant\u00e9, \u00e9ducation, environnement\u2026\u00a0\u00bb<br \/>\n\u00ab\u00a0Il faut sortir de la croissance sur le fond comme sur la forme et mesure d\u2019autres choses que les biens et les services \u00e9chang\u00e9s sur les march\u00e9s &#8211; ce que ne mesure que le PIB.\u00a0\u00bb<br \/>\n\u00ab\u00a0L\u2019esp\u00e9rance de vie est plus int\u00e9ressante comme indicateur que le PIB. Mais il faut un tableau de bord que j\u2019appelle de la pleine sant\u00e9.\u00a0\u00bb<br \/>\n\u00ab\u00a0Vous pouvez mener des politiques de sant\u00e9 qui sauvent en tant qu\u2019\u00eatre biologique mais qui d\u00e9truisent en tant qu\u2019\u00eatre psychologique.\u00a0\u00bb<br \/>\n\u00ab\u00a0On fait face aujourd\u2019hui \u00e0 une crise de sant\u00e9 mentale en France.\u00a0\u00bb<br \/>\n\u00ab\u00a0Les gens qui vivent le plus longtemps ont une richesse fondamentale : leur r\u00e9seau de sociabilit\u00e9.\u00a0\u00bb<br \/>\n\u00ab\u00a0La pleine sant\u00e9, c\u2019est un tableau de bord qui tient compte de tous les indicateurs possibles de la sant\u00e9 humaine et des liens de ces indicateurs avec les questions sociale et \u00e9cologique.\u00a0\u00bb<\/p>\n<p><em>\u00a0<strong>Sur le financement des politiques sanitaires<\/em>\u00a0<\/strong><br \/>\n\u00ab\u00a0La croissance \u00e9conomique est appauvrissante puisqu\u2019elle conduit aux pand\u00e9mies.\u00a0\u00bb<br \/>\n\u00ab\u00a0Si la croissance \u00e9conomique amplifie le r\u00e9chauffement climatique pour arriver \u00e0 un monde invivable au-del\u00e0 de 2 degr\u00e9s, c\u2019est que l\u2019on est dans une spirale d\u2019autodestruction.\u00a0\u00bb<br \/>\n\u00ab\u00a0Il reste le levier des in\u00e9galit\u00e9s : on peut faire des taxes sur le carbone pour r\u00e9duire les effets du changement climatique, notamment sur le plan social, en faisant financer ces taxes par les plus riches. Une majorit\u00e9 de Fran\u00e7ais pourrait \u00eatre b\u00e9n\u00e9ficiaire sur le plan du revenu gr\u00e2ce \u00e0 une taxe pay\u00e9e par les plus riches.\u00a0\u00bb<br \/>\n\u00ab\u00a0On peut faire des \u00e9conomies de d\u00e9penses sociales en menant des politiques environnementales ambitieuses.\u00a0\u00bb<br \/>\n\u00ab\u00a0A chaque fois que l\u2019on pose la question du co\u00fbt de la transition \u00e9cologique, il faut toujours r\u00e9pondre par le co\u00fbt de la non-transition \u00e9cologique.\u00a0Quand on fait \u00e7a, on voit que les rapports sont de 1 \u00e0 10 voire 1 \u00e0 100.\u00a0\u00bb<\/p>\n<p><em>\u00a0<strong>Sur l\u2019\u00e9chelle d\u2019action<\/em>\u00a0<\/strong><br \/>\n\u00a0\u00ab\u00a0Il n\u2019y a pas de gouvernement mondial alors que l\u2019Union europ\u00e9enne est un gouvernement : c\u2019est le bon niveau d\u2019action qui peut avoir un impact mondial.\u00a0\u00bb<br \/>\n\u00ab\u00a0Si 2021 est vraiment l\u2019ann\u00e9e du Green New Deal europ\u00e9en, c\u2019est-\u00e0-dire du fait de placer la totalit\u00e9 des politiques europ\u00e9ennes sous l\u2019\u00e9gide de la transition \u00e9cologique &#8211; ce qu\u2019il faut absolument faire aujourd\u2019hui -, cela aura un effet sur 500 millions de personnes sur la plan\u00e8te mais cela aura aussi un effet d\u2019entra\u00eenement sur des milliards d\u2019autres.\u00a0\u00bb<br \/>\n\u00ab\u00a0Le pouvoir d\u2019action publique qui exc\u00e8de le cadre fran\u00e7ais, c\u2019est le niveau europ\u00e9en donc c\u2019est le bon niveau.\u00a0\u00bb<br \/>\n\u00a0<br \/>\n<em>\u00a0<strong>Sur la d\u00e9mographie<\/em>\u00a0<\/strong><br \/>\n\u00ab\u00a0Il y a une d\u00e9c\u00e9l\u00e9ration d\u00e9mographique &#8211; m\u00eame si une cinquantaine de pays sont encore dans une phase de boom d\u00e9mographique.\u00a0\u00bb<br \/>\n\u00ab\u00a0Une solution a fait ses preuves : donner acc\u00e8s aux femmes \u00e0 l\u2019\u00e9ducation, c\u2019est-\u00e0-dire une r\u00e9forme de justice sociale.\u00a0\u00bb<br \/>\n\u00ab\u00a0Derri\u00e8re des r\u00e9formes \u00e9cologiques, se cache toujours la question sociale.\u00a0\u00bb<div id='gallery-1' class='gallery galleryid-12671 gallery-columns-3 gallery-size-thumbnail'><figure class='gallery-item'>\n\t\t\t<div class='gallery-icon landscape'>\n\t\t\t\t<a href='https:\/\/archives.regards.fr\/wp-content\/uploads\/2021\/01\/capture_d_e_cran_2021-01-05_a_13-1f7.08.12.png'><img loading=\"lazy\" decoding=\"async\" width=\"150\" height=\"150\" src=\"https:\/\/archives.regards.fr\/wp-content\/uploads\/2021\/01\/capture_d_e_cran_2021-01-05_a_13-1f7.08.12-150x150.png\" class=\"attachment-thumbnail size-thumbnail\" alt=\"capture_d_e_cran_2021-01-05_a_13.08.12.png\" \/><\/a>\n\t\t\t<\/div><\/figure>\n\t\t<\/div>\n<\/p>\n","protected":false},"excerpt":{"rendered":"<p>Beaucoup parlent du monde d\u2019apr\u00e8s en reprenant le pire du monde d\u2019avant. L\u2019\u00e9conomiste Eloi Laurent, avec son ouvrage <em>Et si la sant\u00e9 guidait le monde : l\u2019esp\u00e9rance de vie vaut mieux que la croissance<\/em> (\u00c9ditions Les Liens qui Lib\u00e8rent), nous fait entrer dans ce monde d\u2019apr\u00e8s avec un nouveau paradigme. <em>\u00ab Un programme politique qui prend la forme d\u2019un \u00c9tat social-\u00e9colo lib\u00e9r\u00e9 de la croissance et vivant la pleine sant\u00e9, agissant au plan local, national, europ\u00e9en \u00bb<\/em>, \u00e9crit-il. Il est l\u2019invit\u00e9 de #LaMidinale.<\/p>\n","protected":false},"author":1204,"featured_media":30070,"comment_status":"open","ping_status":"open","sticky":false,"template":"","format":"standard","meta":{"_themeisle_gutenberg_block_has_review":false,"footnotes":""},"categories":[238],"tags":[293],"class_list":["post-12671","post","type-post","status-publish","format-standard","has-post-thumbnail","hentry","category-la-midinale","tag-entretien"],"_links":{"self":[{"href":"https:\/\/archives.regards.fr\/index.php?rest_route=\/wp\/v2\/posts\/12671","targetHints":{"allow":["GET"]}}],"collection":[{"href":"https:\/\/archives.regards.fr\/index.php?rest_route=\/wp\/v2\/posts"}],"about":[{"href":"https:\/\/archives.regards.fr\/index.php?rest_route=\/wp\/v2\/types\/post"}],"author":[{"embeddable":true,"href":"https:\/\/archives.regards.fr\/index.php?rest_route=\/wp\/v2\/users\/1204"}],"replies":[{"embeddable":true,"href":"https:\/\/archives.regards.fr\/index.php?rest_route=%2Fwp%2Fv2%2Fcomments&post=12671"}],"version-history":[{"count":0,"href":"https:\/\/archives.regards.fr\/index.php?rest_route=\/wp\/v2\/posts\/12671\/revisions"}],"wp:featuredmedia":[{"embeddable":true,"href":"https:\/\/archives.regards.fr\/index.php?rest_route=\/wp\/v2\/media\/30070"}],"wp:attachment":[{"href":"https:\/\/archives.regards.fr\/index.php?rest_route=%2Fwp%2Fv2%2Fmedia&parent=12671"}],"wp:term":[{"taxonomy":"category","embeddable":true,"href":"https:\/\/archives.regards.fr\/index.php?rest_route=%2Fwp%2Fv2%2Fcategories&post=12671"},{"taxonomy":"post_tag","embeddable":true,"href":"https:\/\/archives.regards.fr\/index.php?rest_route=%2Fwp%2Fv2%2Ftags&post=12671"}],"curies":[{"name":"wp","href":"https:\/\/api.w.org\/{rel}","templated":true}]}}