{"id":12669,"date":"2021-01-04T20:11:18","date_gmt":"2021-01-04T19:11:18","guid":{"rendered":"https:\/\/wp.muchomaas.com\/article-jean-louis-rocca-avec-son-vaccin-la-chine-entend-s-affirmer-comme-le-leader-des\/"},"modified":"2023-06-24T00:08:07","modified_gmt":"2023-06-23T22:08:07","slug":"article-jean-louis-rocca-avec-son-vaccin-la-chine-entend-s-affirmer-comme-le-leader-des","status":"publish","type":"post","link":"https:\/\/archives.regards.fr\/?p=12669","title":{"rendered":"Jean-Louis Rocca : \u00ab Avec son vaccin, la Chine entend s&#8217;affirmer comme le leader des pays en voie de d\u00e9veloppement \u00bb"},"content":{"rendered":"<p class=\"post_excerpt\">L\u2019un des grands virages de 2021 sera sans doute l\u2019affirmation du rayonnement de la Chine dans le monde. Un monde de plus en plus d\u00e9pendant de la Chine. Un tournant d\u00e9cisif pour un pays dont l\u2019\u00e9conomie repart et qui semble s\u2019\u00eatre sorti de la crise sanitaire. Jean-Louis Rocca, sociologue, professeur \u00e0 Sciences Po, chercheur au CERI (Centre de recherches internationales) et sp\u00e9cialiste de la Chine, est l\u2019invit\u00e9 de #LaMidinale.<\/p>\n<h2>UNE MIDINALE \u00c0 VOIR&#8230;<\/h2>\n<p><iframe loading=\"lazy\" width=\"490\" height=\"276\" src=\"https:\/\/www.youtube.com\/embed\/-0BKCezanK4\" frameborder=\"0\" allow=\"accelerometer; autoplay; clipboard-write; encrypted-media; gyroscope; picture-in-picture\" allowfullscreen><\/iframe><\/p>\n<p>&nbsp;<\/p>\n<p><h2>ET \u00c0 LIRE&#8230;<\/h2>\n<p><em>\u00a0<strong>Sur la Chine et la crise sanitaire\u00a0<\/em>\u00a0<\/strong><br \/>\n\u00ab\u00a0La Chine est dans la m\u00eame situation que beaucoup de pays asiatiques : des pays qui ont r\u00e9ussi pour l\u2019instant &#8211; m\u00eame s\u2019il y a une nouvelle vague du cot\u00e9 de la Cor\u00e9e du Sud &#8211; en fermant compl\u00e8tement leurs fronti\u00e8res.\u00a0\u00bb<br \/>\n\u00ab On a r\u00e9ussi en Chine \u00e0 contr\u00f4ler les choses.\u00a0\u00bb<br \/>\n\u00ab\u00a0M\u00eame si les chiffres [de la Chine] sont \u00e0 relativiser, si on devait multiplier les taux par dix et m\u00eame cent, on resterait \u00e0 des taux tr\u00e8s faibles.\u00a0On aimera bien avoir 2400 nouveaux cas en France [24 nouveaux cas ont \u00e9t\u00e9 enregistr\u00e9s hier en Chine].\u00bb<br \/>\n\u00ab\u00a0L\u2019\u00e9conomie chinoise est la seule \u00e9conomie qui repart parce qu\u2019ils ont r\u00e9ussi \u00e0 pr\u00e9server la vie \u00e9conomique et sociale.\u00a0\u00bb<br \/>\n\u00ab\u00a0Il y a en Chine une structure organisationnelle qui permet un contr\u00f4le efficace des populations.\u00a0\u00bb<br \/>\n\u00ab\u00a0Les villes chinoises sont constitu\u00e9es de grandes r\u00e9sidences isol\u00e9es les unes des autres et donc le contr\u00f4le de la population politique et sanitaire est relativement ais\u00e9.\u00a0On a des structures qui sont bas\u00e9es sur l\u2019id\u00e9e que l\u2019on habite dans des ensembles, dans une communaut\u00e9 qui va pourvoir \u00e0 tous les besoins. \u00bb<br \/>\n\u00ab\u00a0La m\u00e9thode du mouvement politique, de la mise en place de mesures d\u2019urgence, est une longue tradition en Chine contre les grands fl\u00e9aux : inondations, \u00e9pid\u00e9mies, tremblements de terre. Et il y a en Chine, une habitude face aux catastrophes naturelles, de r\u00e9agir extr\u00eamement vite. \u00bb<br \/>\n\u00ab\u00a0Il y a aussi en Chine, un certain sens civique.\u00a0\u00bb<\/p>\n<p><em>\u00a0<strong>Sur la Chine dans la sc\u00e8ne internationale\u00a0<\/em>\u00a0<\/strong><br \/>\n\u00ab\u00a0La Chine n\u2019a pas le choix. A la surprise g\u00e9n\u00e9rale et des chinois et du gouvernement chinois, la Chine est devenue une grande puissance \u00e9conomique et on ne s\u2019y attendait pas \u00e0 ce point l\u00e0.\u00a0\u00bb<br \/>\n\u00ab\u00a0Quand on a une puissance \u00e9conomique de ce type, il faut continuer. Il y a une sorte de contrat social en Chine qui consiste \u00e0 dire que le parti garde les manettes, que les chinois ne crient pas trop fort et que le gouvernement garantit la prosp\u00e9rit\u00e9.\u00a0\u00bb\u00a0<br \/>\n\u00ab\u00a0La Chine est devenue tellement forte dans le domaine \u00e9conomique qu\u2019elle devient forte de facto &#8211; et c\u2019est m\u00eame pas une volont\u00e9 de puissance, de contr\u00f4le ou de domination du monde &#8211; et elle n\u2019a pas le choix que d\u2019investir \u00e0 l\u2019\u00e9tranger et qu\u2019elle essaie de jouer un r\u00f4le fondamental dans l\u2019\u00e9conomie mondiale.\u00a0\u00c7a passe par la diplomatie politique, \u00e9conomique et cultuelle. \u00bb<br \/>\n\u00ab\u00a0La Chine est entr\u00e9e malgr\u00e9 elle dans un cycle de confrontation avec les Etats-Unis.\u00a0\u00bb<br \/>\n\u00ab\u00a0Avec le vaccin, la Chine joue une carte majeure avec un r\u00f4le leader des pays en voie de d\u00e9veloppement (\u2026). La Chine a la volont\u00e9 d\u2019agir comme un champion du tiers-monde tout en soutenant les pays europ\u00e9ens et en essayant de faire en sorte que l\u2019Europe soit moins li\u00e9e aux Etats-Unis.\u00a0\u00bb<br \/>\n\u00ab\u00a0L\u2019influence chinoise dans le domaine politique et \u00e9conomique est forte mais sans commune mesure avec ce qu\u2019\u00e9tait l\u2019URSS. Donc \u00e7a reste tr\u00e8s fragile.\u00a0\u00bb<br \/>\n\u00ab\u00a0La Chine n\u2019a pas de projet politique pour le monde.\u00a0\u00bb<br \/>\n\u00ab\u00a0Il n\u2019y aura pas de puissance chinoise s\u2019il n\u2019y a pas de puissance \u00e0 l\u2019int\u00e9rieur du Parti, c\u2019est-\u00e0-dire une capacit\u00e9 \u00e0 maintenir le contrat social.\u00a0\u00bb<br \/>\n\u00ab\u00a0Je suis \u00e0 la fois optimiste car \u00e0 l\u2019heure actuelle, le contrat social est \u00e0 peu pr\u00e8s assur\u00e9 mais d\u00e8s qu\u2019il y a la moindre faille dans le contrat social, il y a des probl\u00e8mes : il y a des sensibilit\u00e9s tr\u00e8s fortes en mati\u00e8re d\u2019environnement, en mati\u00e8re de s\u00e9curit\u00e9 alimentaire ou de march\u00e9 immobilier &#8211; particuli\u00e8rement instable &#8211; et qui emp\u00eache aujourd\u2019hui la jeune g\u00e9n\u00e9ration d\u2019acc\u00e9der \u00e0 la propri\u00e9t\u00e9.\u00a0\u00bb<br \/>\n\u00ab\u00a0Je ne vois pas en Chine aujourd\u2019hui d\u2019id\u00e9ologie de remplacement du grand r\u00eave am\u00e9ricain : ce qui domine dans la soci\u00e9t\u00e9 chinoise, c\u2019est l\u2019id\u00e9ologie de la r\u00e9ussite individuelle.\u00a0\u00bb\u00a0<br \/>\n\u00ab\u00a0Le r\u00eave am\u00e9ricain, c\u2019est un peu le r\u00eave chinois \u00e0 une diff\u00e9rence pr\u00e8s : la croissance \u00e9conomique doit \u00eatre relativement \u00e9galitaire, c\u2019est-\u00e0-dire que globalement, une tr\u00e8s large partie de la population a r\u00e9ussi \u00e0 profiter de la prosp\u00e9rit\u00e9.\u00a0\u00bb<\/p>\n<p><em>\u00a0<strong>Sur la sinophobie<\/em>\u00a0<\/strong><br \/>\n\u00ab\u00a0Il y a un retournement de l\u2019opinion publique et des classes politiques en Europe et aux Etats-Unis par rapport \u00e0 la Chine \u00e0 qui l\u2019on voulait imposer le respect de certaines r\u00e8gles.\u00a0Mais le souffl\u00e9 est retomb\u00e9 : aujourd\u2019hui, l\u2019Europe, les Etats-Unis et la Chine sont des partenaires \u00e9conomiques et politiques.\u00a0\u00bb<br \/>\n\u00ab\u00a0Il n\u2019y a aucun int\u00e9r\u00eat, du c\u00f4t\u00e9 am\u00e9ricain et europ\u00e9en, \u00e0 d\u00e9stabiliser la Chine.\u00a0\u00bb<br \/>\n\u00a0\u00ab\u00a0Le paradoxe du monde connect\u00e9 et globalis\u00e9e et pour qui la croissance \u00e9conomique est n\u00e9cessaire, c\u2019est que si un \u00e9l\u00e9ment commence \u00e0 ne pas aller tr\u00e8s bien, les cons\u00e9quences peuvent \u00eatre majeures.\u00a0\u00bb<br \/>\n\u00ab\u00a0Imaginons une Chine \u00e0 feu et \u00e0 sang \u00e0 cause d\u2019une guerre civile ou une Chine qui se d\u00e9mocratise, les probl\u00e8mes politiques ou \u00e9conomiques qui en d\u00e9coulent peuvent \u00eatre tr\u00e8s importants.\u00a0\u00bb<br \/>\n\u00ab\u00a0Je ne crois pas \u00e0 la guerre \u00e9conomique, politique et diplomatique avec la Chine.\u00a0\u00bb<br \/>\n\u00ab\u00a0La Chine est \u00e0 la fois un concurrent majeur pour le monde occidental &#8211; et elle fait peur, autant qu\u2019elle le faisait dans les ann\u00e9es 1920 et 1930.\u00a0\u00bb<br \/>\n\u00ab\u00a0La Chine n\u2019a pas r\u00e9alis\u00e9 le sch\u00e9ma habituel d\u2019un pays en voie de d\u00e9veloppement : la croissance \u00e9conomique \u00e9tait suppos\u00e9e apporter la d\u00e9mocratie et des institutions \u00e9quivalentes dans tous les pays. Et surtout, les pays en d\u00e9veloppement doivent accepter les r\u00e8gles qui sont \u00e9dict\u00e9es par les puissances dominantes (\u2026). La Chine est d\u00e9cal\u00e9e par rapport \u00e0 ce sch\u00e9ma car elle n\u2019a pas le m\u00eame syst\u00e8me politique et peut ne pas accepter les r\u00e8gles \u00e9labor\u00e9es avant qu\u2019elle ne rentre dans le jeu international.\u00a0\u00bb<div id='gallery-1' class='gallery galleryid-12669 gallery-columns-3 gallery-size-thumbnail'><figure class='gallery-item'>\n\t\t\t<div class='gallery-icon landscape'>\n\t\t\t\t<a href='https:\/\/archives.regards.fr\/wp-content\/uploads\/2021\/01\/capture_d_e_cran_2021-01-04_a_17-a07.48.20.png'><img loading=\"lazy\" decoding=\"async\" width=\"150\" height=\"150\" src=\"https:\/\/archives.regards.fr\/wp-content\/uploads\/2021\/01\/capture_d_e_cran_2021-01-04_a_17-a07.48.20-150x150.png\" class=\"attachment-thumbnail size-thumbnail\" alt=\"capture_d_e_cran_2021-01-04_a_17.48.20.png\" \/><\/a>\n\t\t\t<\/div><\/figure>\n\t\t<\/div>\n<\/p>\n","protected":false},"excerpt":{"rendered":"<p>L\u2019un des grands virages de 2021 sera sans doute l\u2019affirmation du rayonnement de la Chine dans le monde. Un monde de plus en plus d\u00e9pendant de la Chine. Un tournant d\u00e9cisif pour un pays dont l\u2019\u00e9conomie repart et qui semble s\u2019\u00eatre sorti de la crise sanitaire. Jean-Louis Rocca, sociologue, professeur \u00e0 Sciences Po, chercheur au CERI (Centre de recherches internationales) et sp\u00e9cialiste de la Chine, est l\u2019invit\u00e9 de #LaMidinale.<\/p>\n","protected":false},"author":1204,"featured_media":30066,"comment_status":"open","ping_status":"open","sticky":false,"template":"","format":"standard","meta":{"_themeisle_gutenberg_block_has_review":false,"footnotes":""},"categories":[238],"tags":[293],"class_list":["post-12669","post","type-post","status-publish","format-standard","has-post-thumbnail","hentry","category-la-midinale","tag-entretien"],"_links":{"self":[{"href":"https:\/\/archives.regards.fr\/index.php?rest_route=\/wp\/v2\/posts\/12669","targetHints":{"allow":["GET"]}}],"collection":[{"href":"https:\/\/archives.regards.fr\/index.php?rest_route=\/wp\/v2\/posts"}],"about":[{"href":"https:\/\/archives.regards.fr\/index.php?rest_route=\/wp\/v2\/types\/post"}],"author":[{"embeddable":true,"href":"https:\/\/archives.regards.fr\/index.php?rest_route=\/wp\/v2\/users\/1204"}],"replies":[{"embeddable":true,"href":"https:\/\/archives.regards.fr\/index.php?rest_route=%2Fwp%2Fv2%2Fcomments&post=12669"}],"version-history":[{"count":0,"href":"https:\/\/archives.regards.fr\/index.php?rest_route=\/wp\/v2\/posts\/12669\/revisions"}],"wp:featuredmedia":[{"embeddable":true,"href":"https:\/\/archives.regards.fr\/index.php?rest_route=\/wp\/v2\/media\/30066"}],"wp:attachment":[{"href":"https:\/\/archives.regards.fr\/index.php?rest_route=%2Fwp%2Fv2%2Fmedia&parent=12669"}],"wp:term":[{"taxonomy":"category","embeddable":true,"href":"https:\/\/archives.regards.fr\/index.php?rest_route=%2Fwp%2Fv2%2Fcategories&post=12669"},{"taxonomy":"post_tag","embeddable":true,"href":"https:\/\/archives.regards.fr\/index.php?rest_route=%2Fwp%2Fv2%2Ftags&post=12669"}],"curies":[{"name":"wp","href":"https:\/\/api.w.org\/{rel}","templated":true}]}}