{"id":12659,"date":"2021-01-02T08:00:00","date_gmt":"2021-01-02T07:00:00","guid":{"rendered":"https:\/\/wp.muchomaas.com\/article-les-hyper-riches-mettent-la-crise-a-profit\/"},"modified":"2023-06-24T00:08:03","modified_gmt":"2023-06-23T22:08:03","slug":"article-les-hyper-riches-mettent-la-crise-a-profit","status":"publish","type":"post","link":"https:\/\/archives.regards.fr\/?p=12659","title":{"rendered":"Les hyper-riches mettent la crise \u00e0 profit"},"content":{"rendered":"<p class=\"post_excerpt\">L&#8217;\u00e9pid\u00e9mie n&#8217;a pas seulement mis en \u00e9vidence les privil\u00e8ges des plus riches\u00a0: elle leur a aussi permis de les conforter. Et pour les entreprises, la loi du march\u00e9 est rest\u00e9e la loi du plus fort.<\/p>\n<p>Le confinement li\u00e9 \u00e0 la crise sanitaire du Covid-19 a mis en exergue les in\u00e9galit\u00e9s sociales, cela a \u00e9t\u00e9 largement document\u00e9 et analys\u00e9. Beaucoup a ainsi \u00e9t\u00e9 \u00e9crit sur le confinement, dont la r\u00e9alit\u00e9 a \u00e9t\u00e9 souvent et faussement per\u00e7ue comme universelle \u2013 notamment si l\u2019on devait s\u2019en remettre aux auteurs et instagrameurs bourgeois (les deux se confondant quelques fois). Si l&#8217;on ne peut leur en vouloir de croire que leur souffrance d\u2019\u00eatre enferm\u00e9 dans un grand appartement au confort \u00e9vident ou dans une maison secondaire \u00e0 la campagne valait le coup d\u2019\u00eatre racont\u00e9, quand d\u2019autres subissaient leurs logements \u00e9troits et surpeupl\u00e9s sans pouvoir d\u00e9cemment finir leur mois, il n\u2019est rien de comparable avec ce que la cat\u00e9gorie sociale encore plus sup\u00e9rieure a v\u00e9cu.<\/p>\n<h2>S\u00e9jours cinq \u00e9toiles et personnel de maison<\/h2>\n<p>Beaucoup plus conscients de leur chance (qui n\u2019en est pas une, entendons-nous bien), les plus riches n\u2019ont pas ch\u00f4m\u00e9 pour mettre \u00e0 profit tous les avantages li\u00e9s \u00e0 leur capital. Ainsi, quand certains ont quitt\u00e9 Paris pour se r\u00e9fugier en Bretagne ou en Ard\u00e8che, d\u2019autres ont carr\u00e9ment pris l\u2019avion, le week-end avant l\u2019allocution fatidique du pr\u00e9sident de la R\u00e9publique, pour la Guadeloupe ou les Maldives. Car il ne faut pas croire que toute l\u2019h\u00f4tellerie ou les centrales de r\u00e9servation de maisons de vacances ont baiss\u00e9 le rideau\u00a0: certaines enseignes sont rest\u00e9es ouvertes pendant les deux mois de confinement, offrant des prestations certes quelque peu r\u00e9duites mais, en ce qui concerne les palaces, tout \u00e0 fait luxueuses\u00a0: petits-d\u00e9jeuners, d\u00e9jeuners et d\u00eeners toujours servis, chambre faite tous les jours, acc\u00e8s \u00e0 des plages priv\u00e9es quand c\u2019\u00e9tait possible. Bref, on ne l\u00e9sine pas sur les moyens, confinement ou pas, pour passer du bon temps dans ce qu\u2019il convient d\u2019appeler des h\u00f4tels cinq \u00e9toiles.<\/p>\n<p>Mais il n\u2019y a pas que ceux qui se sont fait la malle (Herm\u00e8s) et ont pu jouir des entorses offertes par leur statut social pendant le confinement\u00a0: celles et ceux qui sont rest\u00e9s dans leur r\u00e9sidence principale se sont parfois affranchis de certaines r\u00e8gles impos\u00e9es par les d\u00e9crets successifs. Ainsi de celle de la distanciation sociale li\u00e9e \u00e0 la pr\u00e9sence de personnel de maison. Parce que, lorsqu\u2019on a d\u00e9sappris \u00e0 se faire \u00e0 manger depuis des ann\u00e9es, il n\u2019est pas possible, une fois le confinement venu, de r\u00e9apprendre d\u2019un coup d\u2019un seul\u2026 Se faire chauffer tous les jours de l\u2019eau pour ses p\u00e2tes para\u00eet insurmontable, tout comme l\u2019est \u00e9tendre son linge ou pis, le repasser.<\/p>\n<p>C&#8217;est donc un secret de polichinelle que certains n\u2019ont pas arr\u00eat\u00e9 de se passer de ces services \u00e0 la personne, pourtant totalement interdits. Confidences recueillies par <em>Regards <\/em> aupr\u00e8s d\u2019un des plus grands patrons fran\u00e7ais\u00a0: <em>\u00ab\u00a0Avec les enfants \u00e0 la maison, on a d\u00e9j\u00e0 un travail de fou pour leur faire faire les devoirs et pour les occuper. Alors tout ce qui est alimentation et m\u00e9nage, on a pr\u00e9f\u00e9r\u00e9 garder le syst\u00e8me d\u2019avant\u00a0\u00bb<\/em> \u2013 c\u2019est-\u00e0-dire du personnel de maison. Une pens\u00e9e pour le reste de la population qui ne peut pas jouir de ces avantages\u00a0? <em>\u00ab\u00a0Oui, bien s\u00fbr, \u00e7a doit \u00eatre tr\u00e8s dur.\u00a0\u00bb<\/em> Point. \u00c0 la ligne.<\/p>\n<h2>Aubaines \u00e9conomiques<\/h2>\n<p>Les plus riches ne s\u2019en sont pas mieux sorti que les autres seulement gr\u00e2ce \u00e0 ces petits am\u00e9nagements personnels avec les r\u00e8gles. Alors que la chute des revenus familiaux a parfois atteint des proportions dramatiques pour la survie de certains des m\u00e9nages les plus pauvres, que les autoentrepreneurs et autres pr\u00e9caires ont subi de plein fouet le ralentissement de l\u2019\u00e9conomie, voire l\u2019arr\u00eat total de leur secteur d\u2019activit\u00e9, les petites et moyennes entreprises se sont aussi retrouv\u00e9es dans le collimateur de la crise\u00a0: leurs pertes s\u00e8ches pourraient aboutir, quand ce n\u2019est pas d\u00e9j\u00e0 le cas, \u00e0 leur mort pure et simple. Comme l&#8217;a dit Giles Parkinson, g\u00e9rant d\u2019un fonds d\u2019actions, \u00e0 Boursorama\u00a0: <em>\u00ab\u00a0Le march\u00e9 actions r\u00e9alise actuellement un tr\u00e8s bon travail de tri entre les entreprises solides de celles plus fragiles\u00a0\u00bb<\/em>. Il oublie de dire que ce qui pourrait s\u2019av\u00e9rer dramatique pour beaucoup appara\u00eet comme une aubaine pour ceux dont la tr\u00e9sorerie est suffisante.<\/p>\n<p>Se distinguent deux camps oppos\u00e9s\u00a0: d\u2019un c\u00f4t\u00e9, ceux qui risquent des faillites, parmi lesquels de grandes enseignes de la distribution comme la marque de chaussures Andr\u00e9, celle de v\u00eatements pour enfants Orchestra-Pr\u00e9maman, ou encore Naf Naf, Cama\u00efeu, La Halle, le d\u00e9taillant de mobilier Conforama. Et de l\u2019autre, ceux dont la tr\u00e9sorerie est assez solide, parmi lesquels les potentiels racheteurs des entreprises en difficult\u00e9 \u2013 ou, \u00e0 d\u00e9faut, ceux qui vont r\u00e9cup\u00e9rer les parts de march\u00e9 de ces concurrents directs. Pour rappel, prosp\u00e9rer sur le dos des mourants est l\u2019une des sp\u00e9cialit\u00e9s de nos plus gros patrimoines. \u00c0 titre d\u2019exemple, Fran\u00e7ois Pinault, troisi\u00e8me fortune fran\u00e7aise, propri\u00e9taire du g\u00e9ant mondial du luxe Kering, avait fait son beurre des ruines d\u2019Isoroy, leader mondial du contreplaqu\u00e9, repris pour un franc symbolique et gratifi\u00e9 de l\u2019\u00e9quivalent de pr\u00e8s de 115 millions d\u2019euros d\u2019aides de l\u2019\u00c9tat, afin de le revendre huit ans apr\u00e8s plus de 200\u00a0millions d\u2019euros.<\/p>\n<p>C\u2019est loin d\u2019\u00eatre l\u2019unique moyen pour les capitalistes de mettre \u00e0 profit la p\u00e9riode de crise que nous traversons. Car lorsqu\u2019on a de l\u2019argent \u00e0 ne plus savoir qu\u2019en faire gr\u00e2ce \u00e0 la financiarisation de notre \u00e9conomie, on peut assez ais\u00e9ment r\u00e9orienter ses avoirs vers des secteurs \u00e0 la rentabilit\u00e9 imm\u00e9diate (parce que, oui, on veut de la rentabilit\u00e9 imm\u00e9diate, sinon ce n&#8217;est pas int\u00e9ressant). Alors, quand les valeurs des voyages et des loisirs, le march\u00e9 du p\u00e9trole ou celui de la restauration ont commenc\u00e9 \u00e0 montrer des signes de faiblesse, ni une ni deux, on a d\u00e9plac\u00e9 ses investissements vers des valeurs surperformantes dans la p\u00e9riode, c\u2019est-\u00e0-dire les entreprises de haute technologie \u2013 et notamment les fournisseurs de solutions cloud, bien utiles en p\u00e9riode de confinement.<\/p>\n<h2>\u00c0 l&#8217;abri de la r\u00e9cession<\/h2>\n<p>C\u2019est peut-\u00eatre cela qui caract\u00e9rise le plus cette crise li\u00e9e au Covid-19 en comparaison des pr\u00e9c\u00e9dentes\u00a0: les plus riches n\u2019ont jamais \u00e9t\u00e9 inqui\u00e9t\u00e9s par la perspective de r\u00e9cession \u00e9conomique car les faillites et les pertes de valeurs les plus dramatiques ne les concernent plus directement. Quelle grande fortune fran\u00e7aise ou mondiale est \u00e0 la t\u00eate d\u2019une seule entreprise, sp\u00e9cialis\u00e9e dans un type de biens ou de services\u00a0? Aucune. La volatilit\u00e9 \u2013 et donc, dans une certaine mesure, la diversit\u00e9 \u2013 de leur portefeuille d\u2019actions et de valeurs est aujourd\u2019hui un param\u00e8tre de la solidit\u00e9 de leur fortune.<\/p>\n<p>D\u2019autant que la r\u00e9ponse gouvernementale comme europ\u00e9enne ne tend pas, pour l\u2019instant, \u00e0 limiter ces possibilit\u00e9s d\u2019enrichissement des plus riches. Les dettes contract\u00e9es pour soutenir l\u2019\u00e9conomie vont ainsi venir pallier les manques \u00e0 gagner des diff\u00e9rentes entreprises qui ont travers\u00e9 des moments difficiles pendant le confinement. Seulement, si l\u2019id\u00e9e initiale \u00e9tait de sauver les emplois mis en danger par la crise, la captation syst\u00e9matique des richesses par les dirigeants et les actionnaires n\u2019a aucune raison de s\u2019arr\u00eater. Au contraire, certaines r\u00e9mun\u00e9rations ont m\u00eame augment\u00e9 pendant la crise, comme celle du P.-D.G. d\u2019Air France \u00e0 hauteur de 800\u2009000\u00a0euros annuels, et ce alors que l\u2019entreprise a b\u00e9n\u00e9fici\u00e9 d\u2019un plan de sauvetage de sept milliards\u2026 De m\u00eame, le plan de relance de 750\u00a0milliards d\u2019euros propos\u00e9 par la Commission europ\u00e9enne sauvera assur\u00e9ment des dizaines de milliers d\u2019emplois, mais risque aussi de continuer de renforcer les disparit\u00e9s sociales entre d\u00e9tenteurs de capital, dirigeants et salari\u00e9s.<\/p>\n<p>\u00c0 titre individuel, familial comme au niveau de l\u2019appareil de production qu\u2019ils d\u00e9tiennent, les plus riches n\u2019ont ainsi pas v\u00e9cu le confinement comme les autres. Et les \u00e9tudes montreront probablement que cette crise n\u2019a fait qu\u2019accro\u00eetre les in\u00e9galit\u00e9s qui pr\u00e9existaient. La question d\u2019une plus \u00e9gale r\u00e9partition des richesses port\u00e9e par une large partie de la gauche, surtout lorsqu\u2019elle s\u2019accompagne d\u2019une pens\u00e9e renouvel\u00e9e des communs et des services publics, est une r\u00e9ponse s\u00fbrement plus pertinente que l\u2019obsession des fronti\u00e8res. Toutes les relocalisations que l\u2019on arrivera \u00e0 imposer ou les fronti\u00e8res que l\u2019on pourra dresser ici ou l\u00e0 n\u2019aboliront pas les privil\u00e8ges dont certains jouissent au d\u00e9triment d\u2019autres. Pour cela, il faudrait commencer par comprendre que notre plus grand ennemi politique n\u2019est pas \u00e0 l\u2019\u00e9tranger, mais qu\u2019il constitue le c\u0153ur de nos syst\u00e8mes \u00e9conomiques et politiques \u2013 et que, par l\u00e0 m\u00eame, il est autrement plus compliqu\u00e9 de s\u2019en d\u00e9faire. <\/p>\n<p>&nbsp;<\/p>\n<p>\n<a href=\"https:\/\/wp.muchomaas.com\/auteur\/pablo-pillaud-vivien-2445\"><strong>Pablo Pillaud-Vivien<\/strong><\/a><div id='gallery-1' class='gallery galleryid-12659 gallery-columns-3 gallery-size-thumbnail'><figure class='gallery-item'>\n\t\t\t<div class='gallery-icon landscape'>\n\t\t\t\t<a href='https:\/\/archives.regards.fr\/wp-content\/uploads\/2020\/12\/anti-capitalism_color__restored-0fa.png'><img loading=\"lazy\" decoding=\"async\" width=\"150\" height=\"150\" src=\"https:\/\/archives.regards.fr\/wp-content\/uploads\/2020\/12\/anti-capitalism_color__restored-0fa-150x150.png\" class=\"attachment-thumbnail size-thumbnail\" alt=\"anti-capitalism_color__restored.png\" \/><\/a>\n\t\t\t<\/div><\/figure>\n\t\t<\/div>\n<\/p>\n","protected":false},"excerpt":{"rendered":"<p>L&#8217;\u00e9pid\u00e9mie n&#8217;a pas seulement mis en \u00e9vidence les privil\u00e8ges des plus riches\u00a0: elle leur a aussi permis de les conforter. Et pour les entreprises, la loi du march\u00e9 est rest\u00e9e la loi du plus fort.<\/p>\n","protected":false},"author":1204,"featured_media":30054,"comment_status":"open","ping_status":"open","sticky":false,"template":"","format":"standard","meta":{"_themeisle_gutenberg_block_has_review":false,"footnotes":""},"categories":[6],"tags":[],"class_list":["post-12659","post","type-post","status-publish","format-standard","has-post-thumbnail","hentry","category-actu"],"_links":{"self":[{"href":"https:\/\/archives.regards.fr\/index.php?rest_route=\/wp\/v2\/posts\/12659","targetHints":{"allow":["GET"]}}],"collection":[{"href":"https:\/\/archives.regards.fr\/index.php?rest_route=\/wp\/v2\/posts"}],"about":[{"href":"https:\/\/archives.regards.fr\/index.php?rest_route=\/wp\/v2\/types\/post"}],"author":[{"embeddable":true,"href":"https:\/\/archives.regards.fr\/index.php?rest_route=\/wp\/v2\/users\/1204"}],"replies":[{"embeddable":true,"href":"https:\/\/archives.regards.fr\/index.php?rest_route=%2Fwp%2Fv2%2Fcomments&post=12659"}],"version-history":[{"count":0,"href":"https:\/\/archives.regards.fr\/index.php?rest_route=\/wp\/v2\/posts\/12659\/revisions"}],"wp:featuredmedia":[{"embeddable":true,"href":"https:\/\/archives.regards.fr\/index.php?rest_route=\/wp\/v2\/media\/30054"}],"wp:attachment":[{"href":"https:\/\/archives.regards.fr\/index.php?rest_route=%2Fwp%2Fv2%2Fmedia&parent=12659"}],"wp:term":[{"taxonomy":"category","embeddable":true,"href":"https:\/\/archives.regards.fr\/index.php?rest_route=%2Fwp%2Fv2%2Fcategories&post=12659"},{"taxonomy":"post_tag","embeddable":true,"href":"https:\/\/archives.regards.fr\/index.php?rest_route=%2Fwp%2Fv2%2Ftags&post=12659"}],"curies":[{"name":"wp","href":"https:\/\/api.w.org\/{rel}","templated":true}]}}