{"id":12655,"date":"2020-12-28T18:27:02","date_gmt":"2020-12-28T17:27:02","guid":{"rendered":"https:\/\/wp.muchomaas.com\/article-pour-les-100-ans-du-pcf-on-a-donne-la-parole-a-ses-jeunes\/"},"modified":"2023-06-24T00:08:00","modified_gmt":"2023-06-23T22:08:00","slug":"article-pour-les-100-ans-du-pcf-on-a-donne-la-parole-a-ses-jeunes","status":"publish","type":"post","link":"https:\/\/archives.regards.fr\/?p=12655","title":{"rendered":"Pour les 100 ans du PCF, on a donn\u00e9 la parole \u00e0 ses jeunes"},"content":{"rendered":"<p class=\"post_excerpt\">Cette semaine, le Parti communiste fran\u00e7ais a 100 ans. Quoi de mieux pour en parler (et le f\u00eater) que ses jeunes adh\u00e9rents ?<\/p>\n<h2>Hadrien Bortot, 31 ans, secr\u00e9taire de section du PCF du XIX\u00e8 arrondissement de Paris, membre du Conseil National du PCF<\/h2>\n<p>Le PCF a toujours fait partie de mon horizon politique. J\u2019ai grandi avec ce qui \u00e9tait plus une culture qu\u2019un id\u00e9al dogmatique. Les disques de Ferrat, les livres d\u2019Aragon, les f\u00eates de la CGT, l\u2019Humanit\u00e9 dimanche port\u00e9 souvent \u00e0 la maison par Abel un militant qui sillonnait la Moselle pour son journal. Des images de luttes de 95, de Marie Georges Buffet, ministre des sports de la France Championne du Monde, de la peur de Le Pen en 2002. <\/p>\n<p>&nbsp;<\/p>\n<p>\n<strong>LIRE AUSSI SUR REGARDS.FR<br \/>\n>><\/strong> <em><a href=\"https:\/\/wp.muchomaas.com\/la-midinale\/article\/100-ans-du-pcf-vers-nouveau-congres-de-tours-ou-une-refondation-de-la-gauche\">100 ans du PCF : vers nouveau congr\u00e8s de Tours ou une refondation de la gauche ?<\/a><\/em><br \/>\n<strong>>><\/strong> <em><a href=\"https:\/\/wp.muchomaas.com\/politique\/article\/pcf-le-double-langage-de-fabien-roussel\">PCF : les doubles langages de Fabien Roussel<\/a><\/em><\/p>\n<p>&nbsp;<\/p>\n<p>Dans ma construction militante, ce communisme a longtemps \u00e9t\u00e9 une pr\u00e9sence bienveillante, un r\u00e9f\u00e8rent politique \u00e0 c\u00f4t\u00e9 duquel existait une grande libert\u00e9. C\u2019est dans cette galaxie que le Parti accompagnait en facilitant l\u2019engagement des jeunes, des femmes, des travailleurs immigr\u00e9s, que j\u2019ai pu faire mes premi\u00e8res armes. <\/p>\n<p>Lyc\u00e9en, c\u2019est le Parti qui me pr\u00eatait un m\u00e9gaphone pour lutter contre la r\u00e9forme Fillon ou le CPE. C\u2019est lui qui m\u2019a accompagn\u00e9 \u00e0 16 ans \u00e0 la f\u00eate de l\u2019Huma, c\u2019est encore lui qui m\u2019a fait coller mes premi\u00e8res affiches.<\/p>\n<p>Je me souviens de l\u2019effervescence de 2005 contre le TCE avec un PCF qui avait su coaliser et faire grandir un Non de Gauche et antilib\u00e9ral. Naturellement, en 2007 pour mon premier vote, j\u2019ai mis dans l\u2019urne un bulletin Marie Georges Buffet. Toutes ces ann\u00e9es le Parti ne m\u2019a jamais rien demand\u00e9, on me prenait comme j\u2019\u00e9tais, un gamin curieux de tout avec l\u2019envie de changer le monde.<\/p>\n<p>Par la suite, j\u2019ai d\u00e9couvert des mouvements plus radicaux plein de certitudes, dans des comit\u00e9s antifascistes, dans des facs, dans des squats, o\u00f9 les individus \u00e9taient tout entier jug\u00e9s sur la base des positions qu\u2019ils pouvaient prendre, o\u00f9 la recherche et l\u2019exp\u00e9rience n\u2019avaient pas leur place.<\/p>\n<p>J\u2019ai pris ma carte pendant l\u2019exp\u00e9rience du Front de Gauche, presque dix ans apr\u00e8s mon premier compagnonnage. L\u2019effervescence des campagnes pr\u00e9sidentielles pour le candidat des communistes M\u00e9lenchon, les assembl\u00e9es citoyennes, l\u2019\u00e9nergie d\u00e9cupl\u00e9e d\u2019un Parti qui sait se sublimer pour \u00eatre une force populaire au service de combats collectifs m\u2019ont ouvert les yeux sur la n\u00e9cessit\u00e9 d\u2019un PCF organis\u00e9 et ouvert sur les luttes.<\/p>\n<p>Lors de mes premi\u00e8res r\u00e9unions, j\u2019\u00e9tais plein de doutes sur cette libert\u00e9 que m\u2019avait offert le Parti comme sympathisant. J\u2019y ai trouv\u00e9 comme adh\u00e9rent un espace d\u2019\u00e9laboration d\u00e9mocratique o\u00f9 le jugement est absent. Les organisations locales du PCF sont encore un intellectuel collectif o\u00f9 chacun.e apporte son expertise, sa connaissance, quel que soit sa condition, son \u00e2ge, son parcours. <\/p>\n<p>J\u2019ai pris un jour la charge de continuer \u00e0 faire vivre cette organisation dans le 19e arrondissement. Le Parti est un lieu de transmission. Celles et ceux qui l\u2019ont fait vivre avant moi m\u2019ont appris, \u00e9paul\u00e9, conseill\u00e9 dans cette t\u00e2che. C\u2019est \u00e0 ces savoirs pratiques et th\u00e9oriques qui se passent de g\u00e9n\u00e9ration en g\u00e9n\u00e9ration qu\u2019on mesure la profondeur historique du PCF.<\/p>\n<p>Si on peut avoir mille raison de quitter le PCF, les communistes, la camaraderie, la croyance dans la n\u00e9cessit\u00e9 d\u2019\u00eatre ensemble pour transformer le monde, font qu\u2019on y reste. Le Parti est d\u2019abord et avant tout celui d\u2019une sociabilit\u00e9 militante. En conjuguant l\u2019amiti\u00e9 et la f\u00eate au n\u00e9cessaire d\u00e9bat d\u2019id\u00e9es et \u00e0 cette profondeur historique, il est le vecteur de liens forts qui permettent de comprendre le monde et d\u2019affronter la soci\u00e9t\u00e9 capitaliste qui se nourrit d\u2019individus isol\u00e9s.<\/p>\n<p>Lors du dernier congr\u00e8s, je suis entr\u00e9 au Conseil National car je consid\u00e8re important que le Parti ne se repli pas sur lui-m\u00eame et se laisse irriguer par les mouvements sociaux, \u00e9cologiques, f\u00e9ministes, antiracistes qui secouent le monde. Le PCF n\u2019a pas pass\u00e9 cent ans en se repliant sur sa l\u00e9gende romantique et en s\u2019arcboutant sur sa propre caricature. Il a su \u00e0 plusieurs moments de son histoire se faire extr\u00eamement moderne pour se placer au c\u0153ur des rassemblements utiles au peuple, pour \u00eatre acteur des ruptures avec le capitalisme et les syst\u00e8mes de dominations. C\u2019est ce chemin qu\u2019il doit retrouver aujourd\u2019hui, celui d\u2019un PCF offensif, rassembleur, tourn\u00e9 vers les 100 ans \u00e0 venir.<\/p>\n<h2>Ana\u00efs Fley, 23 ans, \u00e9tudiante en histoire des sciences \u00e0 l&#8217;EHESS et secr\u00e9taire nationale de l&#8217;Union des \u00e9tudiants communistes<\/h2>\n<p>A la question de l\u2019engagement communiste, la r\u00e9ponse est aussi \u00e9vidente que difficile \u00e0 donner. Elle se pose un peu comme on pose la question du sens que l\u2019on veut donner au temps qui passe. Pourquoi le communisme ? Pour \u00e9manciper la vie, tout simplement.<\/p>\n<p>Mais, en 2020, la question p\u00e8se plus lourd. Elle se pose un si\u00e8cle apr\u00e8s que le choix du communisme et de la IIIe Internationale eut \u00e9t\u00e9 fait au Congr\u00e8s de Tours, apr\u00e8s les plus grandes avanc\u00e9es du mouvement r\u00e9volutionnaire et les plus formidables le\u00e7ons d\u2019humanit\u00e9 de la classe ouvri\u00e8re, apr\u00e8s le d\u00e9voiement des id\u00e9es communistes et la faillite de l\u2019Union sovi\u00e9tique. Elle se pose devant l\u2019\u00e9lan des mouvements r\u00e9volutionnaires pour l\u2019\u00e9galit\u00e9 et la justice, dont les dirigeantes \u00e0 travers le monde prennent \u00e0 bras le corps le cours de l\u2019histoire et tracent de nouveaux sillons pour le communisme. Elle se pose face au mur vertigineux de la crise climatique, qui rebat les cartes des possibles et du temps dont nous disposons pour les construire, alors que le camp de la r\u00e9action resserre partout son \u00e9tau autoritaire. <\/p>\n<p>Si la question du communisme se pose donc \u00e0 chacun\u00b7e en des termes nouveaux, celle de l\u2019engagement communiste et de ses modalit\u00e9s pose plus de probl\u00e8mes. Pour ma part, il a fallu que j\u2019entre \u00e0 l\u2019universit\u00e9 et que j\u2019adh\u00e8re \u00e0 l\u2019Union des \u00e9tudiants communistes (UEC) pour obtenir mes premiers \u00e9l\u00e9ments de r\u00e9ponse. Cela faisait d\u00e9j\u00e0 un an que j\u2019avais adh\u00e9r\u00e9 aux id\u00e9es communistes, mais c\u2019est en me mobilisant pour la premi\u00e8re fois avec mes camarades de fac que je me suis enfin sentie investie de la responsabilit\u00e9 d\u2019\u00eatre communiste \u2013 et d\u2019agir comme telle, en organisant l\u2019activit\u00e9 r\u00e9volutionnaire autour de moi, pour convaincre celles et ceux qui croisent mon chemin de le devenir \u00e0 leur tour. <\/p>\n<p>Il est relativement facile de ressentir au plus profond de soi la question communiste et d\u2019y r\u00e9pondre par l\u2019affirmative. Mais il est autrement plus compliqu\u00e9 d\u2019embrasser l\u2019engagement communiste vue la hauteur politique, \u00e9thique, morale, pratique que cela exige. Il est presque impossible de trouver cette force quand on est seul\u00b7e face aux crises qui menacent l\u2019humanit\u00e9. Voil\u00e0 pourquoi nous avons besoin d\u2019une organisation capable de soutenir cet engagement et de le faire grandir, dans tous les mouvements r\u00e9volutionnaires de notre \u00e9poque. Voil\u00e0 pourquoi je suis au Parti communiste.<\/p>\n<h2>Victor Laby, 23 ans, \u00e9tudiant en histoire \u00e0 l&#8217;EHESS<\/h2>\n<p>Mes premiers souvenirs de gosse sont des souvenirs de manifs. Sur le dos de mon p\u00e8re dans une mobilisation en soutien aux ouvriers des usines de biscuits LU menac\u00e9s par un plan de licenciement.<\/p>\n<p>Mais c\u2019est l\u2019\u00e9lection pr\u00e9sidentielle de 2012, l\u2019ann\u00e9e de mes 14 ans, qui a produit chez moi ce qu\u2019on pourrait appeler un d\u00e9clic militant. La campagne du Front de gauche, son effervescence, sa dynamique joyeuse m\u2019a convaincu d\u2019adh\u00e9rer aux jeunesses communistes du Nord. Avec la JC (le Mouvement Jeunes Communistes de France), c\u2019est mille combats formateurs : blocus contre les suppressions de postes de profs dans les lyc\u00e9es, manifestation contre la colonisation de la Palestine, piquet de gr\u00e8ve avec les cheminots en lutte, collectes alimentaires avec le Secours Populaire, organisation de voyages \u00e0 la mer pour des familles pr\u00e9caires&#8230;<\/p>\n<p>L\u2019adh\u00e9sion au Parti communiste fran\u00e7ais est arriv\u00e9e un peu plus tard. \u00c0 l\u2019\u00e9poque, comme beaucoup de jeunes de mon \u00e2ge, j\u2019\u00e9tais assez m\u00e9fiant envers la direction nationale du parti, je trouvais qu\u2019elle n\u2019arrivait pas \u00e0 s\u2019affirmer face \u00e0 Jean-Luc M\u00e9lenchon. Je voyais sur le terrain l\u2019abn\u00e9gation militante des adh\u00e9rents et le d\u00e9calage avec notre invisibilit\u00e9 nationale m\u2019exc\u00e9dait. C\u2019est Fabien Roussel, alors secr\u00e9taire de la f\u00e9d\u00e9ration du Nord, qui m\u2019a convaincu d\u2019adh\u00e9rer au parti.<\/p>\n<p>En 2015, dans un contexte de fortes tensions avec le Parti socialiste votant les pires cochonneries lib\u00e9rales \u00e0 l\u2019Assembl\u00e9e Nationale mais aussi, dans une moindre mesure, avec le Parti de gauche voulant se d\u00e9barrasser du Front de gauche, le PCF a d\u00e9cid\u00e9 de se lancer dans les batailles des r\u00e9gionales dans les Hauts-de-France. Je me suis lanc\u00e9 \u00e0 fond dans cette aventure. \u00c0 bord d\u2019une camionnette, on a parcouru toute la r\u00e9gion le temps d\u2019un \u00e9t\u00e9 pour coller des affiches. Finalement, notre score a \u00e9t\u00e9 l\u00e9g\u00e8rement sup\u00e9rieur \u00e0 5%. J\u2019en garde tout de m\u00eame un souvenir heureux.<\/p>\n<p>Au dernier congr\u00e8s, comme la plupart des jeunes du PCF, j\u2019ai choisi de soutenir la motion d&#8217;Andr\u00e9 Chassaigne et de Fabien Roussel pour tourner la page des ann\u00e9es d\u2019effacement de notre parti. J\u2019ai ressenti ce changement de direction et de projet comme une bouff\u00e9e d\u2019air frais. Le rajeunissement des cadres, avec l&#8217;\u00e9mergence d\u2019une nouvelle g\u00e9n\u00e9ration de militants, est pour moi presque aussi important que nos d\u00e9cisions de congr\u00e8s.<\/p>\n<p>J\u2019ai pris part avec enthousiasme \u00e0 la campagne des europ\u00e9ennes men\u00e9e par Ian Brossat, le fait que sa campagne soit salu\u00e9e bien au-del\u00e0 de nos rangs nous a redonn\u00e9 une fiert\u00e9 qui n\u2019avait pas \u00e9t\u00e9 \u00e9prouv\u00e9e depuis la campagne pr\u00e9sidentielle de 2012. Enfin ne plus avoir honte de dire aux copains qu\u2019on milite au PCF.<\/p>\n<p>J\u2019esp\u00e8re que, si nous d\u00e9cidons de pr\u00e9senter un candidat communiste en 2022, la campagne sera dans la m\u00eame veine. Si nous voulons retrouver notre ancrage populaire, je pense que nous devons assumer notre radicalit\u00e9 et \u00eatre utile aux gens au quotidien. Assumons de vouloir d\u00e9truire la soci\u00e9t\u00e9 capitaliste et son cort\u00e8ge d&#8217;in\u00e9galit\u00e9s et de divisions.<\/p>\n<p>Soyons aux c\u00f4t\u00e9s des jeunes qui manifestent pour le climat, des militants d\u00e9coloniaux dans les quartiers populaires, des ouvriers qui luttent pour pr\u00e9server notre industrie. Laissons-les nous investir, nous envahir, nous renforcer !<div id='gallery-1' class='gallery galleryid-12655 gallery-columns-3 gallery-size-thumbnail'><figure class='gallery-item'>\n\t\t\t<div class='gallery-icon landscape'>\n\t\t\t\t<a href='https:\/\/archives.regards.fr\/wp-content\/uploads\/2020\/12\/18057682318_f35eb84387_k-8cd.jpg'><img loading=\"lazy\" decoding=\"async\" width=\"150\" height=\"150\" src=\"https:\/\/archives.regards.fr\/wp-content\/uploads\/2020\/12\/18057682318_f35eb84387_k-8cd-150x150.jpg\" class=\"attachment-thumbnail size-thumbnail\" alt=\"18057682318_f35eb84387_k.jpg\" \/><\/a>\n\t\t\t<\/div><\/figure>\n\t\t<\/div>\n<\/p>\n","protected":false},"excerpt":{"rendered":"<p>Cette semaine, le Parti communiste fran\u00e7ais a 100 ans. Quoi de mieux pour en parler (et le f\u00eater) que ses jeunes adh\u00e9rents ?<\/p>\n","protected":false},"author":1,"featured_media":30048,"comment_status":"open","ping_status":"open","sticky":false,"template":"","format":"standard","meta":{"_themeisle_gutenberg_block_has_review":false,"footnotes":""},"categories":[6],"tags":[406],"class_list":["post-12655","post","type-post","status-publish","format-standard","has-post-thumbnail","hentry","category-actu","tag-pcf"],"_links":{"self":[{"href":"https:\/\/archives.regards.fr\/index.php?rest_route=\/wp\/v2\/posts\/12655","targetHints":{"allow":["GET"]}}],"collection":[{"href":"https:\/\/archives.regards.fr\/index.php?rest_route=\/wp\/v2\/posts"}],"about":[{"href":"https:\/\/archives.regards.fr\/index.php?rest_route=\/wp\/v2\/types\/post"}],"author":[{"embeddable":true,"href":"https:\/\/archives.regards.fr\/index.php?rest_route=\/wp\/v2\/users\/1"}],"replies":[{"embeddable":true,"href":"https:\/\/archives.regards.fr\/index.php?rest_route=%2Fwp%2Fv2%2Fcomments&post=12655"}],"version-history":[{"count":0,"href":"https:\/\/archives.regards.fr\/index.php?rest_route=\/wp\/v2\/posts\/12655\/revisions"}],"wp:featuredmedia":[{"embeddable":true,"href":"https:\/\/archives.regards.fr\/index.php?rest_route=\/wp\/v2\/media\/30048"}],"wp:attachment":[{"href":"https:\/\/archives.regards.fr\/index.php?rest_route=%2Fwp%2Fv2%2Fmedia&parent=12655"}],"wp:term":[{"taxonomy":"category","embeddable":true,"href":"https:\/\/archives.regards.fr\/index.php?rest_route=%2Fwp%2Fv2%2Fcategories&post=12655"},{"taxonomy":"post_tag","embeddable":true,"href":"https:\/\/archives.regards.fr\/index.php?rest_route=%2Fwp%2Fv2%2Ftags&post=12655"}],"curies":[{"name":"wp","href":"https:\/\/api.w.org\/{rel}","templated":true}]}}