{"id":12650,"date":"2020-12-21T13:28:39","date_gmt":"2020-12-21T12:28:39","guid":{"rendered":"https:\/\/wp.muchomaas.com\/article-100-ans-du-pcf-vers-nouveau-congres-de-tours-ou-une-refondation-de-la-gauche\/"},"modified":"2023-07-03T14:47:32","modified_gmt":"2023-07-03T12:47:32","slug":"article-100-ans-du-pcf-vers-nouveau-congres-de-tours-ou-une-refondation-de-la-gauche","status":"publish","type":"post","link":"https:\/\/archives.regards.fr\/?p=12650","title":{"rendered":"100 ans du PCF : vers nouveau congr\u00e8s de Tours ou une refondation de la gauche ?"},"content":{"rendered":"<p class=\"post_excerpt\">Le PCF f\u00eate ses cent ans. L\u2019occasion de revenir sur un parti qui a structur\u00e9 la gauche pendant plusieurs d\u00e9cennies. De comprendre ce qui a fait son succ\u00e8s. Et ses \u00e9checs. Roger Martelli, historien, ancien membre de la direction du PCF, auteur de <em>Le PCF, une \u00e9nigme fran\u00e7aise<\/em> (\u00c9ditions La Dispute), est l\u2019invit\u00e9 de #LaMidinale sp\u00e9ciale 100 ans du PCF. <\/p>\n<h2>UNE MIDINALE \u00c0 VOIR&#8230;<\/h2>\n<p><iframe loading=\"lazy\" width=\"490\" height=\"276\" src=\"https:\/\/www.youtube.com\/embed\/lJFurSDBk-Y\" frameborder=\"0\" allow=\"accelerometer; autoplay; clipboard-write; encrypted-media; gyroscope; picture-in-picture\" allowfullscreen><\/iframe><\/p>\n<p>&nbsp;<\/p>\n<div id='gallery-1' class='gallery galleryid-12650 gallery-columns-3 gallery-size-thumbnail'><figure class='gallery-item'>\n\t\t\t<div class='gallery-icon landscape'>\n\t\t\t\t<a href='https:\/\/archives.regards.fr\/wp-content\/uploads\/2020\/12\/capture-d_e_cran-2020-12-21-a_-13-ef9.15.34.png'><img loading=\"lazy\" decoding=\"async\" width=\"150\" height=\"150\" src=\"https:\/\/archives.regards.fr\/wp-content\/uploads\/2020\/12\/capture-d_e_cran-2020-12-21-a_-13-ef9.15.34-150x150.png\" class=\"attachment-thumbnail size-thumbnail\" alt=\"capture-d_e_cran-2020-12-21-a_-13.15.34.png\" \/><\/a>\n\t\t\t<\/div><\/figure>\n\t\t<\/div>\n\n","protected":false},"excerpt":{"rendered":"<p>Le PCF f\u00eate ses cent ans. L\u2019occasion de revenir sur un parti qui a structur\u00e9 la gauche pendant plusieurs d\u00e9cennies. De comprendre ce qui a fait son succ\u00e8s. Et ses \u00e9checs. Roger Martelli, historien, ancien membre de la direction du PCF, auteur de <em>Le PCF, une \u00e9nigme fran\u00e7aise<\/em> (\u00c9ditions La Dispute), est l\u2019invit\u00e9 de #LaMidinale sp\u00e9ciale 100 ans du PCF. <\/p>\n","protected":false},"author":328,"featured_media":30044,"comment_status":"open","ping_status":"open","sticky":false,"template":"","format":"standard","meta":{"_themeisle_gutenberg_block_has_review":false,"footnotes":""},"categories":[238],"tags":[293],"class_list":["post-12650","post","type-post","status-publish","format-standard","has-post-thumbnail","hentry","category-la-midinale","tag-entretien"],"_links":{"self":[{"href":"https:\/\/archives.regards.fr\/index.php?rest_route=\/wp\/v2\/posts\/12650","targetHints":{"allow":["GET"]}}],"collection":[{"href":"https:\/\/archives.regards.fr\/index.php?rest_route=\/wp\/v2\/posts"}],"about":[{"href":"https:\/\/archives.regards.fr\/index.php?rest_route=\/wp\/v2\/types\/post"}],"author":[{"embeddable":true,"href":"https:\/\/archives.regards.fr\/index.php?rest_route=\/wp\/v2\/users\/328"}],"replies":[{"embeddable":true,"href":"https:\/\/archives.regards.fr\/index.php?rest_route=%2Fwp%2Fv2%2Fcomments&post=12650"}],"version-history":[{"count":0,"href":"https:\/\/archives.regards.fr\/index.php?rest_route=\/wp\/v2\/posts\/12650\/revisions"}],"wp:featuredmedia":[{"embeddable":true,"href":"https:\/\/archives.regards.fr\/index.php?rest_route=\/wp\/v2\/media\/30044"}],"wp:attachment":[{"href":"https:\/\/archives.regards.fr\/index.php?rest_route=%2Fwp%2Fv2%2Fmedia&parent=12650"}],"wp:term":[{"taxonomy":"category","embeddable":true,"href":"https:\/\/archives.regards.fr\/index.php?rest_route=%2Fwp%2Fv2%2Fcategories&post=12650"},{"taxonomy":"post_tag","embeddable":true,"href":"https:\/\/archives.regards.fr\/index.php?rest_route=%2Fwp%2Fv2%2Ftags&post=12650"}],"curies":[{"name":"wp","href":"https:\/\/api.w.org\/{rel}","templated":true}]}}