{"id":12649,"date":"2020-12-21T10:42:02","date_gmt":"2020-12-21T09:42:02","guid":{"rendered":"https:\/\/wp.muchomaas.com\/article-tribune-il-faut-dissoudre-generation-identitaire\/"},"modified":"2023-06-24T00:07:58","modified_gmt":"2023-06-23T22:07:58","slug":"article-tribune-il-faut-dissoudre-generation-identitaire","status":"publish","type":"post","link":"https:\/\/archives.regards.fr\/?p=12649","title":{"rendered":"TRIBUNE. Il faut dissoudre G\u00e9n\u00e9ration Identitaire"},"content":{"rendered":"<p class=\"post_excerpt\">Plusieurs personnalit\u00e9s lancent <a href=\"https:\/\/www.change.org\/p\/g%C3%A9rald-darmanin-dissolution-immediate-de-g%C3%A9n%C3%A9ration-identitaire?recruiter=1170298533&#038;utm_source=share_petition&#038;utm_medium=copylink&#038;utm_campaign=share_petition\">une p\u00e9tition<\/a> demandant la dissolution du groupuscule d&#8217;extr\u00eame droite G\u00e9n\u00e9ration Identitaire.<\/p>\n<p>Depuis maintenant plusieurs ann\u00e9es, G\u00e9n\u00e9ration Identitaire, groupuscule d\u2019extr\u00eame droite, m\u00e8ne des actions violentes, racistes et x\u00e9nophobes.\u00a0<\/p>\n<p>De l\u2019occupation de la mosqu\u00e9e de Poitiers au d\u00e9ploiement d\u2019une banderole sur le port de Dunkerque pour exiger <em>\u00ab le travail aux Fran\u00e7ais \u00bb<\/em>, en passant par l\u2019occupation du toit de la CAF de Bobigny ou le saccage violent du si\u00e8ge de SOS M\u00e9diterran\u00e9e \u00e0 Marseille, afin d\u2019expulser de force les salari\u00e9s de l\u2019ONG qui affr\u00e8te l\u2019<em>Aquarius<\/em>, pas un mois ne s\u2019\u00e9coule sans que ces nervis identitaires m\u00e8nent des op\u00e9rations de terreur \u00e0 travers le pays.\u00a0<\/p>\n<p>B\u00e9n\u00e9ficiant de moyens financiers importants, le groupuscule a men\u00e9 une op\u00e9ration m\u00e9diatique d\u2019envergure en avril 2018 en occupant la fronti\u00e8re franco-italienne au sommet du col de l\u2019\u00c9chelle pour d\u00e9noncer ce que l\u2019extr\u00eame droite per\u00e7oit \u00e0 tort comme une immigration massive.<\/p>\n<p>En octobre, \u00e0 Avignon, c\u2019est un homme portant un blouson de G\u00e9n\u00e9ration Identitaire qui a braqu\u00e9 et menac\u00e9 un chef d\u2019entreprise avant d\u2019\u00eatre abattu par la police. Au lendemain des attentats sanglants qui ont dramatiquement rythm\u00e9 le mois d\u2019octobre, c\u2019est une de ses porte-paroles, Tha\u00efs d\u2019Escufon, qui appelait\u00a0 \u00e0 la <em>\u00ab reconqu\u00eate \u00bb<\/em>, quand un internaute publiait sur la chaine t\u00e9l\u00e9gram de l\u2019activiste Damien Rieu un appel \u00ab \u00e0 se faire des mosqu\u00e9es \u00bb.\u00a0<\/p>\n<p>Alors que le gouvernement pr\u00e9sente une loi dite <em>\u00ab\u00a0s\u00e9paratisme\u00a0\u00bb <\/em> pour <em>\u00ab faire respecter les valeurs de la r\u00e9publique \u00bb<\/em>, la question des groupuscules violents d\u2019extr\u00eame droite est un angle mort particuli\u00e8rement pr\u00e9occupant \u2013 mais assez peu semble-t-il pour une partie des m\u00e9dias dominants ou le gouvernement.<\/p>\n<p>G\u00e9n\u00e9ration Identitaire est une organisation violente qui menace l&#8217;existence m\u00eame et les droits des minorit\u00e9s (migrant\u00b7es, musulman\u00b7es, Rroms, etc.), mais aussi le militantisme antiraciste, f\u00e9ministe, syndical, de gauche. Nous avons d\u2019ailleurs tous en m\u00e9moire les liens financiers avec Brandon Tarrant, le terroriste de Christchurch, qui avait fait un don \u00e0 la branche autrichienne de G\u00e9n\u00e9ration Identitaire.<\/p>\n<p>Face \u00e0 ce climat de plus en plus suffocant\u00a0: une note publi\u00e9e en 2020 par la Direction ex\u00e9cutive du Comit\u00e9 contre le terrorisme (CTED) des Nations Unies, d\u00e9montre qu&#8217;il y a eu une augmentation de 320 % des attaques men\u00e9es par des individus affili\u00e9s \u00e0 des mouvements et id\u00e9ologies d&#8217;extr\u00eame droite au cours des cinq derni\u00e8res ann\u00e9es, et tandis que les services de renseignements de tous les pays europ\u00e9ens alertent sur la mont\u00e9e du terrorisme d\u2019extr\u00eame droite, nous ne pouvons rester passifs et laisser le gouvernement esquiver ses responsabilit\u00e9s.<\/p>\n<p>Anim\u00e9 par la haine et le rejet de l\u2019autre, G\u00e9n\u00e9ration Identitaire, par la nature m\u00eame de ses revendications et de ses actes ne peut avoir sa place dans une d\u00e9mocratie. La France ne peut, et ne doit, laisser une telle impunit\u00e9 continuer de s\u2019installer.\u00a0<\/p>\n<p>Nous sommes extr\u00eamement pr\u00e9occup\u00e9s par la d\u00e9cision rendue par la cour d\u2019appel de Grenoble qui a prononc\u00e9 une relaxe suite \u00e0 l\u2019occupation du col de l\u2019\u00e9chelle comme par celle prononc\u00e9e par la cour d\u2019appel de Lyon, qui elle aussi a fait le choix de relaxer un internaute d\u2019extr\u00eame droite \u00e0 accus\u00e9 d\u2019injures racistes et sexistes \u00e0 l\u2019\u00e9gard d\u2019une journaliste.<\/p>\n<p>Ne rien faire, c\u2019est cautionner. Qu\u2019attend donc G\u00e9rald Darmanin pour dissoudre G\u00e9n\u00e9ration Identitaire ?\u00a0<\/p>\n<p>Il est temps que les pouvoirs publics prennent leurs responsabilit\u00e9s au plus vite et mettent fin aux actes de ce groupuscule fanatique dont les agissements violents sont une menace pour l&#8217;ordre public, la s\u00e9curit\u00e9 des personnes et la coh\u00e9sion r\u00e9publicaine.<\/p>\n<p>Plut\u00f4t que des sourires dans les fourgons de polices, comme ce fut le cas Place de la R\u00e9publique \u00e0 Paris cet \u00e9t\u00e9, nous exigeons que G\u00e9n\u00e9ration Identitaire soit imm\u00e9diatement dissous.<\/p>\n<p><a href=\"https:\/\/www.change.org\/p\/g%C3%A9rald-darmanin-dissolution-immediate-de-g%C3%A9n%C3%A9ration-identitaire?recruiter=1170298533&#038;utm_source=share_petition&#038;utm_medium=copylink&#038;utm_campaign=share_petition\">Pour signer vous aussi, c&#8217;est par ici.<\/a><div id='gallery-1' class='gallery galleryid-12649 gallery-columns-3 gallery-size-thumbnail'><figure class='gallery-item'>\n\t\t\t<div class='gallery-icon landscape'>\n\t\t\t\t<a href='https:\/\/archives.regards.fr\/wp-content\/uploads\/2020\/12\/capture_d_e_cran_2020-12-21_a_10-8b2.33.36.png'><img loading=\"lazy\" decoding=\"async\" width=\"150\" height=\"150\" src=\"https:\/\/archives.regards.fr\/wp-content\/uploads\/2020\/12\/capture_d_e_cran_2020-12-21_a_10-8b2.33.36-150x150.png\" class=\"attachment-thumbnail size-thumbnail\" alt=\"capture_d_e_cran_2020-12-21_a_10.33.36.png\" \/><\/a>\n\t\t\t<\/div><\/figure>\n\t\t<\/div>\n<\/p>\n","protected":false},"excerpt":{"rendered":"<p>Plusieurs personnalit\u00e9s lancent <a href=\"https:\/\/www.change.org\/p\/g%C3%A9rald-darmanin-dissolution-immediate-de-g%C3%A9n%C3%A9ration-identitaire?recruiter=1170298533&#038;utm_source=share_petition&#038;utm_medium=copylink&#038;utm_campaign=share_petition\">une p\u00e9tition<\/a> demandant la dissolution du groupuscule d&#8217;extr\u00eame droite G\u00e9n\u00e9ration Identitaire.<\/p>\n","protected":false},"author":666,"featured_media":30042,"comment_status":"open","ping_status":"open","sticky":false,"template":"","format":"standard","meta":{"_themeisle_gutenberg_block_has_review":false,"footnotes":""},"categories":[278],"tags":[355],"class_list":["post-12649","post","type-post","status-publish","format-standard","has-post-thumbnail","hentry","category-tribunes","tag-extreme-droite"],"_links":{"self":[{"href":"https:\/\/archives.regards.fr\/index.php?rest_route=\/wp\/v2\/posts\/12649","targetHints":{"allow":["GET"]}}],"collection":[{"href":"https:\/\/archives.regards.fr\/index.php?rest_route=\/wp\/v2\/posts"}],"about":[{"href":"https:\/\/archives.regards.fr\/index.php?rest_route=\/wp\/v2\/types\/post"}],"author":[{"embeddable":true,"href":"https:\/\/archives.regards.fr\/index.php?rest_route=\/wp\/v2\/users\/666"}],"replies":[{"embeddable":true,"href":"https:\/\/archives.regards.fr\/index.php?rest_route=%2Fwp%2Fv2%2Fcomments&post=12649"}],"version-history":[{"count":0,"href":"https:\/\/archives.regards.fr\/index.php?rest_route=\/wp\/v2\/posts\/12649\/revisions"}],"wp:featuredmedia":[{"embeddable":true,"href":"https:\/\/archives.regards.fr\/index.php?rest_route=\/wp\/v2\/media\/30042"}],"wp:attachment":[{"href":"https:\/\/archives.regards.fr\/index.php?rest_route=%2Fwp%2Fv2%2Fmedia&parent=12649"}],"wp:term":[{"taxonomy":"category","embeddable":true,"href":"https:\/\/archives.regards.fr\/index.php?rest_route=%2Fwp%2Fv2%2Fcategories&post=12649"},{"taxonomy":"post_tag","embeddable":true,"href":"https:\/\/archives.regards.fr\/index.php?rest_route=%2Fwp%2Fv2%2Ftags&post=12649"}],"curies":[{"name":"wp","href":"https:\/\/api.w.org\/{rel}","templated":true}]}}