{"id":12646,"date":"2020-12-18T13:29:39","date_gmt":"2020-12-18T12:29:39","guid":{"rendered":"https:\/\/wp.muchomaas.com\/article-cedric-herrou-ce-qui-manque-aujourd-hui-dans-la-roya-ce-n-est-ni-des-duvets-ni\/"},"modified":"2023-06-24T00:07:56","modified_gmt":"2023-06-23T22:07:56","slug":"article-cedric-herrou-ce-qui-manque-aujourd-hui-dans-la-roya-ce-n-est-ni-des-duvets-ni","status":"publish","type":"post","link":"https:\/\/archives.regards.fr\/?p=12646","title":{"rendered":"C\u00e9dric Herrou : \u00ab Ce qui manque aujourd&#8217;hui dans la Roya, ce n\u2019est ni des duvets ni des tentes, ce sont des ponts \u00bb"},"content":{"rendered":"<p class=\"post_excerpt\">Agriculteur et auteur de <em>Change ton monde<\/em> aux \u00e9ditions Les Liens qui Lib\u00e8rent, C\u00e9dric Herrou est l&#8217;invit\u00e9 de #LaMidinale.<\/p>\n<h2>UNE MIDINALE \u00c0 VOIR&#8230;<\/h2>\n<p><iframe loading=\"lazy\" width=\"490\" height=\"276\" src=\"https:\/\/www.youtube.com\/embed\/hqMZZRguOe8\" frameborder=\"0\" allow=\"accelerometer; autoplay; clipboard-write; encrypted-media; gyroscope; picture-in-picture\" allowfullscreen><\/iframe><\/p>\n<p>&nbsp;<\/p>\n<p><h2>ET \u00c0 LIRE&#8230;<\/h2>\n<p><em>\u00a0<strong>Sur la \u00ab\u00a0guerre\u00a0\u00bb men\u00e9e par C\u00e9dric Herrou<\/em>\u00a0<\/strong><br \/>\n\u00ab\u00a0Oui, dans une certaine mesure, je suis en guerre : c\u2019est une bataille juridique, une bataille de l\u2019image, une bataille de la parole, une bataille des classes sociales.\u00a0\u00bb<br \/>\n\u00ab\u00a0C\u2019est une bataille de eux contre nous.\u00a0\u00bb<br \/>\n\u00ab\u00a0La migration repr\u00e9sente la pr\u00e9carit\u00e9 et les cons\u00e9quences du n\u00e9olib\u00e9ralisme.\u00a0\u00bb<br \/>\n\u00ab\u00a0Je vois le gouvernement et les politiques s\u2019acharner contre la migration alors que c\u2019est l\u2019embl\u00e8me de la pauvret\u00e9.\u00a0\u00bb<br \/>\n\u00ab\u00a0Les migrants sont le reflet de la gestion politique de notre soci\u00e9t\u00e9.\u00a0\u00bb<\/p>\n<p><em>\u00a0<strong>Sur l\u2019Etat comme ennemi<\/em>\u00a0<\/strong><br \/>\n\u00ab\u00a0L\u2019Etat est repr\u00e9sent\u00e9 par le pr\u00e9fet qui est un employ\u00e9.\u00a0\u00bb<br \/>\n\u00ab\u00a0Le pr\u00e9fet est \u00e0 l\u2019administration ce que le procureur de la R\u00e9publique est \u00e0 la justice.\u00a0\u00bb<br \/>\n\u00ab\u00a0Il y a des directives minist\u00e9rielles qui dit quoi faire au pr\u00e9fet des Alpes Maritimes, notamment de lutter contre la migration.\u00a0Et le pr\u00e9fet, son r\u00f4le, c\u2019est, sur la base de cette ordonnance minist\u00e9rielle, de prendre l\u2019ordre politique et de le rendre l\u00e9gal.\u00a0\u00bb<br \/>\n\u00ab\u00a0Le probl\u00e8me, c\u2019est que l\u2019Etat applique des directives minist\u00e9rielles parfois sans se soucier de la l\u00e9galit\u00e9.\u00a0\u00bb<br \/>\n\u00ab\u00a0Je me bats contre certaines actions de l\u2019Etat mais je ne suis pas pour autant anti-\u00e9tatique.\u00a0\u00bb<br \/>\n\u00ab\u00a0L\u2019Etat agit parfois dans l\u2019ill\u00e9galit\u00e9 : le pr\u00e9fet [des Alpes Maritimes] n\u2019a rien \u00e0 foutre de la justice &#8211; il s\u2019est fait condamner plus de 400 fois.\u00a0\u00bb<br \/>\n\u00ab\u00a0Les proc\u00e9dures de retour \u00e0 la fronti\u00e8re entre la France et l\u2019Italie sont ill\u00e9gales et irr\u00e9guli\u00e8res.\u00a0\u00bb<br \/>\n\u00ab\u00a0M\u00eame certains policiers sont mal-\u00e0-l\u2019aise parce que leurs directives sont ill\u00e9gales.\u00a0\u00bb<\/p>\n<p><em>\u00a0<strong>Sur le rapport \u00e0 la loi<\/em>\u00a0<\/strong><br \/>\n\u00ab\u00a0La loi Asile et Immigration, \u00e7a n\u2019a \u00e9t\u00e9 que du slogan.\u00a0\u00bb<br \/>\n\u00ab\u00a0Sur le terrain, le l\u00e9gal n\u2019existe plus.\u00a0\u00bb<br \/>\n\u00ab\u00a0On est pass\u00e9 de la gestion politique \u00e0 la id\u00e9ologique.\u00a0\u00bb<br \/>\n\u00ab\u00a0Les procureurs ne lisent pas les dossiers : pour eux, l\u2019immigration, c\u2019est ill\u00e9gal. La Convention de Gen\u00e8ve et l\u2019espace Schengen, c\u2019est fuck.\u00a0\u00bb<br \/>\n\u00ab\u00a0J\u2019ai l\u2019impression qu\u2019on a oubli\u00e9 que, depuis 1985, il y a la libre circulation dans l\u2019espace Schengen.\u00a0\u00bb<br \/>\n\u00ab\u00a0On est pass\u00e9 de la lutte contre l\u2019immigration irr\u00e9guli\u00e8re \u00e0 la lutte contre l\u2019immigration tout court \u00e0 la lutte contre les migrants eux-m\u00eames.\u00a0\u00bb<br \/>\n\u00ab\u00a0Toutes les personnes qui sont en Italie et qui veulent rejoindre l\u2019Allemagne, la Belgique ou le Royaume-Uni passent de toutes les mani\u00e8res par la France.\u00a0\u00bb<br \/>\n\u00ab\u00a0On est en train d\u2019ab\u00eemer des gens que l\u2019on devra r\u00e9parer par la suite.\u00a0\u00bb<\/p>\n<p><em>\u00a0<strong>Sur la cons\u00e9cration du principe de fraternit\u00e9 par le Conseil Constitutionnel<\/em>\u00a0<\/strong><br \/>\n\u00ab\u00a0On a fait une une question prioritaire de constitutionnalit\u00e9 : on a demand\u00e9 au Conseil Constitutionnel si le d\u00e9lit de solidarit\u00e9 ne mettait pas en d\u00e9faut notre devise \u201clibert\u00e9, \u00e9galit\u00e9, fraternit\u00e9\u201d sur la question de la fraternit\u00e9 &#8211; et ce notamment parce que la libert\u00e9 avait valeur constitutionnelle.\u00a0\u00bb<br \/>\n\u00ab\u00a0Moi, j\u2019adore aller en proc\u00e8s : le tribunal est un endroit o\u00f9 l\u2019on va s\u2019expliquer face \u00e0 la justice &#8211; et je crois \u00e0 l\u2019ind\u00e9pendance de la justice et des juges.\u00a0\u00bb<\/p>\n<p><em>\u00a0<strong>Sur le doute<\/em>\u00a0<\/strong><br \/>\n\u00ab\u00a0Il est plus facile d\u2019ouvrir sa porte que de la fermer.\u00a0\u00bb<br \/>\n\u00ab\u00a0Les gens qui ouvrent leur porte, ce n\u2019est pas tant une minorit\u00e9 que \u00e7a.\u00a0\u00bb<br \/>\n\u00ab\u00a0Il y a \u00e9norm\u00e9ment d\u2019associations et d\u2019acteurs qui sont solidaires : historiquement, la France n\u2019a jamais \u00e9t\u00e9 aussi solidaire que maintenant.\u00a0\u00bb<br \/>\n\u00ab\u00a0Ce sont les m\u00eames personnes et les m\u00eames structures qui oeuvrent pour les personnes migrantes et les SDF fran\u00e7ais.\u00a0\u00bb<br \/>\n\u00ab\u00a0Les gens ont peur.\u00a0\u00bb<br \/>\n\u00ab\u00a0Combien de temps on parle d\u2019immigration mais combien de temps on donne la parole \u00e0 des personnes qui l\u2019avait v\u00e9cue ?\u00a0\u00bb<br \/>\n\u00ab\u00a0La gestion de la migration n\u2019a jamais \u00e9t\u00e9 aussi terrible.\u00a0\u00bb<br \/>\n\u00ab\u00a0On se sert de la migration pour ne pas parler des vrais probl\u00e8mes.\u00a0\u00bb<\/p>\n<p><em>\u00a0<strong>Sur la relation entre les solidaires-aidants et les personnes en migrations<\/em>\u00a0<\/strong><br \/>\n\u00ab\u00a0Il n\u2019y a pas d\u2019\u00e9galit\u00e9 possible entre nous : on n\u2019est pas du tout dans les m\u00eames enjeux. J\u2019ai des papiers, je parle la langue du pays, je peux ouvrir ma porte. Eux n\u2019ont pas de papiers, ne parlent pas la langue et n\u2019ont pas de maison.\u00a0\u00bb<br \/>\n\u00ab\u00a0Il faut prendre en consid\u00e9ration le fait que l\u2019on n\u2019est, \u00e0 ce moment, \u00e9gaux.\u00a0\u00bb<br \/>\n\u00ab\u00a0Les in\u00e9galit\u00e9s, en France, \u00e7a existe : entre un riche et un pauvre, il n\u2019y a pas d\u2019\u00e9galit\u00e9.\u00a0\u00bb<br \/>\n\u00ab\u00a0La solidarit\u00e9, ce n\u2019est pas la charit\u00e9.\u00a0\u00bb<\/p>\n<p><em>\u00a0<strong>Sur la situation actuelle dans la vall\u00e9e de la Roya<\/em>\u00a0<\/strong><br \/>\n\u00ab\u00a0Le Covid dans la Roya n\u2019existe plus beaucoup dans la mesure o\u00f9 la temp\u00eate Alex nous est arriv\u00e9e sur la gueule\u2026\u00a0\u00bb<br \/>\n\u00ab\u00a0On a besoin de liens sociaux pour continuer \u00e0 exister donc on n\u2019a pas du tout accepter le confinement.\u00a0\u00bb<br \/>\n\u00ab\u00a0Ce qui nous manque actuellement, ce n\u2019est pas des duvets ou des tentes Quechua, ce sont des ponts.\u00a0\u00bb<\/p>\n<p><em>\u00a0<strong>Sur le rapport au gouvernement<\/em>\u00a0<\/strong><br \/>\n\u00ab\u00a0Je n\u2019ai pas de liens avec La R\u00e9publique En Marche mais franchement, j\u2019aimerais bien parce que c\u2019est quand m\u00eame des gens qui sont au pouvoir.\u00a0\u00bb<br \/>\n\u00ab\u00a0Emmanuel Macron n\u2019est pas le pr\u00e9sident des Fran\u00e7ais mais du n\u00e9olib\u00e9ralisme.\u00a0Et il est super fort. \u00bb<br \/>\n\u00ab\u00a0Ils m\u00e9prisent totalement les pauvres\u2026 Mais jusqu\u2019\u00e0 quand ? Quand est-ce qu\u2019il y aura une action sociale d\u2019ampleur ? Jusqu\u2019o\u00f9 la pauvret\u00e9 va se laisser marcher dessus ?\u00a0\u00bb<br \/>\n\u00ab\u00a0Toutes les lois sont restrictives pour les pauvres : ils s\u2019en prennent plein la gueule.\u00a0\u00bb<br \/>\n\u00ab\u00a0Il n\u2019y a jamais eu autant de richesses, jamais eu autant de milliardaires et jamais eu autant de pauvres : on se fout de notre gueule.\u00a0\u00bb<\/p>\n<p><em>\u00a0<strong>Sur la gauche<\/em>\u00a0<\/strong><br \/>\n\u00ab\u00a0J\u2019ai davantage confiance dans les associations que dans les partis politiques.\u00a0\u00bb<br \/>\n\u00ab\u00a0Ce n\u2019est pas que la gauche ne m\u2019int\u00e9resse pas, c\u2019est que la gauche ne s\u2019int\u00e9resse pas \u00e0 moi et \u00e0 mes actions.\u00a0\u00bb<br \/>\n\u00ab\u00a0Je me rappelle en 2016-2017 o\u00f9 il y avait une vraie crise de migrations, il y avait personne.\u00a0Personne ne s\u2019est empar\u00e9 d\u2019un discours fort alors que c\u2019\u00e9tait le devoir de la gauche de se positionner, de discuter et de r\u00e9fl\u00e9chir.\u00a0\u00bb<br \/>\n\u00ab\u00a0J\u2019ai rien contre les Parisiens mais ils ne savent pas ce que c\u2019est qu\u2019une fronti\u00e8re, moi oui (\u2026). Moi, je sais que c\u2019est une connerie de dire qu\u2019il faut fermer les fronti\u00e8res de l\u2019espace Schengen.\u00a0\u00bb<br \/>\n\u00ab\u00a0Dire qu\u2019il faut fermer les fronti\u00e8res, \u00e7a peut \u00eatre un automatisme de facilit\u00e9 : y\u2019a un probl\u00e8me, on va arr\u00eater le probl\u00e8me, on va fermer les fronti\u00e8res. Mais dans ces cas-l\u00e0, j\u2019invite celui qui dit \u00e0 venir se balader avec moi dans la montagne pour voir \u00e0 quoi \u00e7a ressemble et il verra bien que c\u2019est d\u00e9bile, irresponsable, b\u00eate et contreproductif de fermer les fronti\u00e8res.\u00a0\u00bb<br \/>\n\u00ab\u00a0Il y a souvent une lecture trop binaire de la migration : soit tu es pour, soit tu es contre. En fait, c\u2019est plus subtil.\u00a0\u00bb<br \/>\n\u00ab\u00a0Des gens pr\u00eats \u00e0 aller noyer des migrants dans la M\u00e9diterran\u00e9e, \u00e0 part un sociopathe ou un pr\u00e9fet, \u00e7a n\u2019existe pas.\u00a0\u00bb<br \/>\n\u00ab\u00a0Le lien entre la France et les pays \u00e9trangers, c\u2019est aussi gr\u00e2ce \u00e0 l\u2019immigration.\u00a0\u00bb<br \/>\n\u00ab\u00a0Quand il y a un enfant qui pleure, au lieu de le raisonner par la parole et de passer par de l\u2019\u00e9ducation p\u00e9dagogique, il est beaucoup plus simple de lui mettre un smartphone entre les mains et de lui faire regarder un dessin anim\u00e9. La gauche, c\u2019est devenu \u00e7a : au lieu de comprendre, d\u2019expliquer et d\u2019\u00e9changer (par l\u2019\u00e9ducation populaire), on finit par aller au plus simple pour des raisons \u00e9lectoralistes.\u00a0\u00bb<br \/>\n\u00ab\u00a0A force de se morfondre dans un monde n\u00e9olib\u00e9ral parce qu\u2019on a peur que les gens ne comprennent, on finit par lui ressembler.\u00a0\u00bb<br \/>\n\u00ab\u00a0La gauche se fait polluer par le n\u00e9olib\u00e9ralisme.\u00a0\u00bb<br \/>\n\u00ab\u00a0Les \u00e9colos qui ont un discours n\u00e9olib\u00e9ral, c\u2019est pas possible parce qu\u2019on est en train de d\u00e9truire la plan\u00e8te : on ne peut pas continuer \u00e0 consommer comme on le fait.\u00a0\u00bb<br \/>\n\u00ab\u00a0Le probl\u00e8me, c\u2019est qui si on veut prendre la t\u00eate d\u2019un monde n\u00e9olib\u00e9ral, on finit par lui ressembler.\u00a0\u00bb<br \/>\n\u00ab\u00a0On perd les combats id\u00e9ologiques parce qu\u2019on a peur de les perdre.\u00a0\u00bb<br \/>\n\u00ab\u00a0Ce qu\u2019il faut, c\u2019est continuer \u00e0 perdre mais en d\u00e9fendant des id\u00e9es.\u00a0\u00bb<br \/>\n\u00ab\u00a0Le but, ce n\u2019est pas prendre le pouvoir, c\u2019est de d\u00e9fendre des id\u00e9es. Tant pis si elles ne font pas l\u2019unanimit\u00e9\u2026 C\u2019est un peu comme la lutte contre le Front national : pour lutter contre, on finit par appliquer ses id\u00e9es.\u00a0\u00bb<br \/>\n\u00ab\u00a0Je suis d\u00e9\u00e7u par la gauche et je fais partie de ceux qui ne veulent plus aller voter. Je me force \u00e0 chaque fois mais par d\u00e9pit parce qu\u2019ils me gonflent tous\u2026\u00a0\u00bb<div id='gallery-1' class='gallery galleryid-12646 gallery-columns-3 gallery-size-thumbnail'><figure class='gallery-item'>\n\t\t\t<div class='gallery-icon landscape'>\n\t\t\t\t<a href='https:\/\/archives.regards.fr\/wp-content\/uploads\/2020\/12\/screenshot_20201218-142305_chrome-04e.jpg'><img loading=\"lazy\" decoding=\"async\" width=\"150\" height=\"150\" src=\"https:\/\/archives.regards.fr\/wp-content\/uploads\/2020\/12\/screenshot_20201218-142305_chrome-04e-150x150.jpg\" class=\"attachment-thumbnail size-thumbnail\" alt=\"screenshot_20201218-142305_chrome.jpg\" \/><\/a>\n\t\t\t<\/div><\/figure>\n\t\t<\/div>\n<\/p>\n","protected":false},"excerpt":{"rendered":"<p>Agriculteur et auteur de <em>Change ton monde<\/em> aux \u00e9ditions Les Liens qui Lib\u00e8rent, C\u00e9dric Herrou est l&#8217;invit\u00e9 de #LaMidinale.<\/p>\n","protected":false},"author":1204,"featured_media":30040,"comment_status":"open","ping_status":"open","sticky":false,"template":"","format":"standard","meta":{"_themeisle_gutenberg_block_has_review":false,"footnotes":""},"categories":[238],"tags":[293],"class_list":["post-12646","post","type-post","status-publish","format-standard","has-post-thumbnail","hentry","category-la-midinale","tag-entretien"],"_links":{"self":[{"href":"https:\/\/archives.regards.fr\/index.php?rest_route=\/wp\/v2\/posts\/12646","targetHints":{"allow":["GET"]}}],"collection":[{"href":"https:\/\/archives.regards.fr\/index.php?rest_route=\/wp\/v2\/posts"}],"about":[{"href":"https:\/\/archives.regards.fr\/index.php?rest_route=\/wp\/v2\/types\/post"}],"author":[{"embeddable":true,"href":"https:\/\/archives.regards.fr\/index.php?rest_route=\/wp\/v2\/users\/1204"}],"replies":[{"embeddable":true,"href":"https:\/\/archives.regards.fr\/index.php?rest_route=%2Fwp%2Fv2%2Fcomments&post=12646"}],"version-history":[{"count":0,"href":"https:\/\/archives.regards.fr\/index.php?rest_route=\/wp\/v2\/posts\/12646\/revisions"}],"wp:featuredmedia":[{"embeddable":true,"href":"https:\/\/archives.regards.fr\/index.php?rest_route=\/wp\/v2\/media\/30040"}],"wp:attachment":[{"href":"https:\/\/archives.regards.fr\/index.php?rest_route=%2Fwp%2Fv2%2Fmedia&parent=12646"}],"wp:term":[{"taxonomy":"category","embeddable":true,"href":"https:\/\/archives.regards.fr\/index.php?rest_route=%2Fwp%2Fv2%2Fcategories&post=12646"},{"taxonomy":"post_tag","embeddable":true,"href":"https:\/\/archives.regards.fr\/index.php?rest_route=%2Fwp%2Fv2%2Ftags&post=12646"}],"curies":[{"name":"wp","href":"https:\/\/api.w.org\/{rel}","templated":true}]}}