{"id":12641,"date":"2020-12-16T16:17:55","date_gmt":"2020-12-16T15:17:55","guid":{"rendered":"https:\/\/wp.muchomaas.com\/article-michel-larive-ce-qui-participe-a-l-eveil-intellectuel-et-culturel-gene-toujours\/"},"modified":"2023-06-24T00:07:55","modified_gmt":"2023-06-23T22:07:55","slug":"article-michel-larive-ce-qui-participe-a-l-eveil-intellectuel-et-culturel-gene-toujours","status":"publish","type":"post","link":"https:\/\/archives.regards.fr\/?p=12641","title":{"rendered":"Michel Larive : \u00ab Ce qui participe \u00e0 l\u2019\u00e9veil intellectuel et culturel g\u00eane toujours les r\u00e9gimes autoritaires \u00bb"},"content":{"rendered":"<p class=\"post_excerpt\">Les lieux culturels resteront ferm\u00e9s au minimum jusqu&#8217;au 7 janvier prochain. La col\u00e8re s&#8217;installe dans le monde de la culture. Michel Larive, d\u00e9put\u00e9 LFI, membre de la Commission des Affaires culturelles et de l&#8217;\u00e9ducation de l&#8217;Assembl\u00e9e et auteur de <em>Res-publica, res-cultura &#8211; Manifeste pour une politique culturelle<\/em> (\u00e9ditions Bruno Leprince), est l&#8217;invit\u00e9 de #LaMidinale.<\/p>\n<h2>UNE MIDINALE \u00c0 VOIR&#8230;<\/h2>\n<p><iframe loading=\"lazy\" width=\"490\" height=\"276\" src=\"https:\/\/www.youtube.com\/embed\/arTmMjVPhWM\" frameborder=\"0\" allow=\"accelerometer; autoplay; clipboard-write; encrypted-media; gyroscope; picture-in-picture\" allowfullscreen><\/iframe><\/p>\n<p>&nbsp;<\/p>\n<p><h2>ET \u00c0 LIRE&#8230;<\/h2>\n<p><em>\u00a0<strong>Sur la fermeture des lieux culturels<\/em>\u00a0<\/strong><br \/>\n\u00ab\u00a0La fermeture des lieux culturels jusqu\u2019au 7 janvier prochain est incoh\u00e9rente car il n\u2019a pas \u00e9t\u00e9 prouv\u00e9 qu\u2019ils aient \u00e9t\u00e9 des vecteurs de l\u2019\u00e9pid\u00e9mie de Covid.\u00a0\u00bb<br \/>\n\u00ab\u00a0Ce qui participe \u00e0 l\u2019\u00e9veil intellectuel et culturel d\u2019une population g\u00eane toujours les r\u00e9gimes autoritaires.\u00a0\u00bb<br \/>\n\u00ab\u00a0Le gouvernement a peut-\u00eatre peur que les lieux culturels deviennent des agoras contestataires.\u00a0\u00bb<\/p>\n<p><em>\u00a0<strong>Sur les in\u00e9galit\u00e9s de territoire en mati\u00e8re culturelle<\/em>\u00a0<\/strong><br \/>\n\u00ab\u00a0Fermer les salles de spectacle ne fait pas chier que les bourgeois de gauche.\u00a0\u00bb<br \/>\n\u00ab\u00a0Dans mon d\u00e9partement, en Ari\u00e8ge, il n\u2019y a pas un seul b\u00e2timent o\u00f9 il soit \u00e9crit \u201cth\u00e9\u00e2tre\u201d sur le fronton.\u00a0\u00bb<br \/>\n\u00ab\u00a0Toutes les lois sont urbano-centr\u00e9es. La loi sur les directeurs d\u2019\u00e9cole par exemple : on nous dit qu\u2019on va faire une d\u00e9charge d\u2019\u00e9ducation \u00e0 partir de 8 classes dans les \u00e9coles. Mais moi, dans l\u2019Ari\u00e8ge, je ne sais pas si j\u2019en ai 15 des \u00e9coles qui en ont plus de 8 !\u00a0\u00bb<br \/>\n\u00ab\u00a0Des gens de conditions modestes adorent le th\u00e9\u00e2tre et le cin\u00e9ma &#8211; et cette fermeture les emmerde aussi.\u00a0\u00bb<\/p>\n<p><em>\u00a0<strong>Sur les cr\u00e9ateurs, les cr\u00e9atrices et leurs lieux de production et de diffusion<\/em>\u00a0<\/strong><br \/>\n\u00ab\u00a0Des artistes, des cr\u00e9ateurs et des cr\u00e9atrices, il y en a sur tout le territoire national.\u00a0\u00bb<br \/>\n\u00ab\u00a0En Ari\u00e8ge, on a \u00e9norm\u00e9ment de cr\u00e9ateurs et de cr\u00e9atrices qui sont dans des situations tr\u00e8s pr\u00e9caires : 53% des gens qui font de la BD vivent sous le seuil de pauvret\u00e9.\u00a0\u00bb<br \/>\n\u00ab\u00a0Certains artistes vivent de leur travail dans quelques secteurs mais cela reste une \u00e9lite. Et la politique de ce gouvernement, c\u2019est de promouvoir et conforter ces \u00e9lites-l\u00e0.\u00a0\u00bb<br \/>\n\u00ab\u00a0Le d\u00e9faut de salles de spectacle et de cin\u00e9ma sur le territoire est une in\u00e9galit\u00e9 territoriale qui confine \u00e0 la discrimination.\u00a0\u00bb<br \/>\n\u00ab\u00a0J\u2019\u00e9tais pr\u00e9sident d\u2019un festival de th\u00e9\u00e2tre : on \u00e9tait SDF, c\u2019est-\u00e0-dire que l\u2019on allait l\u00e0 o\u00f9 l\u2019on pouvait jouer en s\u2019accommodant de pas mal de choses.\u00a0\u00bb<\/p>\n<p><em>\u00a0<strong>Sur les propositions en mati\u00e8re culturelle<\/em>\u00a0<\/strong><br \/>\n\u00ab\u00a0Je pense que la France insoumise doit promouvoir l\u2019\u00e9galit\u00e9 territoriale en termes de diffusion culturelle et en termes de cr\u00e9ation.\u00a0\u00bb<br \/>\n\u00ab\u00a0Les premiers qu\u2019il faut aider, ce sont les cr\u00e9ateurs.\u00a0\u00bb<br \/>\n\u00ab\u00a0J\u2019ai propos\u00e9 une loi pour cr\u00e9er un fonds d\u2019aide \u00e0 la cr\u00e9ation artistique o\u00f9 l\u2019on donnait des subsides pendant 3 mois par an. Les recettes \u00e9taient r\u00e9cup\u00e9r\u00e9es sur les oeuvres publiques tomb\u00e9es dans le domaine public : on prenait 1% sur le b\u00e9n\u00e9fice d\u2019une d\u00e9marche lucrative de d\u00e9monstration d\u2019une oeuvre.\u00a0\u00bb<br \/>\n\u00ab\u00a0Il faut cr\u00e9er un statut social des cr\u00e9ateurs. Sans cr\u00e9ateur, pas de diffusion, pas de transmission, pas de m\u00e9moire, pas de perspective, pas de cr\u00e9ation.\u00a0\u00bb<\/p>\n<p><em>\u00a0<strong>Sur l&#8217;art tel qu&#8217;il est aujourd&#8217;hui<\/em>\u00a0<\/strong><br \/>\n\u00ab\u00a0Ce n\u2019est pas \u00e0 moi d\u00e9cider qui est artiste ou non.\u00a0\u00bb<br \/>\n\u00ab\u00a0Ce sont aux \u201cusagers de l\u2019art\u201d, c\u2019est-\u00e0-dire ceux qui regardent et \u00e9coutent, associ\u00e9s aux artistes eux-m\u00eames qui d\u00e9cident dans un consensus soci\u00e9tal.\u00a0\u00bb<br \/>\n\u00ab\u00a0L\u2019apport des cr\u00e9ateurs dans la construction de nos soci\u00e9t\u00e9s est incommensurable.\u00a0\u00bb<br \/>\n\u00ab\u00a0L\u2019art devient culturel \u00e0 partir du moment o\u00f9 il est transmis, diffus\u00e9 et inscrit dans la m\u00e9moire.\u00a0\u00bb<br \/>\n\u00ab\u00a0Il faut un dispositif d\u2019aides aux jeunes artistes qui d\u00e9marrent.\u00a0\u00bb<br \/>\n\u00ab\u00a0Le probl\u00e8me de la cr\u00e9ation et de l\u2019art aujourd\u2019hui, ce n\u2019est pas une question d\u2019argent, c\u2019est qu\u2019on parle maintenant d\u2019industries culturelles.\u00a0\u00bb<br \/>\n\u00ab\u00a0L\u2019entertainment, c\u2019est poser les bases d\u2019une valeur \u00e9conomique de l\u2019art.\u00a0\u00bb<br \/>\n\u00ab\u00a0La qualit\u00e9 de l\u2019art est trop souvent signifi\u00e9 par l\u2019argent qu\u2019il va rapporter.\u00a0\u00bb<br \/>\n\u00ab\u00a0Les politiques publiques devraient essayer de d\u00e9connecter l\u2019art du march\u00e9.\u00a0\u00bb<br \/>\n\u00ab\u00a0La culture, au m\u00eame titre que la sant\u00e9 ou l\u2019\u00e9ducation, est un droit.\u00a0\u00bb<div id='gallery-1' class='gallery galleryid-12641 gallery-columns-3 gallery-size-thumbnail'><figure class='gallery-item'>\n\t\t\t<div class='gallery-icon landscape'>\n\t\t\t\t<a href='https:\/\/archives.regards.fr\/wp-content\/uploads\/2020\/12\/capture_d_e_cran_2020-12-16_a_16-da2.12.32.png'><img loading=\"lazy\" decoding=\"async\" width=\"150\" height=\"150\" src=\"https:\/\/archives.regards.fr\/wp-content\/uploads\/2020\/12\/capture_d_e_cran_2020-12-16_a_16-da2.12.32-150x150.png\" class=\"attachment-thumbnail size-thumbnail\" alt=\"capture_d_e_cran_2020-12-16_a_16.12.32.png\" \/><\/a>\n\t\t\t<\/div><\/figure>\n\t\t<\/div>\n<\/p>\n","protected":false},"excerpt":{"rendered":"<p>Les lieux culturels resteront ferm\u00e9s au minimum jusqu&#8217;au 7 janvier prochain. La col\u00e8re s&#8217;installe dans le monde de la culture. Michel Larive, d\u00e9put\u00e9 LFI, membre de la Commission des Affaires culturelles et de l&#8217;\u00e9ducation de l&#8217;Assembl\u00e9e et auteur de <em>Res-publica, res-cultura &#8211; Manifeste pour une politique culturelle<\/em> (\u00e9ditions Bruno Leprince), est l&#8217;invit\u00e9 de #LaMidinale.<\/p>\n","protected":false},"author":1204,"featured_media":30034,"comment_status":"open","ping_status":"open","sticky":false,"template":"","format":"standard","meta":{"_themeisle_gutenberg_block_has_review":false,"footnotes":""},"categories":[238],"tags":[293],"class_list":["post-12641","post","type-post","status-publish","format-standard","has-post-thumbnail","hentry","category-la-midinale","tag-entretien"],"_links":{"self":[{"href":"https:\/\/archives.regards.fr\/index.php?rest_route=\/wp\/v2\/posts\/12641","targetHints":{"allow":["GET"]}}],"collection":[{"href":"https:\/\/archives.regards.fr\/index.php?rest_route=\/wp\/v2\/posts"}],"about":[{"href":"https:\/\/archives.regards.fr\/index.php?rest_route=\/wp\/v2\/types\/post"}],"author":[{"embeddable":true,"href":"https:\/\/archives.regards.fr\/index.php?rest_route=\/wp\/v2\/users\/1204"}],"replies":[{"embeddable":true,"href":"https:\/\/archives.regards.fr\/index.php?rest_route=%2Fwp%2Fv2%2Fcomments&post=12641"}],"version-history":[{"count":0,"href":"https:\/\/archives.regards.fr\/index.php?rest_route=\/wp\/v2\/posts\/12641\/revisions"}],"wp:featuredmedia":[{"embeddable":true,"href":"https:\/\/archives.regards.fr\/index.php?rest_route=\/wp\/v2\/media\/30034"}],"wp:attachment":[{"href":"https:\/\/archives.regards.fr\/index.php?rest_route=%2Fwp%2Fv2%2Fmedia&parent=12641"}],"wp:term":[{"taxonomy":"category","embeddable":true,"href":"https:\/\/archives.regards.fr\/index.php?rest_route=%2Fwp%2Fv2%2Fcategories&post=12641"},{"taxonomy":"post_tag","embeddable":true,"href":"https:\/\/archives.regards.fr\/index.php?rest_route=%2Fwp%2Fv2%2Ftags&post=12641"}],"curies":[{"name":"wp","href":"https:\/\/api.w.org\/{rel}","templated":true}]}}