{"id":12636,"date":"2020-12-15T12:01:24","date_gmt":"2020-12-15T11:01:24","guid":{"rendered":"https:\/\/wp.muchomaas.com\/article-culture-nous-devons-mener-des-actions-de-desobeissance-civile-pour-entrer-en\/"},"modified":"2023-06-24T00:07:40","modified_gmt":"2023-06-23T22:07:40","slug":"article-culture-nous-devons-mener-des-actions-de-desobeissance-civile-pour-entrer-en","status":"publish","type":"post","link":"https:\/\/archives.regards.fr\/?p=12636","title":{"rendered":"Culture : \u00ab\u00a0Nous devons mener des actions de d\u00e9sob\u00e9issance civile pour entrer en r\u00e9sistance et gagner \u00bb"},"content":{"rendered":"<p class=\"post_excerpt\">Ce mardi midi, des rassemblements sont organis\u00e9s partout en France pour dire non au <em>\u00ab sacrifice de la culture \u00bb<\/em>. Samuel Churin, com\u00e9dien et animateur de la Coordination des Intermittents et des Pr\u00e9caires, est l&#8217;invit\u00e9 de #LaMidinale.<\/p>\n<h2>UNE MIDINALE \u00c0 VOIR&#8230;<\/h2>\n<p><iframe loading=\"lazy\" width=\"490\" height=\"276\" src=\"https:\/\/www.youtube.com\/embed\/ATh7rUblHqs\" frameborder=\"0\" allow=\"accelerometer; autoplay; clipboard-write; encrypted-media; gyroscope; picture-in-picture\" allowfullscreen><\/iframe><\/p>\n<p>&nbsp;<\/p>\n<p><h2>ET \u00c0 LIRE&#8230;<\/h2>\n<p><em>\u00a0<strong>Sur la fermeture des lieux de culture<\/em>\u00a0<\/strong><br \/>\n\u00ab\u00a0Ca fait quinze jours que j\u2019ai envie de r\u00e9agir, depuis que j\u2019ai vu qu\u2019avec les commerces, les \u00e9glises \u00e9taient rouvertes.\u00a0\u00bb<br \/>\n\u00ab\u00a0Jean Castex, en se servant de la peur des attentats et de l\u2019islamisme radical, avance son projet assez monstrueux de loi sur le s\u00e9paratisme en ne cessant de prononcer le mot de la\u00efcit\u00e9.\u00a0Et d\u00e8s le lendemain, de mani\u00e8re tr\u00e8s claire, le m\u00eame Jean Castex interdit les rassemblements la\u00efcs tout en autorisant les rassemblements religieux.\u00a0Le symbole est tr\u00e8s fort.\u00a0\u00bb<br \/>\n\u00ab\u00a0En tout point, on peut comparer un rassemblement la\u00efc au th\u00e9\u00e2tre et un rassemblement religieux dans une \u00e9glise : il y a distanciation sociale, des masques et on regarde dans le m\u00eame sens.\u00a0\u00bb<\/p>\n<p><em>\u00a0<strong>Sur le r\u00e9f\u00e9r\u00e9-libert\u00e9 sur la question de la r\u00e9ouverture des salles de spectacle et de cin\u00e9ma<\/em>\u00a0<\/strong><br \/>\n\u00ab\u00a0Ce qui est int\u00e9ressant dans l\u2019interpellation du Conseil d\u2019Etat, c\u2019est de se demander en quoi Brad Pitt serait plus dangereux qu\u2019un pr\u00eatre ? En quoi assister au r\u00e9cit d\u2019un homme nomm\u00e9 J\u00e9sus comme il va y avoir \u00e0 No\u00ebl avec des \u00e9glises tr\u00e8s remplies est moins dangereux qu\u2019assister au r\u00e9cit d\u2019un homme nomm\u00e9 Tartuffe ?\u00a0\u00bb<br \/>\n\u00ab\u00a0Pour le Conseil d\u2019Etat, souvent comparaison vaut raison. L\u2019\u00e9quit\u00e9 est un principe tr\u00e8s retenu.\u00a0\u00bb<br \/>\n\u00ab\u00a0Entre une \u00e9glise et un lieu de spectacle, la seule chose qui diff\u00e8re, c\u2019est la source.\u00a0\u00bb<\/p>\n<p><em>\u00a0<strong>Sur le choix politique de fermer les th\u00e9\u00e2tres<\/em>\u00a0<\/strong><br \/>\n\u00ab\u00a0Je ne sais pas si c\u2019est aussi volontaire que \u00e7a de la part du gouvernement. Mais ce qui est s\u00fbr, c\u2019est que nous sommes des lieux de contestation.\u00a0\u00bb<br \/>\n\u00ab\u00a0Il est certain que le gouvernement doit se dire que, dans les choix \u00e0 faire, il vaut mieux pr\u00e9server le commerce avant No\u00ebl.\u00a0Pas les th\u00e9\u00e2tres ou les cin\u00e9mas.\u00a0\u00bb<br \/>\n\u00ab\u00a0Cela d\u00e9montre une volont\u00e9 de d\u00e9velopper une soci\u00e9t\u00e9 mercantile.\u00a0\u00bb<br \/>\n\u00ab\u00a0Le choix de laisser fermer les th\u00e9\u00e2tres et cin\u00e9mas est un choix politique.\u00a0\u00bb<br \/>\n\u00ab\u00a0Je pense que le gouvernement a d\u00e9lib\u00e9r\u00e9ment choisi l\u2019arbitrage marchand.\u00a0\u00bb<br \/>\n\u00ab\u00a0Le fait de faire all\u00e9geance \u00e0 l\u2019\u00e9glise et de ne pas faire all\u00e9geance aux lieux de culture est un symbole puissant pour un gouvernement qui se revendique h\u00e9ritier des Lumi\u00e8res.\u00a0\u00bb<\/p>\n<p><em>\u00a0<strong>Sur le caract\u00e8re essentiel de la culture<\/em>\u00a0<\/strong><br \/>\n\u00ab\u00a0La culture, c\u2019est hyper important mais moi, homme de culture, je ne pr\u00e9tends pas que c\u2019est le plus important.\u00a0\u00bb<br \/>\n\u00ab\u00a0J\u2019ai beaucoup de mal avec la question du caract\u00e8re essentiel de la culture : tout le monde est essentiel.\u00a0\u00bb<br \/>\n\u00ab\u00a0Je pense qu\u2019il n\u2019y a pas assez de solidarit\u00e9 en g\u00e9n\u00e9ral : nous ne pouvons pas reprocher aux autres de ne pas \u00eatre solidaires quand nous autres le sommes si peu avec nos semblables.\u00a0\u00bb<br \/>\n\u00ab\u00a0Par exemple, sur l\u2019assurance-ch\u00f4mage : les intermittents du spectacle sont les seuls \u00e0 avoir obtenu une ann\u00e9e blanche. Et ils sont un peu vite rentr\u00e9s chez eux apr\u00e8s cette victoire en oubliant que d\u2019autres intermittents de l\u2019emploi qui ont exactement la m\u00eame discontinuit\u00e9 de l\u2019emploi que nous, n\u2019en ont pas b\u00e9n\u00e9fici\u00e9 (ceux de la restauration, de l\u2019h\u00f4tellerie, de l\u2019\u00e9v\u00e9nementiel\u2026). Nous savons nous, gens de spectacle, \u00e0 quel point l\u2019assurance-ch\u00f4mage est essentielle dans nos vie. Nous pouvons intimement comprendre \u00e0 quel point il aurait du \u00eatre important de le d\u00e9fendre pour tous. Je regrette que peu d\u2019entre nous aient d\u00e9fendu \u00e7a.\u00a0\u00bb<\/p>\n<p><em>\u00a0<strong>Sur la culture et les loisirs<\/em>\u00a0<\/strong><br \/>\n\u00ab\u00a0Je ne mets pas cela au m\u00eame niveau mais ce sont des notions tr\u00e8s intimes.\u00a0\u00bb<br \/>\n\u00ab\u00a0Je ne place pas l\u2019oeuvre d\u2019art au m\u00eame niveau qu\u2019un loisir de consommation courante.\u00a0\u00bb<br \/>\n\u00ab\u00a0Aller \u00e9couter Hamlet au th\u00e9\u00e2tre, cela peut \u00eatre un loisir.\u00a0\u00bb<br \/>\n\u00ab\u00a0Ce n\u2019est pas idiot ni fou de laisser les lieux de culture ferm\u00e9s s\u2019il y a n\u00e9cessit\u00e9.\u00a0\u00bb<br \/>\n\u00ab\u00a0Je ne consid\u00e8re pas la culture comme au-dessus d\u2019une autre activit\u00e9.\u00a0\u00bb<br \/>\n\u00ab\u00a0Je pense que c\u2019est une erreur de communication de faire croire que nous serions au-dessus du lot et que nous devrions exister malgr\u00e9 tout.\u00a0\u00bb<\/p>\n<p><em>\u00a0<strong>Sur la d\u00e9sob\u00e9issance civile<\/em>\u00a0<\/strong><br \/>\n\u00ab\u00a0Il faut augmenter le rapport de force.\u00a0\u00bb<br \/>\n\u00ab\u00a0Les p\u00e9titions et les manifestations ne suffisent pas : toutes les grandes victoires obtenues par les intermittents, ils les ont obtenu par de la d\u00e9sob\u00e9issance civile, c\u2019est-\u00e0-dire des occupations ill\u00e9gales.\u00a0\u00bb<br \/>\n\u00ab\u00a0Pour moi, l\u2019offensive juridique par le Conseil d\u2019Etat, c\u2019est offensif.\u00a0\u00bb<br \/>\n\u00ab\u00a0Des actions de d\u00e9sob\u00e9issance civile doivent \u00eatre mises en place car nous ne gagnerons pas si nous n\u2019entrons pas en r\u00e9sistance.\u00a0\u00bb<div id='gallery-1' class='gallery galleryid-12636 gallery-columns-3 gallery-size-thumbnail'><figure class='gallery-item'>\n\t\t\t<div class='gallery-icon landscape'>\n\t\t\t\t<a href='https:\/\/archives.regards.fr\/wp-content\/uploads\/2020\/12\/capture_d_e_cran_2020-12-15_a_11-d38.59.04.png'><img loading=\"lazy\" decoding=\"async\" width=\"150\" height=\"150\" src=\"https:\/\/archives.regards.fr\/wp-content\/uploads\/2020\/12\/capture_d_e_cran_2020-12-15_a_11-d38.59.04-150x150.png\" class=\"attachment-thumbnail size-thumbnail\" alt=\"capture_d_e_cran_2020-12-15_a_11.59.04.png\" \/><\/a>\n\t\t\t<\/div><\/figure>\n\t\t<\/div>\n<\/p>\n","protected":false},"excerpt":{"rendered":"<p>Ce mardi midi, des rassemblements sont organis\u00e9s partout en France pour dire non au <em>\u00ab sacrifice de la culture \u00bb<\/em>. Samuel Churin, com\u00e9dien et animateur de la Coordination des Intermittents et des Pr\u00e9caires, est l&#8217;invit\u00e9 de #LaMidinale.<\/p>\n","protected":false},"author":1204,"featured_media":30024,"comment_status":"open","ping_status":"open","sticky":false,"template":"","format":"standard","meta":{"_themeisle_gutenberg_block_has_review":false,"footnotes":""},"categories":[238],"tags":[293],"class_list":["post-12636","post","type-post","status-publish","format-standard","has-post-thumbnail","hentry","category-la-midinale","tag-entretien"],"_links":{"self":[{"href":"https:\/\/archives.regards.fr\/index.php?rest_route=\/wp\/v2\/posts\/12636","targetHints":{"allow":["GET"]}}],"collection":[{"href":"https:\/\/archives.regards.fr\/index.php?rest_route=\/wp\/v2\/posts"}],"about":[{"href":"https:\/\/archives.regards.fr\/index.php?rest_route=\/wp\/v2\/types\/post"}],"author":[{"embeddable":true,"href":"https:\/\/archives.regards.fr\/index.php?rest_route=\/wp\/v2\/users\/1204"}],"replies":[{"embeddable":true,"href":"https:\/\/archives.regards.fr\/index.php?rest_route=%2Fwp%2Fv2%2Fcomments&post=12636"}],"version-history":[{"count":0,"href":"https:\/\/archives.regards.fr\/index.php?rest_route=\/wp\/v2\/posts\/12636\/revisions"}],"wp:featuredmedia":[{"embeddable":true,"href":"https:\/\/archives.regards.fr\/index.php?rest_route=\/wp\/v2\/media\/30024"}],"wp:attachment":[{"href":"https:\/\/archives.regards.fr\/index.php?rest_route=%2Fwp%2Fv2%2Fmedia&parent=12636"}],"wp:term":[{"taxonomy":"category","embeddable":true,"href":"https:\/\/archives.regards.fr\/index.php?rest_route=%2Fwp%2Fv2%2Fcategories&post=12636"},{"taxonomy":"post_tag","embeddable":true,"href":"https:\/\/archives.regards.fr\/index.php?rest_route=%2Fwp%2Fv2%2Ftags&post=12636"}],"curies":[{"name":"wp","href":"https:\/\/api.w.org\/{rel}","templated":true}]}}