{"id":12634,"date":"2020-12-14T16:42:02","date_gmt":"2020-12-14T15:42:02","guid":{"rendered":"https:\/\/wp.muchomaas.com\/article-esther-benbasse-il-faut-en-finir-avec-les-tests-osseux-qui-bafouent-les-droits\/"},"modified":"2023-06-24T00:07:37","modified_gmt":"2023-06-23T22:07:37","slug":"article-esther-benbasse-il-faut-en-finir-avec-les-tests-osseux-qui-bafouent-les-droits","status":"publish","type":"post","link":"https:\/\/archives.regards.fr\/?p=12634","title":{"rendered":"Esther Benbassa : \u00ab Il faut en finir avec les tests osseux qui bafouent les droits des enfants \u00bb"},"content":{"rendered":"<p class=\"post_excerpt\">Elle vient de d\u00e9poser une proposition de loi pour interdire le recours aux tests osseux pour d\u00e9terminer si un jeune migrant est mineur ou majeur. La s\u00e9natrice EELV, vice-pr\u00e9sidente du groupe \u00e9cologiste au S\u00e9nat, Esther Benbassa est l&#8217;invit\u00e9e de #LaMidinale.<\/p>\n<h2>UNE MIDINALE \u00c0 VOIR&#8230;<\/h2>\n<p><iframe loading=\"lazy\" width=\"490\" height=\"276\" src=\"https:\/\/www.youtube.com\/embed\/I7qztva7c-0\" frameborder=\"0\" allow=\"accelerometer; autoplay; clipboard-write; encrypted-media; gyroscope; picture-in-picture\" allowfullscreen><\/iframe><\/p>\n<p>&nbsp;<\/p>\n<p><h2>ET \u00c0 LIRE&#8230;<\/h2>\n<p><em>\u00a0<strong>Sur la proposition de loi contre les tests osseux<\/em>\u00a0<\/strong><br \/>\n\u00ab\u00a0Le 18 d\u00e9cembre, c\u2019est la journ\u00e9e internationale des migrants.\u00a0\u00bb<br \/>\n\u00ab\u00a0Les tests osseux sont anticonstitutionnels car les droits de l\u2019enfants doivent primer.\u00a0\u00bb<br \/>\n\u00ab\u00a0On fait les tests osseux d\u2019une mani\u00e8re cavali\u00e8re lorsqu\u2019au tribunal, on pense qu\u2019un enfant n\u2019est pas mineur.\u00a0\u00bb<br \/>\n\u00ab\u00a0Un test osseux est une radiographie de la main gauche et de son poignet. On compare ensuite avec l\u2019atlas de Greulich et Pyle qui a mod\u00e9lis\u00e9 des squelettes de jeunes am\u00e9ricains caucasiens de milieux ais\u00e9s dans les ann\u00e9es 30 et 40.\u00a0Ce test ne correspond pas aux personnes subsahariennes.\u00a0\u00bb<br \/>\n\u00ab\u00a0Les tests osseux ont une marge d\u2019erreur importante, entre un et deux ans\u2026\u00a0\u00bb<br \/>\n\u00ab\u00a0On fait des tests parce qu\u2019on ne veut pas, dans des d\u00e9partements, se charger des mineurs qui coutent de l\u2019argent \u00e0 l\u2019Aide Sociale \u00e0 l\u2019Enfance (ASE).\u00a0\u00bb<br \/>\n\u00ab\u00a0Si le jeune est d\u00e9clar\u00e9 majeur, il est renvoy\u00e9 dans la rue ou bien il a une OQTF (Obligation de Quitter le Territoire Fran\u00e7ais).\u00a0\u00bb<\/p>\n<p><em>\u00a0<strong>Sur les alternatives aux tests osseux<\/em>\u00a0<\/strong><br \/>\n\u00ab\u00a0Souvent, m\u00eame si un jeune a des papiers, on lui dit au tribunal que ce sont des papiers falsifi\u00e9s.\u00a0\u00bb<br \/>\n\u00ab\u00a0Le plus souvent, \u00e0 cause de la fa\u00e7on dont ils sont arriv\u00e9s jusqu\u2019en France, ces jeunes ont perdu leurs papiers d\u2019identit\u00e9 &#8211; ou dans l\u2019embarcation, en traversant les fronti\u00e8res, ou parce que dans leur pays d\u2019origine, il n\u2019y a pas d\u2019enregistrement \u00e0 la naissance.\u00a0\u00bb<br \/>\n\u00ab\u00a0Il y a aussi parfois des \u00e9chographies des attributs sexuels des jeunes filles et des jeunes hommes.\u00a0\u00bb<br \/>\n\u00ab\u00a0Dans des pays comme l\u2019Angleterre ou l\u2019Australie, on ne pratique plus de tests osseux : on utilise une m\u00e9thode holistique, c\u2019est-\u00e0-dire que l\u2019on discute avec la personne, on \u00e9tudie sa vie pass\u00e9e, son itin\u00e9raire, son histoire, son appartenance communautaire, son \u00e9ducation\u2026 pour d\u00e9cider comme la ou le prendre en charge. En France, d\u00e9terminer si quelqu\u2019un est mineur ou non, c\u2019est juste pour savoir s\u2019il coutera ou non de l\u2019argent au d\u00e9partement.\u00a0\u00bb<\/p>\n<p><em>\u00a0<strong>Sur la prise en charge des mineurs exil\u00e9s<\/em>\u00a0<\/strong><br \/>\n\u00ab\u00a0Je suis pour qu\u2019on se dise d\u2019abord que quelqu\u2019un mineur et que peut-\u00eatre il est majeur.\u00a0\u00bb<br \/>\n\u00ab\u00a0La radiographie de la main doit obtenir le consentement de la personne. L\u00e0, on parle de mineur isol\u00e9, qui ne parle parfois pas fran\u00e7ais, qui sont en France depuis souvent moins de six mois, et on parle de consentement\u2026\u00a0\u00bb<br \/>\n\u00ab\u00a0Si un jeune n\u2019accepte pas le test osseux, on va consid\u00e9rer automatiquement qu\u2019il est majeur.\u00a0\u00bb<br \/>\n\u00ab\u00a0En soi, les tests osseux sont anticonstitutionnels : dans notre pays, toutes les libert\u00e9s et les droits doivent \u00eatre respect\u00e9s.\u00a0\u00bb<\/p>\n<p><em>\u00a0<strong>Sur la France et l\u2019accueil des migrants<\/em>\u00a0<\/strong><br \/>\n\u00ab\u00a0La CNCDH, le D\u00e9fenseur des Droits, des associations, des ONG n\u2019acceptent pas les tests osseux.\u00a0\u00bb<br \/>\n\u00ab\u00a0Nous avons un probl\u00e8me avec l\u2019accueil des migrants.\u00a0Et les tests osseux sont une illustration de ce mauvais accueil.\u00a0\u00bb<br \/>\n\u00ab\u00a0La Constitution demande le respect de la dignit\u00e9 des \u00eatres humains : ce n\u2019est pas parce que l\u2019on est un migrant ou \u00e9tranger que l\u2019on n\u2019a pas le droit \u00e0 ce respect.\u00a0\u00bb<\/p>\n<p><em>\u00a0<strong>Sur la gauche et les tests osseux<\/em>\u00a0<\/strong><br \/>\n\u00ab\u00a0Je ne crois pas que la gauche soit d\u00e9sunie sur le sujet : peu de gens sont pour les tests osseux.\u00a0\u00bb<br \/>\n\u00ab\u00a0Il peut y avoir aussi des Pr\u00e9sidents de conseils d\u00e9partementaux, qui peuvent \u00eatre socialistes, qui soient pour les tests osseux.\u00a0\u00bb<br \/>\n\u00ab\u00a0Fran\u00e7ois Hollande, sur les questions d\u2019immigration, n\u2019\u00e9tait pas un grand lib\u00e9ral au sens am\u00e9ricain du terme (\u2026) Il y a eu aussi la d\u00e9ch\u00e9ance de nationalit\u00e9\u2026\u00a0\u00bb<\/p>\n<p><em>\u00a0<strong>Sur la r\u00e9gularisation des sans-papiers<\/em>\u00a0<\/strong><br \/>\n\u00ab\u00a0On entre en p\u00e9riode d\u2019\u00e9lection et la droite comme l\u2019extr\u00eame droite misent sur le principe anti-migratoire.\u00a0Le gouvernement actuel a bifurqu\u00e9 en ce sens pour gagner leurs \u00e9lecteurs.\u00a0\u00bb<br \/>\n\u00ab\u00a0Les gens peuvent avoir des acc\u00e8s de col\u00e8re lorsqu\u2019ils voient des migrants dormir au pied de leur immeuble. C\u2019est humain\u2026 mais le probl\u00e8me, c\u2019est que l\u2019on cultive ce rejet.\u00a0\u00bb<br \/>\n\u00ab\u00a0Si on avait bien accueilli et que les gens \u00e9taient dans des centres d\u2019h\u00e9bergement, il n\u2019y aurait pas de gens au pied des immeubles !\u00a0Et le rejet ne serait pas du tout du m\u00eame acabit. \u00bb<br \/>\n\u00ab\u00a0Il y a quinze jours, nous sommes all\u00e9s visiter le Centre de r\u00e9tention administrative (CRA) de Plaisir : ils y ont rassembl\u00e9 que des malades de la Covid.\u00a0C\u2019est d\u00e9ment de penser que l\u2019on concentre les malades ensemble en les faisant venir d\u2019autres CRA.\u00a0\u00bb<br \/>\n\u00ab\u00a0Le probl\u00e8me, c\u2019est que nous voulons dissuader les gens de venir en France.\u00a0\u00bb<br \/>\n\u00ab\u00a0Moi-m\u00eame, je suis immigr\u00e9e et je le sais : rien ne peut dissuader quelqu\u2019un qui veut immigrer. Vous pouvez mettre la police partout, vous pouvez les faire dormir dans la rue\u2026\u00a0\u00bb<br \/>\n\u00ab\u00a0Je comprends que l\u2019on veuille rationaliser l\u2019immigration. C\u2019est vrai que le nombre de mineurs migrants \u00e0 augmenter consid\u00e9rablement ces derni\u00e8res ann\u00e9es. Mais est-ce que c\u2019est une solution de poursuivre ces gens puisqu\u2019ils reviennent ? Ne peut-on pas faire comme l\u2019Allemagne qui a pris en consid\u00e9ration son histoire avec le nazisme et a accueilli plus d\u2019un million de r\u00e9fugi\u00e9s ?\u00a0\u00bb<br \/>\n\u00ab\u00a0Dans les CRA, j\u2019ai vu des gens qui vivaient depuis 8 ou 9 ans en France, qui \u00e9taient mari\u00e9s, qui avaient des enfants, qui avaient un travail au noir.\u00a0\u00bb<\/p>\n<p><em>\u00a0<strong>Sur la la\u00efcit\u00e9<\/em>\u00a0<\/strong><br \/>\n\u00ab\u00a0Je suis historienne et pour moi, la la\u00efcit\u00e9, c\u2019est la loi de 1905. Mais la version d\u2019Aristide Briand, c\u2019est-\u00e0-dire le respect des cultes. Et ce n\u2019est pas celle du petit p\u00e8re Combes comme on l\u2019appelle vulgairement.\u00a0Quand on \u00e9coute les d\u00e9batteurs, on a l\u2019impression que c\u2019est la version la\u00efciste de ce dernier qui a gagn\u00e9 &#8211; et ce n\u2019est pas vrai.\u00a0\u00bb<br \/>\n\u00ab\u00a0La la\u00efcit\u00e9, c\u2019\u00e9tait un combat contre une religion dominante alors que maintenant, on est en train de faire un texte contre les musulmans.\u00a0\u00bb<br \/>\n\u00ab\u00a0Je ne sais pas si la population fait bien la distinction entre musulmans et islamises\u2026 Nous sommes tous contre l\u2019islamisme politique ou le terrorisme. Nous sommes pour la libert\u00e9 des femmes. Mais, du jour au lendemain, nous sommes devenus des islamogauchistes sans que cela ne veuille rien dire.\u00a0\u00bb<br \/>\n\u00ab\u00a0Il faut revenir \u00e0 la version de la la\u00efcit\u00e9 que d\u00e9fend Jean Baub\u00e9rot : une la\u00efcit\u00e9 ouverte qui ne soit pas une religion. Or on glisse vers le la\u00efcisme pour montrer que l\u2019on combat le terrorisme. Or ce n\u2019est pas avec la la\u00efcit\u00e9 que l\u2019on combat le terrorisme.\u00a0\u00bb<br \/>\n\u00ab\u00a0Toutes les lois liberticides arrivent en pleine pand\u00e9mie.\u00a0\u00bb<\/p>\n<p><em>\u00a0<strong>Sur la construction de l\u2019alternative<\/em>\u00a0<\/strong><br \/>\n\u00ab\u00a0J\u2019aurais bien voulu qu\u2019on soit en train d\u2019organiser une alternative pour 2022.\u00a0\u00bb<br \/>\n\u00ab\u00a0Je suis d\u00e9\u00e7ue par les querelles de la gauche.\u00a0\u00bb<br \/>\n\u00ab\u00a0J\u2019ai vu comment, aux \u00e9lections partielles, on s\u2019est battu entre nous.\u00a0\u00bb<div id='gallery-1' class='gallery galleryid-12634 gallery-columns-3 gallery-size-thumbnail'><figure class='gallery-item'>\n\t\t\t<div class='gallery-icon landscape'>\n\t\t\t\t<a href='https:\/\/archives.regards.fr\/wp-content\/uploads\/2020\/12\/capture_d_e_cran_2020-12-14_a_16-52e.11.28.png'><img loading=\"lazy\" decoding=\"async\" width=\"150\" height=\"150\" src=\"https:\/\/archives.regards.fr\/wp-content\/uploads\/2020\/12\/capture_d_e_cran_2020-12-14_a_16-52e.11.28-150x150.png\" class=\"attachment-thumbnail size-thumbnail\" alt=\"capture_d_e_cran_2020-12-14_a_16.11.28.png\" \/><\/a>\n\t\t\t<\/div><\/figure>\n\t\t<\/div>\n<\/p>\n","protected":false},"excerpt":{"rendered":"<p>Elle vient de d\u00e9poser une proposition de loi pour interdire le recours aux tests osseux pour d\u00e9terminer si un jeune migrant est mineur ou majeur. La s\u00e9natrice EELV, vice-pr\u00e9sidente du groupe \u00e9cologiste au S\u00e9nat, Esther Benbassa est l&#8217;invit\u00e9e de #LaMidinale.<\/p>\n","protected":false},"author":1204,"featured_media":30020,"comment_status":"open","ping_status":"open","sticky":false,"template":"","format":"standard","meta":{"_themeisle_gutenberg_block_has_review":false,"footnotes":""},"categories":[238],"tags":[293],"class_list":["post-12634","post","type-post","status-publish","format-standard","has-post-thumbnail","hentry","category-la-midinale","tag-entretien"],"_links":{"self":[{"href":"https:\/\/archives.regards.fr\/index.php?rest_route=\/wp\/v2\/posts\/12634","targetHints":{"allow":["GET"]}}],"collection":[{"href":"https:\/\/archives.regards.fr\/index.php?rest_route=\/wp\/v2\/posts"}],"about":[{"href":"https:\/\/archives.regards.fr\/index.php?rest_route=\/wp\/v2\/types\/post"}],"author":[{"embeddable":true,"href":"https:\/\/archives.regards.fr\/index.php?rest_route=\/wp\/v2\/users\/1204"}],"replies":[{"embeddable":true,"href":"https:\/\/archives.regards.fr\/index.php?rest_route=%2Fwp%2Fv2%2Fcomments&post=12634"}],"version-history":[{"count":0,"href":"https:\/\/archives.regards.fr\/index.php?rest_route=\/wp\/v2\/posts\/12634\/revisions"}],"wp:featuredmedia":[{"embeddable":true,"href":"https:\/\/archives.regards.fr\/index.php?rest_route=\/wp\/v2\/media\/30020"}],"wp:attachment":[{"href":"https:\/\/archives.regards.fr\/index.php?rest_route=%2Fwp%2Fv2%2Fmedia&parent=12634"}],"wp:term":[{"taxonomy":"category","embeddable":true,"href":"https:\/\/archives.regards.fr\/index.php?rest_route=%2Fwp%2Fv2%2Fcategories&post=12634"},{"taxonomy":"post_tag","embeddable":true,"href":"https:\/\/archives.regards.fr\/index.php?rest_route=%2Fwp%2Fv2%2Ftags&post=12634"}],"curies":[{"name":"wp","href":"https:\/\/api.w.org\/{rel}","templated":true}]}}