{"id":12630,"date":"2020-12-11T12:10:48","date_gmt":"2020-12-11T11:10:48","guid":{"rendered":"https:\/\/wp.muchomaas.com\/article-michel-kokoreff-on-est-passe-d-une-police-au-service-de-la-population-a-un\/"},"modified":"2023-06-24T00:07:27","modified_gmt":"2023-06-23T22:07:27","slug":"article-michel-kokoreff-on-est-passe-d-une-police-au-service-de-la-population-a-un","status":"publish","type":"post","link":"https:\/\/archives.regards.fr\/?p=12630","title":{"rendered":"\u00ab\u00a0On est pass\u00e9 d\u2019une police au service de la population \u00e0 un service qui fait de la population un ennemi\u00a0\u00bb"},"content":{"rendered":"<p class=\"post_excerpt\">Pour lui, il n\u2019y a pas de doute : il y a bien une violence syst\u00e9mique d\u2019\u00c9tat. Dans\u00a0<em>Violences polici\u00e8res, g\u00e9n\u00e9alogie d\u2019une violence d\u2019\u00c9tat<\/em>,\u00a0le sociologue Michel Kokoreff\u00a0d\u00e9construit l\u2019id\u00e9e que les violences polici\u00e8res seraient le fruit de quelques \u00ab brebis galeuses \u00bb.\u00a0Il est l\u2019invit\u00e9 de #LaMidinale.<\/p>\n<h2>UNE MIDINALE \u00c0 VOIR&#8230;<\/h2>\n<p><iframe loading=\"lazy\" width=\"490\" height=\"276\" src=\"https:\/\/www.youtube.com\/embed\/QjCfgwiRKh0\" frameborder=\"0\" allow=\"accelerometer; autoplay; clipboard-write; encrypted-media; gyroscope; picture-in-picture\" allowfullscreen><\/iframe><\/p>\n<p>&nbsp;<\/p>\n<p><h2>ET \u00c0 LIRE&#8230;<\/h2>\n<p><em>\u00a0<strong>Sur l\u2019histoire des violences polici\u00e8res<\/em>\u00a0<\/strong><br \/>\n\u00ab\u00a0C\u2019est important [de revenir sur l\u2019histoire des violences polici\u00e8res] parce que \u00e7a permet de documenter, d\u2019objectiver, de qualifier et de rappeler ce qui est l\u2019objet d\u2019un d\u00e9ni syst\u00e9matique de la part de l\u2019ex\u00e9cutif et des gouvernements.\u00a0\u00c7a permet aussi de rappeler ce que les pratiques polici\u00e8res brutales s\u2019inscrivent dans une longue histoire m\u00e9connue qui ne fait pas partie du r\u00e9cit national ni des programmes scolaires.\u00a0\u00bb<br \/>\n\u00ab\u00a0Si les violences polici\u00e8res sont indignes d\u2019un Etat de droit comme a os\u00e9 le dire le pr\u00e9sident de la R\u00e9publique, force est de constater qu\u2019elles sont historiquement av\u00e9r\u00e9es, structurelles, r\u00e9p\u00e9t\u00e9es et ind\u00e9niables.\u00a0\u00bb<br \/>\n\u00ab\u00a0L\u2019ambition du livre c\u2019est de prend le contre pied du d\u00e9ni syst\u00e9matique, non pas pour d\u00e9noncer, mais pour prendre au s\u00e9rieux ce ph\u00e9nom\u00e8ne et essayer d\u2019en sortir ou d\u2019essayer que l\u2019histoire de b\u00e9gaye pas \u00e9ternellement.\u00a0\u00bb<\/p>\n<p><em>\u00a0<strong>Sur l\u2019esprit de revanche post-68<\/em>\u00a0<\/strong><br \/>\n\u00ab\u00a0Il y a deux niveaux : un niveau conjoncturel et un niveau structurel. Le niveau structurel c\u2019est qu\u2019il m\u2019a sembl\u00e9 utile de revenir sur les \u00e9v\u00e9nements de mai et juin 1968 pour insister sur l\u2019importance des violences de la police \u00e0 cette \u00e9poque au regard du nombre de bless\u00e9s et au regard des sept morts.\u00a0\u00bb<br \/>\n\u00ab\u00a0Cette p\u00e9riode qui va suivre les ann\u00e9es 68 va consister \u00e0 prendre sa revanche &#8211; expression de l\u2019historien Maurice Rajsfus &#8211; qui va se traduire par le harc\u00e8lement des membres d\u2019organisations politiques dissoutes comme la gauche prol\u00e9tarienne ou la r\u00e9pression accrue des mouvements de lyc\u00e9ens.\u00a0Des pratiques et des dispositifs qui peuvent donner l\u2019impression que l\u2019Etat se rach\u00e8te et cherche \u00e0 reprendre la main sur la chienlit. \u00bb<br \/>\n\u00ab\u00a0Le niveau structurel est li\u00e9 au fait que d\u2019\u00e9v\u00e9nements en \u00e9v\u00e9nements ce qu\u2019on constate c\u2019est une matrice commune, qu\u2019on peut appeler la violence d\u2019Etat &#8211; voire des massacres d\u2019Etat selon le terme de l\u2019historien Alain Dewerpe &#8211; qui s\u2019\u00e9tale sur vingt ans.\u00a0Entre 2005 et 2017 on a compt\u00e9 96 personnes mortes suite \u00e0 des interactions avec les forces de l\u2019ordre. \u00bb<br \/>\n\u00ab\u00a0Il y a une sorte de reproduction d\u2019une matrice depuis au moins 1945 qui a une dimension post-coloniale &#8211; qui n\u2019est pas l\u2019entr\u00e9e que je cherche \u00e0 mettre en avant &#8211; mais il y a trois choses qu\u2019on retrouve \u00e0 chaque fois : 1- Des pratiques polici\u00e8res violentes sur une longue dur\u00e9e. 2- La couverture par l\u2019institution avec des exactions prot\u00e9g\u00e9es par la hi\u00e9rarchie et l\u2019institution qui \u00e9chappe au contr\u00f4le d\u00e9mocratique. 3- C\u2019est la culture de l\u2019impunit\u00e9. On pourrait ajouter le d\u00e9ni syst\u00e9matique.\u00a0C\u2019est ce qu\u2019on appelle la violence d\u2019Etat. \u00bb<\/p>\n<p><em>\u00a0<strong>Sur le \u00ab\u00a0syndrome Malik Oussekine\u00a0\u00bb<\/em>\u00a0<\/strong><br \/>\n\u00ab\u00a0[Ce qui a longtemps hant\u00e9 les gouvernements, \u00e0 savoir la mort d\u2019un manifestement] ne fait plus peur aujourd\u2019hui.\u00a0\u00bb<br \/>\n\u00ab\u00a0Depuis 1944, le maintien de l\u2019ordre en France a toujours b\u00e9n\u00e9fici\u00e9 d\u2019une image tr\u00e8s favorable, reconnu \u00e0 l\u2019\u00e9tranger. Il y a une doctrine du maintien de l\u2019ordre qui a \u00e9t\u00e9 de nature \u00e0 inspirer d\u2019autres pays. Cette doctrine du maintien de l\u2019ordre est bas\u00e9e sur le z\u00e9ro mort.\u00a0\u00bb<br \/>\n\u00ab\u00a0Malik oussekine est mort et a \u00e9t\u00e9 frapp\u00e9 par des policiers, des voltigeurs &#8211; ce que la plaque comm\u00e9morative ne dit pas -, qui n\u2019ont jamais \u00e9t\u00e9 inqui\u00e9t\u00e9s ni sur le plan professionnel ni sur le plan p\u00e9nal.\u00a0\u00bb<br \/>\n\u00ab\u00a0\u00c0 partir de la mort de Malik Oussekine, il y a une obsession du z\u00e9ro mort avec la volont\u00e9 affich\u00e9e d\u2019une relative pacification du maintien de l\u2019ordre dans les manifestations et les mouvements sociaux. Pourtant, d\u2019apr\u00e8s le d\u00e9compte de Basta! Il y a eu 657 morts entre 1973 et 2020. Et m\u00eame la gendarmerie reconnait qu\u2019il y a eu 232 morts suite \u00e0 des contacts avec la police entre le d\u00e9but des ann\u00e9es 70 et 2010.\u00a0\u00bb<\/p>\n<p><em>\u00a0<strong>De la relative pacification \u00e0 la militarisation de la police<\/em>\u00a0<\/strong><br \/>\n\u00ab ce discours de la pacification, ce discours de la r\u00e9forme est ni\u00e9 par les faits &#8211; il y a un aveuglement consid\u00e9rable &#8211; mais en plus ce que l\u2019on constate c\u2019est qu\u2019il y a un durcissement des techniques du maintien de l\u2019ordre.\u00a0\u00bb<br \/>\n\u00ab\u00a0On est pass\u00e9 d\u2019une police au service de la population \u00e0 un service qui fait de la population un ennemi. Il n\u2019y a plus d\u2019adversaire mais des ennemis. Il y a des &#8220;camps&#8221; comme l\u2019a d\u00e9clar\u00e9 de mani\u00e8re indigne un haut fonctionnaire [le pr\u00e9fet Lallement]. \u00bb<br \/>\n\u00ab\u00a0Cette tendance \u00e0 la militarisation a \u00e9t\u00e9 observable dans tous les pays occidentaux et plus particuli\u00e8rement manifeste en France depuis le d\u00e9but des ann\u00e9es 2010 &#8211; notamment avec l\u2019op\u00e9ration C\u00e9sar sur la ZAD de Notre-Dame-des-Landes et la mort de R\u00e9mi Fraisse.\u00a0\u00bb<br \/>\n\u00ab\u00a0La mort de R\u00e9mi Fraisse marque le retour non pas de bavures polici\u00e8res mais de pratiques ill\u00e9gales couvertes par l\u2019institution. \u00bb<br \/>\n\u00ab\u00a0Il y a une esp\u00e8ce de zone nouvelle qui s\u2019installe entre la mort et la blessure grave qui ne met pas en danger la vie et qui constitue des traumatismes \u00e0 vie. On peut dire qu\u2019en manifestation la police ne tue plus mais pour autant elle invente une cat\u00e9gorie de blessures graves avec des traumatismes \u00e0 vie et pas simplement des traumatismes physiques &#8211; comme on l\u2019a vu avec les gilets jaunes.\u00a0\u00bb<\/p>\n<p><em>\u00a0<strong>Sur les contr\u00f4les au faci\u00e8s\u00a0<\/em>\u00a0<\/strong><br \/>\n\u00ab\u00a0En mati\u00e8re de s\u00e9curit\u00e9 publique, les policiers ne b\u00e9n\u00e9ficient d\u2019aucun autre outil que le contr\u00f4le d\u2019identit\u00e9 &#8211; ce qui n\u2019est pas le cas d\u2019autres pays europ\u00e9ens.\u00a0\u00bb<br \/>\n\u00ab\u00a0Quand le seul outil dont dispose les policiers c\u2019est le contr\u00f4le d\u2019identit\u00e9, \u00e7a d\u00e9rape.\u00a0\u00bb<\/p>\n<p><em>\u00a0<strong>Sur la \u00ab\u00a0surench\u00e8re r\u00e9ciproque\u00a0\u00bb entre les jeunes et la police<\/em>\u00a0<\/strong><br \/>\n\u00ab\u00a0Je ne fais que constater l\u2019asym\u00e9trie des forces en pr\u00e9sence.\u00a0\u00bb<br \/>\n\u00ab\u00a0Un black block n\u2019est pas \u00e9gal \u00e0 une unit\u00e9 de CRS.\u00a0\u00bb<br \/>\n\u00ab\u00a0Il y a n\u00e9anmoins une logique de l\u2019escalade, de l\u2019agression r\u00e9ciproque.\u00a0\u00bb<br \/>\n\u00ab\u00a0J\u2019essaie de comprendre comment les forces de l\u2019ordre, se comportant de fa\u00e7on brutale, violente et raciste, enclenchent une r\u00e9action qui peut \u00eatre aussi violente (jets de pierre, mortiers, guet-apens\u2026).\u00a0\u00bb<br \/>\n\u00ab\u00a0Il y a une r\u00e9ponse de la population face aux agressions de la police, ne serait-ce qu\u2019en se prot\u00e9geant.\u00a0\u00bb<br \/>\n\u00ab\u00a0J\u2019essaie de tirer une diagonale entre la part oubli\u00e9e et invisible de la R\u00e9publique et la part sous les projecteurs de la d\u00e9mocratie.\u00a0\u00bb<br \/>\n\u00ab\u00a0Si racisme il y a, il r\u00e9side dans les cat\u00e9gories administratives qui sont utilis\u00e9es depuis la colonisation.\u00a0\u00bb<\/p>\n<p><em>\u00a0<strong>Sur les syndicats de police<\/em>\u00a0<\/strong><br \/>\n\u00ab\u00a0Il y a un taux de syndicalisation extr\u00eamement important chez les policiers : \u00e0 plus de 70% (contre 10% dans le priv\u00e9).\u00a0\u00bb<br \/>\n\u00ab\u00a0L\u2019affiliation syndicale accompagne la carri\u00e8re des policiers qu\u2019il s\u2019agisse de promotions, de changements d\u2019affectation ou de sanctions disciplinaires. Dans les trois cas, il vaut mieux \u00eatre syndiqu\u00e9.\u00a0\u00bb<br \/>\n\u00ab\u00a0On peut dire parfois qu\u2019il y a une cogestion entre le minist\u00e8re de l\u2019int\u00e9rieur et les syndicats de police quel que soit leur couleur ou orientation syndicale et id\u00e9ologique.\u00a0\u00bb<br \/>\n\u00ab\u00a0Dans les ann\u00e9es 1970-1980, on avait plut\u00f4t des syndicats de police de gauche, proches du Parti communiste ou du Parti socialiste &#8211; notamment la FASP qui \u00e9tait le syndicat majoritaire.\u00a0\u00bb<br \/>\n\u00ab\u00a0Aujourd\u2019hui, le balancier syndical de la police, c\u2019est d\u00e9plac\u00e9 vers la droite d\u00e9complex\u00e9e ou extr\u00eame puisque le syndicat majoritaire est Alliance avec 40.000 policiers sur 140.000 en tout.\u00a0\u00bb<br \/>\n\u00ab\u00a0Les syndicats ont jou\u00e9 un r\u00f4le important par le radicalisation dans le d\u00e9placement des politiques s\u00e9curitaires vers toujours plus de s\u00e9curitarisme.\u00a0\u00bb<br \/>\n\u00ab\u00a0L\u2019hostilit\u00e9 des syndicats, avec notamment une mise en sc\u00e8ne sinistre devant le Bataclan, n\u2019est \u00e9videmment pas la seule cause du d\u00e9part de Christophe Castaner du minist\u00e8re de l\u2019Int\u00e9rieur mais a n\u00e9cessairement jou\u00e9.\u00a0\u00bb<br \/>\n\u00ab\u00a0La radicalisation &#8211; ou plut\u00f4t le d\u00e9placement du centre &#8211; du paysage syndical policier est flagrant : plus de 50% des policiers votent pour le Rassemblement national ; on voit bien les accointances entre Alliance ou d\u2019autres syndicats et ces membres de la classe politique.\u00a0\u00bb<br \/>\n\u00ab\u00a0Depuis 2016, on observe une strat\u00e9gie de l\u2019escalade voulue par l\u2019ex\u00e9cutif, une radicalisation de la base des effectifs illustr\u00e9e par de nombreuses vid\u00e9os et t\u00e9moignages et le r\u00f4le d\u2019entra\u00eenement des syndicats.\u00a0\u00bb<\/p>\n<p><em>\u00a0<strong>Sur les perspectives d\u2019une r\u00e9forme de la police<\/em>\u00a0<\/strong><br \/>\n\u00ab\u00a0Est-ce que l\u2019on peut faire confiance aux r\u00e9formes lib\u00e9rales de la police qui se sont succ\u00e9d\u00e9es depuis un si\u00e8cle ? Ou est-ce qu\u2019il faut constater que les r\u00e9formes n\u2019emp\u00eachent pas d\u2019avoir une police violente et meurtri\u00e8re ?\u00a0\u00bb<br \/>\n\u00ab\u00a0Depuis l\u2019arriv\u00e9e de la gauche au pouvoir en 1981, les vell\u00e9it\u00e9s de r\u00e9forme n\u2019ont pas manqu\u00e9 : l\u2019id\u00e9e de rapprocher la police de la population avec la police de proximit\u00e9 a b\u00e9n\u00e9fici\u00e9 d\u2019un enterrement de premi\u00e8re classe par Nicolas Sarkozy ; les clefs d\u2019\u00e9tranglement, c\u2019est pas encore gagn\u00e9 ; le d\u00e9sarmement des policiers, il n\u2019y a que la CGT qui le demande et la CGT n\u2019est qu\u2019\u00e0 3% aux \u00e9lections.\u00a0\u00bb<br \/>\n\u00ab\u00a0Le contexte politique ne pr\u00eate pas aux r\u00e9formes s\u00e9rieuses de la formation des policiers ou de l\u2019IGPN.\u00a0\u00bb<br \/>\n\u00ab\u00a0Defund the police\u00a0comme ils disent aux Etats-Unis, \u00e7a ne veut pas dire uniquement l\u2019abolir : \u00e7a veut dire lui donner moins de moyens, la d\u00e9sarmer, la contr\u00f4ler par les citoyens\u2026\u00a0\u00bb<br \/>\n\u00ab\u00a0La question de la r\u00e9forme de la police est aussi locale : la maire de Marseille propose ainsi un certain nombre de pistes pour que la tension diminue.\u00a0\u00bb<div id='gallery-1' class='gallery galleryid-12630 gallery-columns-3 gallery-size-thumbnail'><figure class='gallery-item'>\n\t\t\t<div class='gallery-icon landscape'>\n\t\t\t\t<a href='https:\/\/archives.regards.fr\/wp-content\/uploads\/2020\/12\/capture_d_e_cran_2020-12-11_a_12-ace.07.55.png'><img loading=\"lazy\" decoding=\"async\" width=\"150\" height=\"150\" src=\"https:\/\/archives.regards.fr\/wp-content\/uploads\/2020\/12\/capture_d_e_cran_2020-12-11_a_12-ace.07.55-150x150.png\" class=\"attachment-thumbnail size-thumbnail\" alt=\"capture_d_e_cran_2020-12-11_a_12.07.55.png\" \/><\/a>\n\t\t\t<\/div><\/figure>\n\t\t<\/div>\n<\/p>\n","protected":false},"excerpt":{"rendered":"<p>Pour lui, il n\u2019y a pas de doute : il y a bien une violence syst\u00e9mique d\u2019\u00c9tat. Dans\u00a0<em>Violences polici\u00e8res, g\u00e9n\u00e9alogie d\u2019une violence d\u2019\u00c9tat<\/em>,\u00a0le sociologue Michel Kokoreff\u00a0d\u00e9construit l\u2019id\u00e9e que les violences polici\u00e8res seraient le fruit de quelques \u00ab brebis galeuses \u00bb.\u00a0Il est l\u2019invit\u00e9 de #LaMidinale.<\/p>\n","protected":false},"author":1204,"featured_media":30012,"comment_status":"open","ping_status":"open","sticky":false,"template":"","format":"standard","meta":{"_themeisle_gutenberg_block_has_review":false,"footnotes":""},"categories":[238],"tags":[293],"class_list":["post-12630","post","type-post","status-publish","format-standard","has-post-thumbnail","hentry","category-la-midinale","tag-entretien"],"_links":{"self":[{"href":"https:\/\/archives.regards.fr\/index.php?rest_route=\/wp\/v2\/posts\/12630","targetHints":{"allow":["GET"]}}],"collection":[{"href":"https:\/\/archives.regards.fr\/index.php?rest_route=\/wp\/v2\/posts"}],"about":[{"href":"https:\/\/archives.regards.fr\/index.php?rest_route=\/wp\/v2\/types\/post"}],"author":[{"embeddable":true,"href":"https:\/\/archives.regards.fr\/index.php?rest_route=\/wp\/v2\/users\/1204"}],"replies":[{"embeddable":true,"href":"https:\/\/archives.regards.fr\/index.php?rest_route=%2Fwp%2Fv2%2Fcomments&post=12630"}],"version-history":[{"count":0,"href":"https:\/\/archives.regards.fr\/index.php?rest_route=\/wp\/v2\/posts\/12630\/revisions"}],"wp:featuredmedia":[{"embeddable":true,"href":"https:\/\/archives.regards.fr\/index.php?rest_route=\/wp\/v2\/media\/30012"}],"wp:attachment":[{"href":"https:\/\/archives.regards.fr\/index.php?rest_route=%2Fwp%2Fv2%2Fmedia&parent=12630"}],"wp:term":[{"taxonomy":"category","embeddable":true,"href":"https:\/\/archives.regards.fr\/index.php?rest_route=%2Fwp%2Fv2%2Fcategories&post=12630"},{"taxonomy":"post_tag","embeddable":true,"href":"https:\/\/archives.regards.fr\/index.php?rest_route=%2Fwp%2Fv2%2Ftags&post=12630"}],"curies":[{"name":"wp","href":"https:\/\/api.w.org\/{rel}","templated":true}]}}