{"id":12628,"date":"2020-12-09T17:23:38","date_gmt":"2020-12-09T16:23:38","guid":{"rendered":"https:\/\/wp.muchomaas.com\/article-convention-citoyenne-pour-le-climat-un-piege-s-est-referme-sur-les-150\/"},"modified":"2023-06-24T00:07:25","modified_gmt":"2023-06-23T22:07:25","slug":"article-convention-citoyenne-pour-le-climat-un-piege-s-est-referme-sur-les-150","status":"publish","type":"post","link":"https:\/\/archives.regards.fr\/?p=12628","title":{"rendered":"Convention citoyenne pour le climat : \u00ab Un pi\u00e8ge s\u2019est referm\u00e9 sur les 150 participants \u00bb"},"content":{"rendered":"<p class=\"post_excerpt\">Apr\u00e8s les premiers arbitrages rendus par le gouvernement, dans la perspective du projet de loi climat, les 150 membres de la convention citoyenne n\u2019ont pas manqu\u00e9 de faire part de leur d\u00e9ception. Et le mot est faible. Yolande Bouin, membre tir\u00e9e au sort de la Convention citoyenne pour le climat et Anne-Laure Sabl\u00e9, charg\u00e9e de campagne agriculture des Amis de la Terre, sont les invit\u00e9es de #LaMidinale.<\/p>\n<h2>UNE MIDINALE \u00c0 VOIR&#8230;<\/h2>\n<p><iframe loading=\"lazy\" width=\"490\" height=\"276\" src=\"https:\/\/www.youtube.com\/embed\/R_Hh65dw_OY\" frameborder=\"0\" allow=\"accelerometer; autoplay; clipboard-write; encrypted-media; gyroscope; picture-in-picture\" allowfullscreen><\/iframe><\/p>\n<p>&nbsp;<\/p>\n<p><h2>ET \u00c0 LIRE&#8230;<\/h2>\n<p><em>\u00a0<strong>Sur les relations de la convention avec le gouvernement<\/em>\u00a0<\/strong><br \/>\n<em>Yolande Bouin\u00a0<\/em><br \/>\n\u00ab\u00a0Le sans filtre promis par Emmanuel Macron n\u2019a pas \u00e9t\u00e9 respect\u00e9.\u00a0\u00bb<br \/>\n\u00ab\u00a0Nos propositions ont \u00e9t\u00e9 retoqu\u00e9es par les minist\u00e8res et ne vont pas arriver devant les parlementaires dans le cadre du projet de loi.\u00a0\u00bb<br \/>\n\u00ab\u00a0Le contrat du sans filtre doit \u00eatre respect\u00e9. C\u2019est aux parlementaires de travailler nos mesures, pas aux minist\u00e8res.\u00a0\u00bb<br \/>\n\u00ab\u00a0Il ne faut pas d\u00e9solidariser les mesures des unes des autres. C\u2019est un tout coh\u00e9rent que la convention citoyenne pour le climat a propos\u00e9.\u00a0\u00bb<\/p>\n<p><em>\u00a0<strong>Sur la d\u00e9mocratie participative\u00a0<\/em>\u00a0<\/strong><br \/>\n<em>Anne-Laure Sable<\/em><br \/>\n\u00ab\u00a0Il y a des choses \u00e0 repenser en mati\u00e8re de d\u00e9mocratie participative et la crise des gilets jaunes l\u2019a bien montr\u00e9. Emmanuel Macron y a r\u00e9pondu par la cr\u00e9ation d\u2019une convention citoyenne pour le climat et 150 personnes tir\u00e9es au sort.\u00a0\u00bb<br \/>\n\u00ab\u00a0Il y a un cynisme effrayant vis-\u00e0-vis du non respect de ce qui peut \u00e9merger de cet outil soi disant participatif, d\u00e9mocratique qui est sens\u00e9 redonner un nouveau souffle \u00e0 la d\u00e9mocratie. On voit aujourd\u2019hui que c\u2019est clairement un \u00e9chec.\u00a0\u00bb<br \/>\n\u00ab\u00a0Le brio de la communication d\u2019Emmanuel Macron n\u2019a d\u2019\u00e9gal que son m\u00e9pris \u00e0 la fois pour la convention citoyenne mais aussi pour les questions \u00e9cologiques.\u00a0\u00bb<br \/>\n\u00ab\u00a0Il y a un paradoxe d\u2019avoir voulu instaurer un nouvel outil d\u00e9mocratique mais dans le m\u00eame temps d\u2019avoir une d\u00e9rive autoritaire qui vise \u00e0 r\u00e9duire les libert\u00e9s individuelles et collectives.\u00a0\u00bb<\/p>\n<p><em>\u00a0<strong>Sur les appels au boycott des r\u00e9unions de travail avec le gouvernement<\/em>\u00a0<\/strong><br \/>\n<em>Yolande Bouin\u00a0<\/em>\u00a0<br \/>\n\u00ab\u00a0Je suis convaincue qu\u2019on sert d\u2019alibi.\u00a0\u00bb<br \/>\n\u00ab\u00a0Je n\u2019ai pas particip\u00e9 au boycott m\u00eame si je le soutiens.\u00a0\u00bb<br \/>\n\u00ab\u00a0Nous n\u2019avons pas eu de r\u00e9union de travail mais des coups de communication pour le gouvernement.\u00a0\u00bb<br \/>\n\u00ab\u00a0On veut faire croire que le gouvernement d\u2019Emmanuel Macron est \u00e9colo et d\u00e9mocrate.\u00a0\u00bb<br \/>\n\u00ab\u00a0Les gens de la convention \u00e9taient super contents d\u2019\u00eatre entendus et qu\u2019on leur donne la parole. Beaucoup ont petit \u00e0 petit \u00e9t\u00e9 tr\u00e8s d\u00e9\u00e7us mais on continuer de s\u2019accrocher. L\u00e0, avec les deux jours qu\u2019on vient de passer, on est dans l\u2019apoth\u00e9ose. Beaucoup sont redescendus. Leur cr\u00e9dulit\u00e9 en a pris un coup. \u00bb<\/p>\n<p><em>Anne-Laure Sable<\/em><br \/>\n\u00ab\u00a0La convention citoyenne a \u00e9t\u00e9 prise au pi\u00e8ge une fois les travaux termin\u00e9s.\u00a0\u00bb<br \/>\n\u00ab\u00a0Un pi\u00e8ge s\u2019est referm\u00e9 sur les 150 et qui a \u00e9t\u00e9 tr\u00e8s bien mani\u00e9 par Emmanuel Macron et son gouvernement.\u00a0\u00bb<br \/>\n\u00ab\u00a0Des notes ont \u00e9t\u00e9 \u00e9crites par les minist\u00e8res et n\u2019ont pas \u00e9t\u00e9 transmises aux 150 pour leur dire comment \u00e9voluaient certaines mesures.\u00a0\u00bb<br \/>\n\u00ab\u00a0On a d\u00e9cid\u00e9 de boycotter certaines r\u00e9unions parce que les conditions de la concertation n\u2019\u00e9taient pas acceptables.\u00a0\u00bb<br \/>\n\u00ab\u00a0Quand on rencontre gouvernement on s\u2019assure d\u2019un certain rapport de force.\u00a0Nous avons en tant qu\u2019association une expertise de ces processus politiques parfois tr\u00e8s opaques et qui nous donne une lecture strat\u00e9gique de ce qui se joue. \u00bb<br \/>\n\u00ab\u00a0Il a \u00e9t\u00e9 tr\u00e8s difficile pour nous de boycotter parce que nous respectons le travail des 150.\u00a0\u00bb<\/p>\n<p><em>\u00a0<strong>Sur les propositions retenues<\/em>\u00a0<\/strong><br \/>\n<em>Yolande Bouin\u00a0<\/em><br \/>\n\u00ab\u00a0Il y a des mesures qui ont obtenu un peu plus de consid\u00e9ration mais dans l\u2019ensemble tout a \u00e9t\u00e9 retoqu\u00e9, remani\u00e9, d\u00e9tricot\u00e9.\u00a0\u00bb<br \/>\n\u00ab\u00a0Il y a une forme de d\u00e9ni de la part de certains ministres comme le ministre Julien Denormandie qui nous a dit ne pas savoir de quoi on parlait quand il \u00e9tait question d\u2019agro-\u00e9cologie alors qu\u2019on trouve le mot sur le site du minist\u00e8re. Mais \u00e7a ne rentre pas dans leur politique gouvernementale visiblement.\u00a0\u00bb<br \/>\n\u00ab\u00a0Je n\u2019ai jamais cru que nos propositions arriveraient sans filtre devant le parlement.\u00a0\u00bb<br \/>\n\u00ab\u00a0Quand on a \u00e9voqu\u00e9 le CETA dans le groupe sur l\u2019alimentation, il a \u00e9t\u00e9 n\u00e9cessaire que l\u2019on bataille pour que \u00e7a figure dans nos propositions.\u00a0Donc quand on doit se battre \u00e0 ce point, c\u2019est que \u00e7a n\u2019est pas si d\u00e9mocratique que \u00e7a. \u00bb\u00a0<\/p>\n<p><em>\u00a0<strong>Sur la radicalit\u00e9 des propositions de la Convention citoyenne pour le climat par rapport au conservatisme du gouvernement en mati\u00e8re \u00e9cologique<\/em>\u00a0<\/strong><br \/>\n<em>Anne-Laure Sabl\u00e9<\/em><br \/>\n\u00ab\u00a0L\u2019objectif de la Convention citoyenne pour le climat, c\u2019est d\u2019atteindre &#8211; 40% des \u00e9missions de gaz \u00e0 effet de serre, ce qui n\u2019est m\u00eame pas ce qu\u2019il faudrait aujourd\u2019hui pour \u00eatre en ligne avec l\u2019accord de Paris.\u00a0\u00bb<br \/>\n\u00ab\u00a0On ne peut pas parler de radicalit\u00e9 qui ferait peur \u00e0 tout le monde quand on est d\u00e9j\u00e0 en de\u00e7\u00e0 d\u2019un monde non-vivable pour un certain nombre de personnes vuln\u00e9rables.\u00a0\u00bb<br \/>\n\u00ab\u00a0La Convention a toujours essay\u00e9 de se poser les questions de la transition juste et de la justice sociale.\u00a0\u00bb<br \/>\n\u00ab\u00a0La Convention a propos\u00e9 une redevance sur les engrais chimiques pour financer derri\u00e8re des alternatives comme l\u2019agriculture biologique.\u00a0\u00bb<br \/>\n\u00ab\u00a0Emmanuel Macron a fait la promesse d\u2019avoir 15% de terres agricoles fran\u00e7aises en agriculture biologique d\u2019ici la fin de son quinquennat mais on n\u2019est qu\u2019\u00e0 8,5% aujourd\u2019hui.\u00a0\u00bb<br \/>\n\u00ab\u00a0Renvoyer la taxe en 2024 est d\u2019un cynisme total : en 2024, le quinquennat sera termin\u00e9 et on aura de nouveaux objectifs climatiques.\u00a0\u00bb<\/p>\n<p><em>\u00a0<strong>Sur les reprises des propositions par les parlementaires (puisque ce n\u2019est pas par le gouvernement)<\/em>\u00a0<\/strong><br \/>\n<em>Yolande Bouin<\/em><br \/>\n\u00ab\u00a0On va essayer de faire pression.\u00a0\u00bb<br \/>\n\u00ab\u00a0Depuis le d\u00e9but de la Convention, dans les coursives du Palais d\u2019I\u00e9na, on a crois\u00e9 des parlementaires : beaucoup de macronistes et pas beaucoup de gauche\u2026\u00a0\u00bb<br \/>\n\u00ab\u00a0La version de nos propositions qui est pr\u00e9sent\u00e9e aux parlementaires est compl\u00e8tement d\u00e9tricot\u00e9e, amend\u00e9e et \u00e7a ne va plus ressembler \u00e0 rien.\u00a0\u00bb<br \/>\n\u00ab\u00a0Le n\u00e9olib\u00e9ralisme ne fait pas bon m\u00e9nage avec l\u2019\u00e9cologie.\u00a0\u00bb<br \/>\n\u00ab\u00a0Les lobbies, on en a vu plein pendant les neuf mois. Je les ai d\u00e9nonc\u00e9s sur place\u2026\u00a0\u00bb<br \/>\n\u00ab\u00a0Par exemple, la FNSEA est venue nous servir sa soupe en h\u00e9micycle et la Conf\u00e9d\u00e9ration paysanne n\u2019a r\u00e9ussi qu\u2019\u00e0 venir dans un speed dating.\u00a0\u00bb<br \/>\n\u00ab\u00a0Moi, j\u2019avais demand\u00e9 \u00e0 ce qu\u2019ATTAC vienne nous parler du CETA mais je n\u2019ai jamais obtenu gain de cause.\u00a0\u00bb<\/p>\n<p><em>Anne-Laure Sabl\u00e9<\/em>\u00a0<br \/>\n\u00ab\u00a0On a une majorit\u00e9 de La R\u00e9publique En Marche qui a fonctionnement tr\u00e8s moutonnier vis-\u00e0-vis du gouvernement. C\u2019est donc le gouvernement qui a la main sur les votes de la majorit\u00e9.\u00a0\u00bb<br \/>\n\u00ab\u00a0C\u2019\u00e9tait important que le Parlement puisse avoir acc\u00e8s aux propositions sans avoir de trifouillage des minist\u00e8res.\u00a0\u00bb<br \/>\n\u00ab\u00a0Tout le monde parle du projet de loi depuis le d\u00e9but de la semaine mais personne ne l\u2019a vu\u2026 Cette fa\u00e7on de faire de la part du gouvernement est tr\u00e8s probl\u00e9matique et n\u2019existait pas avant ce quinquennat.\u00a0\u00bb<div id='gallery-1' class='gallery galleryid-12628 gallery-columns-3 gallery-size-thumbnail'><figure class='gallery-item'>\n\t\t\t<div class='gallery-icon landscape'>\n\t\t\t\t<a href='https:\/\/archives.regards.fr\/wp-content\/uploads\/2020\/12\/capture_d_e_cran_2020-12-09_a_17-dbe.17.28.png'><img loading=\"lazy\" decoding=\"async\" width=\"150\" height=\"150\" src=\"https:\/\/archives.regards.fr\/wp-content\/uploads\/2020\/12\/capture_d_e_cran_2020-12-09_a_17-dbe.17.28-150x150.png\" class=\"attachment-thumbnail size-thumbnail\" alt=\"capture_d_e_cran_2020-12-09_a_17.17.28.png\" \/><\/a>\n\t\t\t<\/div><\/figure>\n\t\t<\/div>\n<\/p>\n","protected":false},"excerpt":{"rendered":"<p>Apr\u00e8s les premiers arbitrages rendus par le gouvernement, dans la perspective du projet de loi climat, les 150 membres de la convention citoyenne n\u2019ont pas manqu\u00e9 de faire part de leur d\u00e9ception. Et le mot est faible. Yolande Bouin, membre tir\u00e9e au sort de la Convention citoyenne pour le climat et Anne-Laure Sabl\u00e9, charg\u00e9e de campagne agriculture des Amis de la Terre, sont les invit\u00e9es de #LaMidinale.<\/p>\n","protected":false},"author":1204,"featured_media":30008,"comment_status":"open","ping_status":"open","sticky":false,"template":"","format":"standard","meta":{"_themeisle_gutenberg_block_has_review":false,"footnotes":""},"categories":[238],"tags":[293],"class_list":["post-12628","post","type-post","status-publish","format-standard","has-post-thumbnail","hentry","category-la-midinale","tag-entretien"],"_links":{"self":[{"href":"https:\/\/archives.regards.fr\/index.php?rest_route=\/wp\/v2\/posts\/12628","targetHints":{"allow":["GET"]}}],"collection":[{"href":"https:\/\/archives.regards.fr\/index.php?rest_route=\/wp\/v2\/posts"}],"about":[{"href":"https:\/\/archives.regards.fr\/index.php?rest_route=\/wp\/v2\/types\/post"}],"author":[{"embeddable":true,"href":"https:\/\/archives.regards.fr\/index.php?rest_route=\/wp\/v2\/users\/1204"}],"replies":[{"embeddable":true,"href":"https:\/\/archives.regards.fr\/index.php?rest_route=%2Fwp%2Fv2%2Fcomments&post=12628"}],"version-history":[{"count":0,"href":"https:\/\/archives.regards.fr\/index.php?rest_route=\/wp\/v2\/posts\/12628\/revisions"}],"wp:featuredmedia":[{"embeddable":true,"href":"https:\/\/archives.regards.fr\/index.php?rest_route=\/wp\/v2\/media\/30008"}],"wp:attachment":[{"href":"https:\/\/archives.regards.fr\/index.php?rest_route=%2Fwp%2Fv2%2Fmedia&parent=12628"}],"wp:term":[{"taxonomy":"category","embeddable":true,"href":"https:\/\/archives.regards.fr\/index.php?rest_route=%2Fwp%2Fv2%2Fcategories&post=12628"},{"taxonomy":"post_tag","embeddable":true,"href":"https:\/\/archives.regards.fr\/index.php?rest_route=%2Fwp%2Fv2%2Ftags&post=12628"}],"curies":[{"name":"wp","href":"https:\/\/api.w.org\/{rel}","templated":true}]}}