{"id":12625,"date":"2020-12-07T13:49:02","date_gmt":"2020-12-07T12:49:02","guid":{"rendered":"https:\/\/wp.muchomaas.com\/article-sebastien-menesplier-il-y-a-13-millions-de-personnes-qui-vivent-dans-la\/"},"modified":"2023-06-24T00:07:24","modified_gmt":"2023-06-23T22:07:24","slug":"article-sebastien-menesplier-il-y-a-13-millions-de-personnes-qui-vivent-dans-la","status":"publish","type":"post","link":"https:\/\/archives.regards.fr\/?p=12625","title":{"rendered":"S\u00e9bastien M\u00e9nesplier : \u00ab Il y a 13 millions de personnes qui vivent dans la pr\u00e9carit\u00e9 \u00e9nerg\u00e9tique \u00bb"},"content":{"rendered":"<p class=\"post_excerpt\">Le projet \u00ab Hercule \u00bb pr\u00e9voit de transformer en profondeur l\u2019entreprise EDF tant dans la production que la commercialisation de l\u2019\u00e9lectricit\u00e9. S\u00e9bastien M\u00e9nesplier, secr\u00e9taire g\u00e9n\u00e9ral de la f\u00e9d\u00e9ration nationale de la CGT des Mines et Energies, est l\u2019invit\u00e9 de #LaMidinale.<\/p>\n<h2>UNE MIDINALE \u00c0 VOIR&#8230;<\/h2>\n<p><iframe loading=\"lazy\" width=\"490\" height=\"276\" src=\"https:\/\/www.youtube.com\/embed\/YT_HSYc223Y\" frameborder=\"0\" allow=\"accelerometer; autoplay; clipboard-write; encrypted-media; gyroscope; picture-in-picture\" allowfullscreen><\/iframe><\/p>\n<p>&nbsp;<\/p>\n<p><h2>ET \u00c0 LIRE&#8230;<\/h2>\n<p><em>\u00a0<strong>Sur la situation d\u2019EDF<\/em>\u00a0<\/strong><br \/>\n\u00ab\u00a0L\u2019entreprise ne se porte pas bien depuis que le march\u00e9 de l\u2019\u00e9lectricit\u00e9 a \u00e9t\u00e9 lib\u00e9ralis\u00e9.\u00a0\u00bb<br \/>\n\u00ab\u00a0Face \u00e0 la concurrence, EDF a du mal \u00e0 s\u2019en sortir.\u00a0\u00bb<br \/>\n\u00ab\u00a0La lib\u00e9ralisation de l\u2019\u00e9lectricit\u00e9 n\u2019a eu comme cons\u00e9quences qu\u2019une hausse des tarifs pour les usagers. 35% d\u2019augmentation depuis la d\u00e9r\u00e9glementation.\u00a0\u00bb<br \/>\n\u00ab\u00a0Il y a 13 millions de personnes qui vivent dans la pr\u00e9carit\u00e9 \u00e9nerg\u00e9tique.\u00a0\u00bb<\/p>\n<p><em>\u00a0<strong>Sur le projet Hercule<\/em>\u00a0<\/strong><br \/>\n\u00ab\u00a0C\u2019est plus qu\u2019un projet d\u2019entreprise, c\u2019est un projet de soci\u00e9t\u00e9.\u00a0\u00bb<br \/>\n\u00ab\u00a0L\u2019objectif n\u2019est pas d\u2019am\u00e9liorer le service public de l\u2019\u00e9lectricit\u00e9, l\u2019objectif c\u2019est qu\u2019EDF soit au m\u00eame niveau que ses concurrents.\u00a0\u00bb<br \/>\n\u00ab\u00a0L\u2019objectif est de casser l\u2019entreprise et de scinder la production de la commercialisation.\u00a0\u00bb<br \/>\n\u00ab\u00a0Ouvrir le capital \u00e7a veut dire que la ma\u00eetrise publique de la distribution d\u2019\u00e9lectricit\u00e9 va en prendre un coup.\u00a0\u00bb<br \/>\n\u00ab\u00a0On n\u2019a aucune garantie pour l\u2019avenir.\u00a0\u00bb<br \/>\n\u00ab\u00a0L\u2019\u00e9lectricit\u00e9 n\u2019est pas une marchandise.\u00a0Il faut sortir l\u2019\u00e9nergie du syst\u00e8me marchand. \u00bb<\/p>\n<p><em>\u00a0<strong>Sur les coupures d\u2019\u00e9lectricit\u00e9\u00a0<\/em>\u00a0<\/strong><br \/>\n\u00ab\u00a0Les centrales \u00e0 charbon \u00e9mettent moins de 1% de CO2 dans l\u2019atmosph\u00e8re. On a ferm\u00e9 des sites industriels qui auraient pu de mani\u00e8re transitoire, dans des p\u00e9riodes de grand froid ou de grand chaud, venir \u00e9quilibrer un syst\u00e8me de r\u00e9seau pour \u00e9viter d\u2019envisager des coupures d\u2019\u00e9lectricit\u00e9.\u00a0\u00bb<br \/>\n\u00ab\u00a0Le r\u00e9chauffement climatique a boulevers\u00e9 les saisons.\u00a0\u00bb<br \/>\n\u00ab\u00a0Pour lutter contre ce r\u00e9chauffement climatique, il y a besoin de politiques ambitieuses et nous ne sommes pas d\u2019accord avec les choix du gouvernement.\u00a0\u00bb<br \/>\n\u00ab\u00a0Dire que la fili\u00e8re nucl\u00e9aire n\u2019est pas une \u00e9nergie qui pourra lutter demain contre le r\u00e9chauffement climatique est une v\u00e9ritable connerie.\u00a0\u00bb<br \/>\n\u00ab\u00a0La France a besoin d\u2019un mix \u00e9nerg\u00e9tique o\u00f9 les \u00e9nergies renouvelables ont leur place.\u00a0\u00bb<div id='gallery-1' class='gallery galleryid-12625 gallery-columns-3 gallery-size-thumbnail'><figure class='gallery-item'>\n\t\t\t<div class='gallery-icon landscape'>\n\t\t\t\t<a href='https:\/\/archives.regards.fr\/wp-content\/uploads\/2020\/12\/capture_d_e_cran_2020-12-07_a_13-ff2.42.10.png'><img loading=\"lazy\" decoding=\"async\" width=\"150\" height=\"150\" src=\"https:\/\/archives.regards.fr\/wp-content\/uploads\/2020\/12\/capture_d_e_cran_2020-12-07_a_13-ff2.42.10-150x150.png\" class=\"attachment-thumbnail size-thumbnail\" alt=\"capture_d_e_cran_2020-12-07_a_13.42.10.png\" \/><\/a>\n\t\t\t<\/div><\/figure>\n\t\t<\/div>\n<\/p>\n","protected":false},"excerpt":{"rendered":"<p>Le projet \u00ab Hercule \u00bb pr\u00e9voit de transformer en profondeur l\u2019entreprise EDF tant dans la production que la commercialisation de l\u2019\u00e9lectricit\u00e9. S\u00e9bastien M\u00e9nesplier, secr\u00e9taire g\u00e9n\u00e9ral de la f\u00e9d\u00e9ration nationale de la CGT des Mines et Energies, est l\u2019invit\u00e9 de #LaMidinale.<\/p>\n","protected":false},"author":1204,"featured_media":30004,"comment_status":"open","ping_status":"open","sticky":false,"template":"","format":"standard","meta":{"_themeisle_gutenberg_block_has_review":false,"footnotes":""},"categories":[238],"tags":[293],"class_list":["post-12625","post","type-post","status-publish","format-standard","has-post-thumbnail","hentry","category-la-midinale","tag-entretien"],"_links":{"self":[{"href":"https:\/\/archives.regards.fr\/index.php?rest_route=\/wp\/v2\/posts\/12625","targetHints":{"allow":["GET"]}}],"collection":[{"href":"https:\/\/archives.regards.fr\/index.php?rest_route=\/wp\/v2\/posts"}],"about":[{"href":"https:\/\/archives.regards.fr\/index.php?rest_route=\/wp\/v2\/types\/post"}],"author":[{"embeddable":true,"href":"https:\/\/archives.regards.fr\/index.php?rest_route=\/wp\/v2\/users\/1204"}],"replies":[{"embeddable":true,"href":"https:\/\/archives.regards.fr\/index.php?rest_route=%2Fwp%2Fv2%2Fcomments&post=12625"}],"version-history":[{"count":0,"href":"https:\/\/archives.regards.fr\/index.php?rest_route=\/wp\/v2\/posts\/12625\/revisions"}],"wp:featuredmedia":[{"embeddable":true,"href":"https:\/\/archives.regards.fr\/index.php?rest_route=\/wp\/v2\/media\/30004"}],"wp:attachment":[{"href":"https:\/\/archives.regards.fr\/index.php?rest_route=%2Fwp%2Fv2%2Fmedia&parent=12625"}],"wp:term":[{"taxonomy":"category","embeddable":true,"href":"https:\/\/archives.regards.fr\/index.php?rest_route=%2Fwp%2Fv2%2Fcategories&post=12625"},{"taxonomy":"post_tag","embeddable":true,"href":"https:\/\/archives.regards.fr\/index.php?rest_route=%2Fwp%2Fv2%2Ftags&post=12625"}],"curies":[{"name":"wp","href":"https:\/\/api.w.org\/{rel}","templated":true}]}}