{"id":12621,"date":"2020-12-04T12:30:42","date_gmt":"2020-12-04T11:30:42","guid":{"rendered":"https:\/\/wp.muchomaas.com\/article-il-y-a-depuis-longtemps-des-manquements-au-droit-international-que-la-france-ne\/"},"modified":"2023-06-24T00:07:17","modified_gmt":"2023-06-23T22:07:17","slug":"article-il-y-a-depuis-longtemps-des-manquements-au-droit-international-que-la-france-ne","status":"publish","type":"post","link":"https:\/\/archives.regards.fr\/?p=12621","title":{"rendered":"\u00ab Il y a depuis longtemps des manquements au respect du droit international en France \u00bb"},"content":{"rendered":"<p class=\"post_excerpt\">Droit international, exil\u00e9s, proposition de loi pour une s\u00e9curit\u00e9 globale&#8230; Alors qu&#8217;Amnesty international lance sa campagne <a href=\"https:\/\/www.amnesty.fr\/10-jours-pour-signer\">\u00ab 10 jours pour signer \u00bb<\/a> pour d\u00e9fendre 11 personnes dont les droits sont bafou\u00e9s, C\u00e9cile Coudriou, pr\u00e9sidente pour la France, est l&#8217;invit\u00e9e de la Midinale.<\/p>\n<h2>UNE MIDINALE \u00c0 VOIR&#8230;<\/h2>\n<p><iframe loading=\"lazy\" width=\"490\" height=\"276\" src=\"https:\/\/www.youtube.com\/embed\/ZHTLF-o0qkU\" frameborder=\"0\" allow=\"accelerometer; autoplay; clipboard-write; encrypted-media; gyroscope; picture-in-picture\" allowfullscreen><\/iframe><\/p>\n<p>&nbsp;<\/p>\n<p><h2>ET \u00c0 LIRE&#8230;<\/h2>\n<p><em>\u00a0<strong>Sur le r\u00f4le de la France \u00e0 l\u2019\u00e9tranger en mati\u00e8re de droits humains<\/em>\u00a0<\/strong><br \/>\n\u00ab\u00a0Notre premi\u00e8re vocation, c\u2019est d\u2019appeler les gens \u00e0 une solidarit\u00e9 internationale et les Etats \u00e0 faire preuve de solidarit\u00e9.\u00a0\u00bb<br \/>\n\u00ab\u00a0On devrait pouvoir s\u2019honorer de la politique ext\u00e9rieure de la France, dans l\u2019id\u00e9al.\u00a0\u00bb<br \/>\n\u00ab\u00a0On esp\u00e8re qu\u2019Emmanuel Macron fera pression de mani\u00e8re vigoureuse sur le pr\u00e9sident Egyptien lors de son passage \u00e0 Paris.\u00a0\u00bb<br \/>\n\u00ab\u00a0La politique d\u2019Emmanuel Macron n\u2019est pas toujours tr\u00e8s claire : dans certains cas, il va \u00e9lever la voix. Dans d\u2019autres, il y a soudainement une incoh\u00e9rence o\u00f9 le pr\u00e9sident fran\u00e7ais va se cacher derri\u00e8re le refus d\u2019ing\u00e9rence.\u00a0\u00bb<\/p>\n<p><em>\u00a0<strong>Sur le r\u00f4le de l\u2019Union europ\u00e9enne en mati\u00e8re de droits humains<\/em>\u00a0<\/strong><br \/>\n\u00ab\u00a0L\u2019Union europ\u00e9enne n\u2019est pas capable de se mettre d\u2019accord sur une politique migratoire commune davantage respectueuse des droits humains.\u00a0\u00bb<br \/>\n\u00ab\u00a0Aujourd\u2019hui, des personnes qui cherchent \u00e0 aider des migrants se retrouvent devant les tribunaux avec des peines extr\u00eamement lourdes.\u00a0\u00bb<br \/>\n\u00ab\u00a0Nous condamnons la criminalisation de l\u2019aide aux migrants.\u00a0\u00bb<br \/>\n\u00ab\u00a0Il y a d\u00e9sunion europ\u00e9enne en mati\u00e8re migratoire.\u00a0\u00bb<br \/>\n\u00ab\u00a0Les accords migratoires europ\u00e9ens ne sont pas respect\u00e9s.\u00a0\u00bb<br \/>\n\u00ab\u00a0On ne remet pas suffisamment en cause le principe de Dublin et ce sont les m\u00eames pays qui g\u00e8rent seul l\u2019accueil des migrants.\u00a0\u00bb<br \/>\n\u00ab\u00a0Il y a un manque de solidarit\u00e9 \u00e0 l\u2019int\u00e9rieur de l\u2019Union europ\u00e9enne.\u00a0\u00bb<\/p>\n<p><em>\u00a0<strong>Sur les droits humains en France<\/em>\u00a0<\/strong><br \/>\n\u00ab\u00a0On ne peut pas esp\u00e9rer avoir une voix cr\u00e9dible et entendue \u00e0 l\u2019international si on n\u2019est pas exemplaire dans son propre pays.\u00a0\u00bb<br \/>\n\u00ab\u00a0Il y a depuis tr\u00e8s longtemps des manquements, un irrespect du droit international en France.\u00a0\u00bb<br \/>\n\u00ab\u00a0Les migrants ont des droits et les images de la place de la R\u00e9publique, les violences physiques, les insultes, les coups, la destruction des tentes, participent d\u2019une forme d\u2019inhumanit\u00e9, de la d\u00e9shumanisation de ces personnes et cette situation est de plus en plus pr\u00e9occupante en France.\u00a0\u00bb<br \/>\n\u00ab\u00a0Tout cela est une question de politique migratoire dont Emmanuel Macron est responsable.\u00a0\u00bb<br \/>\n\u00ab On a du mal \u00e0 r\u00e9introduire de la raison et de l\u2019humanit\u00e9.\u00a0\u00bb<br \/>\n\u00ab\u00a0On parle de chaine de responsabilit\u00e9.\u00a0Le pr\u00e9fet de Paris est couvert par une politique minist\u00e9rielle que nous on consid\u00e8re comme d\u00e9sastreuse. \u00bb<br \/>\n\u00ab\u00a0Il n\u2019est pas normal aujourd\u2019hui que, quand on se mobilise, on ait peur de la fa\u00e7on dont on va \u00eatre trait\u00e9 dans une manifestation, en France, en 2020.\u00a0\u00bb<\/p>\n<p><em>\u00a0<strong>Sur la proposition de loi \u00ab\u00a0pour une s\u00e9curit\u00e9 globale\u00a0\u00bb<\/em>\u00a0<\/strong><br \/>\n\u00ab\u00a0On a analys\u00e9 la proposition de loi par le prisme des droits humains &#8211; on ne s\u2019est donc pas int\u00e9ress\u00e9 \u00e0 l\u2019ensemble des articles mais trois sont clairement probl\u00e9matiques.\u00a0\u00bb<br \/>\n\u00ab\u00a0La focalisation sur l\u2019article 24 peut faire un \u00e9cran de fum\u00e9e pour cacher l\u2019article 21 et l\u2019article 22 qui ont des implications tr\u00e8s graves sur le respect de la vie priv\u00e9e avec un usage beaucoup plus g\u00e9n\u00e9ralis\u00e9 des cam\u00e9ras pi\u00e9tons sur les policiers mais en laissant leur usage \u00e0 leur discr\u00e9tion, c\u2019est-\u00e0-dire qu\u2019ils peuvent l\u2019activer et d\u00e9sactiver quand ils veulent.\u00a0Ce n\u2019est pas avec cela qu\u2019on va lutter contre l\u2019impunit\u00e9 en mati\u00e8re de violences polici\u00e8res. Et c\u2019est encore pire avec les drones : l\u2019encadrement n\u2019est absolument pas suffisant au regard du droit international : on va pouvoir surveiller tout l\u2019espace public, y compris des halls d\u2019immeuble, la rue etc d\u00e8s lors que l\u2019on consid\u00e8re qu\u2019il peut y avoir trouble \u00e0 l\u2019ordre public.\u00a0\u00bb<br \/>\n\u00ab\u00a0L\u2019article 24 est tr\u00e8s mal \u00e9crit (et peut donner lieu \u00e0 toutes sortes d\u2019interpr\u00e9tations probl\u00e9matiques); il est non n\u00e9cessaire puisque d\u2019autres dispositions dans le droit p\u00e9nal permettent d\u00e9j\u00e0 de prot\u00e9ger des personnes lorsqu\u2019elles seraient victimes d\u2019incitation \u00e0 la haine ou d\u2019actes criminels ; et il n\u2019est pas proportionn\u00e9 car les dispositions sont extr\u00eamement g\u00e9n\u00e9rales : elles touchent l\u2019ensemble des citoyens.\u00a0\u00bb<\/p>\n<p><em>\u00a0<strong>Sur le positionnement d\u2019Amnesty International en France<\/em>\u00a0<\/strong><br \/>\n\u00ab\u00a0Ce qui est assez paradoxal, c\u2019est qu\u2019alors que nous avons une constance dans nos recommandations et nos positions dans la mesure o\u00f9 nous nous situons dans la perspective du droit international, la perception change quand on est sur la France.\u00a0\u00bb<br \/>\n\u00ab\u00a0On est per\u00e7u comme gauchistes parce que l\u2019on critique telle ou telle politique alors que le combat pour les trois humains est politique bien s\u00fbr, parce que l\u2019on intervient sur des politiques d\u00e9cid\u00e9es par des gouvernements mais c\u2019est apolitique dans le sens o\u00f9 nous sommes non-partisans.\u00a0\u00bb<br \/>\n\u00ab\u00a0Pour nous, le fait de d\u00e9fendre les migrants, de se battre contre les discriminations \u00e0 l\u2019encontre des musulmans, des personnes LGBT ou des personnes qui ont des handicaps, \u00e7a n\u2019a rien \u00e0 voir avec la politique mais tout \u00e0 voir avec le droit international, le respect des droits humains et les valeurs universelles.\u00a0\u00bb<br \/>\n\u00ab\u00a0On ne peut avoir un levier sur d\u2019autres pays si soi-m\u00eame, on n\u2019a pas un respect strict des droits humains.\u00a0\u00bb<div id='gallery-1' class='gallery galleryid-12621 gallery-columns-3 gallery-size-thumbnail'><figure class='gallery-item'>\n\t\t\t<div class='gallery-icon landscape'>\n\t\t\t\t<a href='https:\/\/archives.regards.fr\/wp-content\/uploads\/2020\/12\/capture_d_e_cran_2020-12-04_a_12-d2b.24.31.png'><img loading=\"lazy\" decoding=\"async\" width=\"150\" height=\"150\" src=\"https:\/\/archives.regards.fr\/wp-content\/uploads\/2020\/12\/capture_d_e_cran_2020-12-04_a_12-d2b.24.31-150x150.png\" class=\"attachment-thumbnail size-thumbnail\" alt=\"capture_d_e_cran_2020-12-04_a_12.24.31.png\" \/><\/a>\n\t\t\t<\/div><\/figure>\n\t\t<\/div>\n<\/p>\n","protected":false},"excerpt":{"rendered":"<p>Droit international, exil\u00e9s, proposition de loi pour une s\u00e9curit\u00e9 globale&#8230; Alors qu&#8217;Amnesty international lance sa campagne <a href=\"https:\/\/www.amnesty.fr\/10-jours-pour-signer\">\u00ab 10 jours pour signer \u00bb<\/a> pour d\u00e9fendre 11 personnes dont les droits sont bafou\u00e9s, C\u00e9cile Coudriou, pr\u00e9sidente pour la France, est l&#8217;invit\u00e9e de la Midinale.<\/p>\n","protected":false},"author":1204,"featured_media":29996,"comment_status":"open","ping_status":"open","sticky":false,"template":"","format":"standard","meta":{"_themeisle_gutenberg_block_has_review":false,"footnotes":""},"categories":[238],"tags":[293],"class_list":["post-12621","post","type-post","status-publish","format-standard","has-post-thumbnail","hentry","category-la-midinale","tag-entretien"],"_links":{"self":[{"href":"https:\/\/archives.regards.fr\/index.php?rest_route=\/wp\/v2\/posts\/12621","targetHints":{"allow":["GET"]}}],"collection":[{"href":"https:\/\/archives.regards.fr\/index.php?rest_route=\/wp\/v2\/posts"}],"about":[{"href":"https:\/\/archives.regards.fr\/index.php?rest_route=\/wp\/v2\/types\/post"}],"author":[{"embeddable":true,"href":"https:\/\/archives.regards.fr\/index.php?rest_route=\/wp\/v2\/users\/1204"}],"replies":[{"embeddable":true,"href":"https:\/\/archives.regards.fr\/index.php?rest_route=%2Fwp%2Fv2%2Fcomments&post=12621"}],"version-history":[{"count":0,"href":"https:\/\/archives.regards.fr\/index.php?rest_route=\/wp\/v2\/posts\/12621\/revisions"}],"wp:featuredmedia":[{"embeddable":true,"href":"https:\/\/archives.regards.fr\/index.php?rest_route=\/wp\/v2\/media\/29996"}],"wp:attachment":[{"href":"https:\/\/archives.regards.fr\/index.php?rest_route=%2Fwp%2Fv2%2Fmedia&parent=12621"}],"wp:term":[{"taxonomy":"category","embeddable":true,"href":"https:\/\/archives.regards.fr\/index.php?rest_route=%2Fwp%2Fv2%2Fcategories&post=12621"},{"taxonomy":"post_tag","embeddable":true,"href":"https:\/\/archives.regards.fr\/index.php?rest_route=%2Fwp%2Fv2%2Ftags&post=12621"}],"curies":[{"name":"wp","href":"https:\/\/api.w.org\/{rel}","templated":true}]}}