{"id":12617,"date":"2020-12-03T12:36:40","date_gmt":"2020-12-03T11:36:40","guid":{"rendered":"https:\/\/wp.muchomaas.com\/article-nathalie-arthaud-le-gouvernement-voit-tres-bien-qu-on-entre-dans-l-age-de-la\/"},"modified":"2023-06-24T00:07:09","modified_gmt":"2023-06-23T22:07:09","slug":"article-nathalie-arthaud-le-gouvernement-voit-tres-bien-qu-on-entre-dans-l-age-de-la","status":"publish","type":"post","link":"https:\/\/archives.regards.fr\/?p=12617","title":{"rendered":"Nathalie Arthaud : \u00ab Le gouvernement voit tr\u00e8s bien qu\u2019on entre dans l\u2019\u00e2ge de la col\u00e8re \u00bb"},"content":{"rendered":"<p class=\"post_excerpt\">Petit tour d\u2019actualit\u00e9 politique et sociale avec Nathalie Arthaud, enseignante et porte-parole de Lutte ouvri\u00e8re. Elle est l\u2019invit\u00e9e de #LaMidinale.<\/p>\n<h2>UNE MIDINALE \u00c0 VOIR&#8230;<\/h2>\n<p><iframe loading=\"lazy\" width=\"490\" height=\"276\" src=\"https:\/\/www.youtube.com\/embed\/ja-PyRfRdLw\" frameborder=\"0\" allow=\"accelerometer; autoplay; clipboard-write; encrypted-media; gyroscope; picture-in-picture\" allowfullscreen><\/iframe><\/p>\n<p>&nbsp;<\/p>\n<p><h2>ET \u00c0 LIRE&#8230;<\/h2>\n<p><em>\u00a0<strong>Sur la mort de Val\u00e9ry Giscard d\u2019Estaing<\/em>\u00a0<\/strong><br \/>\n\u00ab\u00a0Il \u00e9tait un digne repr\u00e9sentant de la bourgeoisie.\u00a0\u00bb<br \/>\n\u00ab\u00a0Pour moi, Giscard, c\u2019est la fran\u00e7afrique, Bokassa et les histoires de diamants.\u00a0\u00bb<br \/>\n\u00ab\u00a0Pendant cette p\u00e9riode, y a eu tout un mouvement fantastique de lib\u00e9ration des femmes qui a permis \u00e0 Simone Veil d\u2019aller jusqu\u2019au bout et d\u2019imposer cette loi [sur l\u2019IVG] dans ce Parlement d\u2019hommes, souvent misogyne.\u00a0\u00bb<br \/>\n\u00ab\u00a0Le parall\u00e8le avec Macron ne m\u2019int\u00e9resse pas trop. Ils sont tous candidats \u00e0 la gestion des affaires de la bourgeoisie en s\u2019inscrivant dans une soci\u00e9t\u00e9 capitaliste (\u2026). Et ils sont tous profond\u00e9ment anti-ouvrier.\u00a0\u00bb<\/p>\n<p><em>\u00a0<strong>Sur l\u2019\u00e9lection pr\u00e9sidentielle<\/em>\u00a0<\/strong><br \/>\n\u00ab\u00a0Ce qui nous pr\u00e9occupe, c\u2019est d\u2019abord la crise que l\u2019on traverse. J\u2019ai le sentiment de vivre une acc\u00e9l\u00e9ration de l\u2019histoire.\u00a0\u00bb<br \/>\n\u00ab\u00a0Il y a une catastrophe qui s\u2019abat sur des millions de femmes et d\u2019hommes.\u00a0\u00bb<br \/>\n\u00ab\u00a0Il faut s\u2019attendre \u00e0 une explosion sociale.\u00a0\u00bb<br \/>\n\u00ab\u00a0Nous nous battons sur tous les terrains possibles pour renverser la soci\u00e9t\u00e9 capitaliste.\u00a0\u00bb<br \/>\n\u00ab\u00a0\u00c0 Lutte ouvri\u00e8re, nous nous pr\u00e9parons \u00e0 porter la voix communiste r\u00e9volutionnaire lors de la prochaine pr\u00e9sidentielle. On aura un candidat.\u00a0\u00bb<br \/>\n\u00ab\u00a0On se pr\u00e9pare pour porter les int\u00e9r\u00eats politiques des travailleurs et des exploit\u00e9s.\u00a0\u00bb<br \/>\n\u00ab\u00a0Notre probl\u00e8me n\u2019est pas d\u2019\u00eatre une alternative \u00e0 Macron ou \u00e0 Le Pen. Notre probl\u00e8me, c\u2019est la domination de la bourgeoisie dans notre\u00a0 pays.\u00a0\u00bb<br \/>\n\u00ab\u00a0Le pouvoir n\u2019est pas \u00e0 l\u2019Elys\u00e9e. Il est dans le dictat du grand capital qui s\u2019abat dans la soci\u00e9t\u00e9.\u00a0\u00bb<\/p>\n<p><em>\u00a0<strong>Sur la crise sanitaire, \u00e9conomique et sociale<\/em>\u00a0<\/strong><br \/>\n\u00ab\u00a0Il y a une avalanche de licenciements et des millions de femmes et d\u2019hommes qui se retrouvent sans rien pour vivre.\u00a0\u00bb<br \/>\n\u00ab\u00a0Les grands groupes ne veulent qu\u2019augmenter leur rentabilit\u00e9.\u00a0\u00bb<br \/>\n\u00ab\u00a0Les col\u00e8res vont s\u2019exprimer.\u00a0\u00bb<br \/>\n\u00ab\u00a0Ce qui pr\u00e9occupe le monde politicien ou les m\u00e9dias, \u00e7a n\u2019est pas la classe ouvri\u00e8re, ni ses int\u00e9r\u00eats ou ses besoins.\u00a0\u00bb\u00a0<br \/>\n\u00ab\u00a0Ce qui me frappe, c\u2019est qu\u2019on n\u2019a pas parl\u00e9 de ce qui se passe dans les usines et les entreprises.\u00a0On a un tas de mesures contraignantes qui s\u2019impose \u00e0 tout le monde et en m\u00eame temps ces contraintes s\u2019arr\u00eatent \u00e0 la porte des entreprises et des usines &#8211; comme si le virus ne pouvait pas se transmettre au travail. \u00bb<br \/>\n\u00ab\u00a0Il y a des nids de Covid dans les usines. L\u2019ARS des Haut-de-France avait class\u00e9 Toyota comme cluster Covid et personne n\u2019en a parl\u00e9.\u00a0\u00bb<br \/>\n\u00ab\u00a0Depuis le premier confinement, la vie des travailleurs et des ouvriers ne vaut rien.\u00a0\u00bb<br \/>\n\u00ab\u00a0On impose 8m2 aux commerces mais il n\u2019y a aucun probl\u00e8me pour les ouvriers qui travaillent \u00e0 touche-touche dans les usines.\u00a0\u00bb<\/p>\n<p><em>\u00a0<strong>Sur le vaccin anti-Covid<\/em>\u00a0<\/strong><br \/>\n\u00ab\u00a0C\u2019est le reflet de notre soci\u00e9t\u00e9 et de notre \u00e9conomie : d\u00e8s qu\u2019il y a de l\u2019argent \u00e0 faire, on voit les chacals qui se jettent.\u00a0\u00bb<br \/>\n\u00ab\u00a0Ces vaccins devraient \u00eatre des biens communs, des biens publics et il ne devrait pas y avoir de profit.\u00a0\u00bb<br \/>\n\u00ab\u00a0Je ne crois pas une seconde \u00e0 la transparence qu\u2019ils promettent [\u00e0 propos des march\u00e9s europ\u00e9ens avec les laboratoires].\u00a0\u00bb\u00a0<br \/>\n\u00ab\u00a0Si les scientifiques et les m\u00e9decins le recommandent, et non pas le gouvernement, oui j\u2019irai me faire vacciner.\u00a0\u00bb<br \/>\n\u00ab\u00a0Les vaccins sont une grande conqu\u00eate de l\u2019humanit\u00e9.\u00a0\u00bb<\/p>\n<p><em>\u00a0<strong>Sur les lois s\u00e9curit\u00e9 globale et s\u00e9paratismes<\/em>\u00a0<\/strong><br \/>\n\u00ab\u00a0Je suis inqui\u00e8te pour nos libert\u00e9s et pour la stigmatisation d\u2019une partie de la population.\u00a0\u00bb<br \/>\n\u00ab\u00a0Le gouvernement s\u2019appr\u00eate \u00e0 museler les contestations, les oppositions et il se saisit de tout pour durcir sa politique.\u00a0\u00bb<br \/>\n\u00ab\u00a0La lutte contre le Covid a \u00e9t\u00e9 utilis\u00e9e pour interdire des manifestations et des rassemblements.\u00a0\u00bb<br \/>\n\u00ab\u00a0Le gouvernement voit tr\u00e8s bien qu\u2019on entre dans l\u2019\u00e2ge de la col\u00e8re.\u00a0\u00bb<\/p>\n<p><em>\u00a0<strong>Sur l\u2019islamophobie<\/em>\u00a0<\/strong><br \/>\n\u00ab\u00a0C\u2019est le fruit de calculs politiques : depuis pas mal de temps, il y a un renforcement des pr\u00e9jug\u00e9s et du ressentiment.\u00a0\u00bb<br \/>\n\u00ab\u00a0Avec la crise, il y a un repli sur soi et une concurrence entre les travailleurs instaur\u00e9e et exacerb\u00e9e par le grand patronat qui provoquent des r\u00e9flexes de rejet de l\u2019autre.\u00a0\u00bb<br \/>\n\u00ab\u00a0C\u2019est Marine Le Pen qui en encaisse les dividendes politiques.\u00a0\u00bb<br \/>\n\u00ab\u00a0Depuis des dizaines d\u2019ann\u00e9es, le pouvoir court apr\u00e8s les Le Pen.\u00a0\u00bb<br \/>\n\u00ab\u00a0Emmanuel Macron tenait \u00e0 sa loi sur les s\u00e9paratismes bien avant l\u2019assassinat horrible et qui nous a boulevers\u00e9s de Samuel Paty.\u00a0\u00bb<br \/>\n\u00ab\u00a0Emmanuel Macron est dans une d\u00e9magogie contre les musulmans et contre les immigr\u00e9s.\u00a0\u00bb<br \/>\n\u00ab\u00a0Ce qui me pr\u00e9occupe, c\u2019est que ces id\u00e9es portent y compris dans le monde du travail alors m\u00eame que, pour se d\u00e9fendre, le monde ouvrier a besoin d\u2019\u00eatre conscient qu\u2019il a des int\u00e9r\u00eats et un combat communs pour des emplois corrects, pour un salaire et pour nos droits vitaux.\u00a0\u00bb<\/p>\n<p><em>\u00a0<strong>Sur la proposition de Fran\u00e7ois Ruffin de remettre des fronti\u00e8res pour les personnes<\/em>\u00a0<\/strong><br \/>\n\u00ab\u00a0Cela m\u2019a beaucoup choqu\u00e9e : je ne suis absolument pas d\u2019accord. Etre internationaliste, c\u2019est d\u2019abord \u00eatre solidaire des travailleurs du monde entier et leur reconnaitre, quand ils ne peuvent pas vivre, quand ils ne peuvent pas gagner leur pain l\u00e0 o\u00f9 ils sont n\u00e9s, le droit de circuler, de passer les fronti\u00e8res pour trouver un endroit o\u00f9 ils pourraient faire vivre leur famille.\u00a0\u00bb<br \/>\n\u00ab\u00a0La libert\u00e9 de circuler, pour les pauvres, elle est indispensable.\u00a0\u00bb<br \/>\n\u00ab\u00a0Pour les plus riches, ceux qui ont un portefeuille bien garni, il n\u2019y a pas de souci : les fronti\u00e8res sont toujours ouvertes.\u00a0\u00bb<br \/>\n\u00ab\u00a0Pour les plus pauvres, les fronti\u00e8res, \u00e7a les enferme dans leur prison de pauvret\u00e9 o\u00f9 ils sont bombard\u00e9s parce qu\u2019il y a des guerres et des conflits, parce qu\u2019ils sont dans une prison de dictature.\u00a0\u00bb<br \/>\n\u00ab\u00a0Pour les exploit\u00e9s, je pense que c\u2019est un droit \u00e9l\u00e9mentaire de pouvoir se d\u00e9placer pour pouvoir gagner sa vie. Sur ce point, je ne serai jamais d\u2019accord avec Fran\u00e7ois Ruffin.\u00a0\u00bb<div id='gallery-1' class='gallery galleryid-12617 gallery-columns-3 gallery-size-thumbnail'><figure class='gallery-item'>\n\t\t\t<div class='gallery-icon landscape'>\n\t\t\t\t<a href='https:\/\/archives.regards.fr\/wp-content\/uploads\/2020\/12\/capture_d_e_cran_2020-12-03_a_12-970.24.15.png'><img loading=\"lazy\" decoding=\"async\" width=\"150\" height=\"150\" src=\"https:\/\/archives.regards.fr\/wp-content\/uploads\/2020\/12\/capture_d_e_cran_2020-12-03_a_12-970.24.15-150x150.png\" class=\"attachment-thumbnail size-thumbnail\" alt=\"capture_d_e_cran_2020-12-03_a_12.24.15.png\" \/><\/a>\n\t\t\t<\/div><\/figure>\n\t\t<\/div>\n<\/p>\n","protected":false},"excerpt":{"rendered":"<p>Petit tour d\u2019actualit\u00e9 politique et sociale avec Nathalie Arthaud, enseignante et porte-parole de Lutte ouvri\u00e8re. Elle est l\u2019invit\u00e9e de #LaMidinale.<\/p>\n","protected":false},"author":1204,"featured_media":29990,"comment_status":"open","ping_status":"open","sticky":false,"template":"","format":"standard","meta":{"_themeisle_gutenberg_block_has_review":false,"footnotes":""},"categories":[238],"tags":[293],"class_list":["post-12617","post","type-post","status-publish","format-standard","has-post-thumbnail","hentry","category-la-midinale","tag-entretien"],"_links":{"self":[{"href":"https:\/\/archives.regards.fr\/index.php?rest_route=\/wp\/v2\/posts\/12617","targetHints":{"allow":["GET"]}}],"collection":[{"href":"https:\/\/archives.regards.fr\/index.php?rest_route=\/wp\/v2\/posts"}],"about":[{"href":"https:\/\/archives.regards.fr\/index.php?rest_route=\/wp\/v2\/types\/post"}],"author":[{"embeddable":true,"href":"https:\/\/archives.regards.fr\/index.php?rest_route=\/wp\/v2\/users\/1204"}],"replies":[{"embeddable":true,"href":"https:\/\/archives.regards.fr\/index.php?rest_route=%2Fwp%2Fv2%2Fcomments&post=12617"}],"version-history":[{"count":0,"href":"https:\/\/archives.regards.fr\/index.php?rest_route=\/wp\/v2\/posts\/12617\/revisions"}],"wp:featuredmedia":[{"embeddable":true,"href":"https:\/\/archives.regards.fr\/index.php?rest_route=\/wp\/v2\/media\/29990"}],"wp:attachment":[{"href":"https:\/\/archives.regards.fr\/index.php?rest_route=%2Fwp%2Fv2%2Fmedia&parent=12617"}],"wp:term":[{"taxonomy":"category","embeddable":true,"href":"https:\/\/archives.regards.fr\/index.php?rest_route=%2Fwp%2Fv2%2Fcategories&post=12617"},{"taxonomy":"post_tag","embeddable":true,"href":"https:\/\/archives.regards.fr\/index.php?rest_route=%2Fwp%2Fv2%2Ftags&post=12617"}],"curies":[{"name":"wp","href":"https:\/\/api.w.org\/{rel}","templated":true}]}}