{"id":12615,"date":"2020-12-02T19:09:22","date_gmt":"2020-12-02T18:09:22","guid":{"rendered":"https:\/\/wp.muchomaas.com\/article-clementine-autain-l-ile-de-france-doit-assurer-un-bouclier-social-face-au\/"},"modified":"2023-06-24T00:07:03","modified_gmt":"2023-06-23T22:07:03","slug":"article-clementine-autain-l-ile-de-france-doit-assurer-un-bouclier-social-face-au","status":"publish","type":"post","link":"https:\/\/archives.regards.fr\/?p=12615","title":{"rendered":"Cl\u00e9mentine Autain : \u00ab L&#8217;\u00cele-de-France doit assurer un bouclier social face au carnage \u00e9conomique qui s&#8217;annonce \u00bb"},"content":{"rendered":"<p class=\"post_excerpt\">Quelle vision pour l&#8217;\u00cele-de-France ? La d\u00e9put\u00e9e LFI Cl\u00e9mentine Autain vient d&#8217;y \u00eatre choisie comme cheffe de file pour les prochaines \u00e9lections r\u00e9gionales. Elle est l&#8217;invit\u00e9e de #LaMidinale.<\/p>\n<h2>UNE MIDINALE \u00c0 VOIR&#8230;<\/h2>\n<p><iframe loading=\"lazy\" width=\"490\" height=\"276\" src=\"https:\/\/www.youtube.com\/embed\/uJLpHjcZLOc\" frameborder=\"0\" allow=\"accelerometer; autoplay; clipboard-write; encrypted-media; gyroscope; picture-in-picture\" allowfullscreen><\/iframe><\/p>\n<p>&nbsp;<\/p>\n<p><h2>ET \u00c0 LIRE&#8230;<\/h2>\n<p><em>\u00a0<strong>Sur la proposition de service citoyen obligatoire de Jean-Luc M\u00e9lenchon et la proposition de fermeture des fronti\u00e8res aux personnes de Fran\u00e7ois Ruffin<\/em>\u00a0<\/strong><br \/>\n\u00ab\u00a0Au coeur de nos batailles du moment, il y a tout l\u2019enjeu de la loi pour une s\u00e9curit\u00e9 globale, neuvi\u00e8me loi liberticide depuis le d\u00e9but du mandat.\u00a0\u00bb<br \/>\n\u00ab\u00a0Nous sommes tr\u00e8s engag\u00e9s pour avoir des propositions concr\u00e8tes qui nous permettent d\u2019envisager la suite de fa\u00e7on plus sereine et organis\u00e9e.\u00a0\u00bb<br \/>\n\u00ab\u00a0J\u2019ai vu passer sur les r\u00e9seaux sociaux l\u2019id\u00e9e selon laquelle Jean-Luc M\u00e9lenchon proposerait le retour du service militaire. En r\u00e9alit\u00e9, cela correspond \u00e0 une proposition de service citoyen qui est tr\u00e8s demand\u00e9 par le monde associatif qui travaille avec la jeunesse : il permettrait, pendant neuf mois, aux moins de 25 ans, de s\u2019engager dans une activit\u00e9 d\u2019utilit\u00e9 publique, r\u00e9mun\u00e9r\u00e9e au SMIC. Cela fait partie d\u2019une R\u00e9publique digne de ce nom : une jeunesse qui, \u00e0 un moment donn\u00e9, donne de son temps pour des activit\u00e9s que l\u2019on jugerait utile.\u00a0\u00bb<br \/>\n\u00ab\u00a0[Refermer les fronti\u00e8res aux personnes], ce n\u2019est pas la logique qui est la mienne.\u00a0\u00bb<br \/>\n\u00ab\u00a0Aujourd\u2019hui, on a des capitaux qui circulent et une fermeture toujours plus grande pour les personnes : je pense qu\u2019il faut avancer vers l\u2019inverse.\u00a0\u00bb<br \/>\n\u00ab\u00a0Il faut davantage accueillir que ce que l\u2019on fait aujourd\u2019hui et cela commence par donner des droits \u00e0 celles et ceux qui travaillent sur notre territoire.\u00a0\u00bb<br \/>\n\u00ab\u00a0On ne peut pas abolir les fronti\u00e8res ici, maintenant et tout de suite mais dans l\u2019horizon qui est le mien est un horizon de circulation des personnes.\u00a0\u00bb<br \/>\n\u00ab\u00a0Fran\u00e7ois Ruffin a fait un post sur Facebook pour donner des pr\u00e9cisions int\u00e9ressantes sur ce qu\u2019il a dit sur France inter ce matin : quand on pense circulation, on pense toujours circulation des pauvres. Quand on ferme les fronti\u00e8res, ce n\u2019est jamais pour les \u00e9lites de la globalisation qui peuvent toujours circuler\u2026\u00a0\u00bb<br \/>\n\u00ab\u00a0Il y a toujours eu des d\u00e9bats, au sein des gauches, sur les enjeux de fronti\u00e8res et de fa\u00e7on, ou non, de faire vivre du protectionnisme. C\u2019est un d\u00e9bat qui nous traverse &#8211; et heureusement qu\u2019il y en a parfois encore \u00e0 gauche.\u00a0\u00bb<\/p>\n<p><em>\u00a0<strong>Sur sa candidature \u00e0 l\u2019\u00e9lection r\u00e9gionale en Ile-de-France<\/em>\u00a0<\/strong><br \/>\n\u00ab\u00a0Il faut inscrire cette \u00e9lection qui, je l\u2019esp\u00e8re, aura lieu en juin, dans le contexte de crise sanitaire, \u00e9conomique et sociale.\u00a0\u00bb<br \/>\n\u00ab\u00a0Il faut que la r\u00e9gion Ile-de-France puisse faire un bouclier social dans la crise.\u00a0\u00bb<br \/>\n\u00ab\u00a0Il faut, dans cette r\u00e9gion, y partager les richesses et soutenir celles et ceux qui vont \u00eatre les premi\u00e8res victimes de l\u2019immense r\u00e9cession \u00e9conomique.\u00a0\u00bb<br \/>\n\u00ab\u00a0Je veux porter une vision \u00e0 l\u2019oppos\u00e9 de celle de Val\u00e9rie P\u00e9cresse.\u00a0\u00bb<br \/>\n\u00ab\u00a0Val\u00e9rie P\u00e9cresse inscrit la r\u00e9gion dans une course entre m\u00e9galopoles internationales, avec l\u2019obsession de la comp\u00e9titivit\u00e9, de la concurrence et de la s\u00e9lection.\u00a0\u00bb<br \/>\n\u00ab\u00a0Quand Val\u00e9rie P\u00e9cresse est arriv\u00e9e au pouvoir, elle a mis \u00e0 la poubelle le SDRIF, le sch\u00e9ma directeur de la r\u00e9gion Ile-de-France, un document un peu administratif mais tr\u00e8s politique car il permet de se projeter et envisageait un r\u00e9\u00e9quilibrage entre l\u2019est et l\u2019ouest.\u00a0Seulement, ce n\u2019est pas le probl\u00e8me de Val\u00e9rie P\u00e9cresse.\u00a0\u00bb<br \/>\n\u00ab\u00a0Je veux \u00eatre la candidate d\u2019une \u00e9galit\u00e9 sociale et territoriale, en r\u00e9\u00e9quilibrant entre Paris et la banlieue, notamment la moyenne et la grande couronne, et entre l\u2019est et l\u2019ouest.\u00a0\u00bb<br \/>\n\u00ab\u00a0Aujourd\u2019hui, on a des cit\u00e9s-dortoirs d\u2019un c\u00f4t\u00e9 de l\u2019Ile-de-France et la D\u00e9fense de l\u2019autre : ce n\u2019est pas acceptable.\u00a0\u00bb<br \/>\n\u00ab\u00a0Quand on regarde les pr\u00e9rogatives de la r\u00e9gion, \u00e7a nous parle de logements, de transports, d\u2019investissements publics dans des \u00e9quipements ou d\u2019interactions avec le monde \u00e9conomique : il y a beaucoup de pouvoirs dans cette r\u00e9gion pour agir.\u00a0\u00bb<br \/>\n\u00ab\u00a0Il faut faire une r\u00e9gion Ile-de-France dans laquelle il n\u2019y a pas de plus en plus de monde qui a envie de partir ailleurs parce que la vie est trop stressante ou qu\u2019on n\u2019y respire plus.\u00a0\u00bb<\/p>\n<p><em>\u00a0<strong>Sur le logement<\/em>\u00a0<\/strong><br \/>\n\u00ab\u00a0Val\u00e9rie P\u00e9cresse est une ennemie du logement social. Elle pense que ce qui est formidable, c\u2019est l\u2019acc\u00e8s \u00e0 la propri\u00e9t\u00e9 individuelle parce qu\u2019elle assimile le logement social \u00e0 la pauvret\u00e9 et au service public quand elle est du c\u00f4t\u00e9 du priv\u00e9.\u00a0\u00bb<br \/>\n\u00ab\u00a0Je veux \u00eatre la candidate qui r\u00e9habilite le logement social et qui m\u00e8ne des rapports de forces avec les maires qui ne veulent pas en construire ou refusent les quotas pr\u00e9vus dans la loi.\u00a0\u00bb<br \/>\n\u00ab\u00a0Je pense qu\u2019il faut globalement plus de logements sociaux.\u00a0\u00bb<br \/>\n\u00ab\u00a0Je ne suis pas d\u2019accord avec l\u2019id\u00e9e selon laquelle les communes qui auraient d\u00e9j\u00e0 atteint des quotas tr\u00e8s importants devraient s\u2019arr\u00eater de faire du logement social.\u00a0\u00bb<br \/>\n\u00ab\u00a0Le r\u00e9\u00e9quilibrage doit d\u2019abord se faire dans ce qui fait une vie quotidienne chouette. Sur un p\u00e9rim\u00e8tre qui soit \u00e0 taille humaine, c\u2019est-\u00e0-dire sans que l\u2019on soit oblig\u00e9 de prendre sa voiture des heures ou de prendre des transports en commun dans tous les sens, il faut que l\u2019on ait acc\u00e8s \u00e0 l\u2019essentiel : acc\u00e8s \u00e0 un logement, \u00e0 un emploi, \u00e0 la culture, aux loisirs, aux sports, aux commerces de proximit\u00e9 et \u00e0 la sant\u00e9.\u00a0\u00bb<br \/>\n\u00ab\u00a0Il faut qu\u2019il y ait un plaisir du droit \u00e0 la ville aux quatre coins de l\u2019Ile-de-France.\u00a0\u00bb<br \/>\n\u00ab\u00a0Aujourd\u2019hui, il y a une fronti\u00e8re tr\u00e8s \u00e9tanche qui est celle du p\u00e9riph\u00e9rique : les Parisiens ont du mal \u00e0 la franchir pour aller en banlieue et ne voient pas ce qu\u2019ils auraient \u00e0 y faire et, dans l\u2019autre sens, quand on est en banlieue, c\u2019est aussi tr\u00e8s compliqu\u00e9 d\u2019aller dans Paris parce que Paris s\u2019est bunk\u00e9ris\u00e9.\u00a0Il faut que le p\u00e9riph\u00e9rique soit un trait d\u2019union et non pas quelque chose qui clive.\u00a0\u00bb<\/p>\n<p><em>\u00a0<strong>Sur les raisons du vote \u00e0 droite en Ile-de-France<\/em>\u00a0<\/strong><br \/>\n\u00ab\u00a0Une partie de l\u2019\u00e9lectorat de Val\u00e9rie P\u00e9cresse est tr\u00e8s inclus : des cadres sup\u00e9rieurs qui vont voter. Elle a donc une assise de d\u00e9part aupr\u00e8s d\u2019\u00e9lecteurs qui vont voter, en \u00e9tant tr\u00e8s conscients de la guerre des classes qu\u2019ils sont en train de mener.\u00a0\u00bb<br \/>\n\u00ab\u00a0La difficult\u00e9 pour nous, c\u2019est que l\u2019\u00e9lection r\u00e9gionale concentre beaucoup d\u2019abstention.\u00a0\u00bb<br \/>\n\u00ab\u00a0La droite s\u00e9curitaire, \u00e9trang\u00e8re aux enjeux \u00e9colo, tr\u00e8s lib\u00e9rale sur le plan \u00e9conomique arrive \u00e0 capter un \u00e9lectorat populaire &#8211; un peu comme l\u2019extr\u00eame droite qui a malheureusement une avance sur nous dans l\u2019\u00e9lectorat populaire.\u00a0\u00bb<br \/>\n\u00ab\u00a0Sur le long cours, c\u2019est l\u2019effondrement du bloc et du vote communiste qui fait que la banlieue rouge d\u2019hier n\u2019est plus celle d\u2019aujourd\u2019hui. La droite a su en capitaliser sur cet effondrement. Il faut y ajouter le bilan du mandat Hollande : je l\u2019ai vu dans ma circonscription, beaucoup de gens me disaient qu\u2019ils ne comprenaient plus rien dans la mesure o\u00f9 la politique \u00e9tait men\u00e9e contre les milieux populaires.\u00a0\u00bb<br \/>\n\u00ab\u00a0Jean-Luc M\u00e9lenchon a r\u00e9ussi \u00e0 faire 20% \u00e0 l\u2019\u00e9lection pr\u00e9sidentielle et l\u2019enjeu est maintenant de reconstituer \u00e0 l\u2019\u00e9chelle territoriale le maillage qui nous permette de gagner \u00e0 des \u00e9lections locales.\u00a0\u00bb<br \/>\n\u00ab\u00a0Il faut aussi bien s\u00fbr mener la bataille id\u00e9ologique : il n\u2019a \u00e9chapp\u00e9 \u00e0 personne qu\u2019en ce moment, c\u2019est le concours L\u00e9pine des id\u00e9es d\u2019extr\u00eame droite, ce qui tire le tapis rouge \u00e0 Marine Le Pen et qui fait pencher toute une partie de l\u2019\u00e9chiquier politique \u00e0 droite.\u00a0\u00bb<br \/>\n\u00ab\u00a0Val\u00e9rie P\u00e9cresse a d\u2019ores et d\u00e9j\u00e0 annonc\u00e9 qu\u2019elle voulait faire campagne contre les islamogauchistes, ce qui est une fa\u00e7on de cibler bien des familles \u00e0 gauche avec un mot vide et creux pour \u00e9viter le d\u00e9bat de fond.\u00a0\u00bb<br \/>\n\u00ab\u00a0Val\u00e9rie P\u00e9cresse et la droite arrivent \u00e0 capter une esp\u00e8ce de besoin d\u2019ordre dans un monde qui fait peur.\u00a0\u00bb<br \/>\n\u00ab\u00a0Il s\u2019agit de se raccrocher, pour un monde populaire tr\u00e8s d\u00e9stabilis\u00e9 et pr\u00e9caris\u00e9 par la situation actuelle, \u00e0 quelque chose : avec la droite, ce sera au m\u00e9rite donc si je travaille bien, je vais pouvoir m\u2019en sortir et, au fond, je pourrais me prot\u00e9ger.\u00a0\u00bb<br \/>\n\u00ab\u00a0Moi, je n\u2019utiliserais pas le terme d\u2019ordre. Je veux mettre de la justice, de l\u2019\u00e9galit\u00e9 et de la libert\u00e9.\u00a0\u00bb<br \/>\n\u00ab\u00a0Il faut que l\u2019on se batte pour que les gens comprennent qu\u2019il y a d\u2019autres fa\u00e7ons d\u2019\u00eatre prot\u00e9g\u00e9 que par la surveillance g\u00e9n\u00e9ralis\u00e9e &#8211; au contraire, cela lamine nos libert\u00e9s.\u00a0\u00bb<br \/>\n\u00ab\u00a0Il faut que l\u2019on montre que l\u2019on peut \u00eatre cr\u00e9dible dans l\u2019am\u00e9lioration des vies populaires.\u00a0\u00bb<br \/>\n\u00ab\u00a0Certes, un doute s\u2019est install\u00e9 quant \u00e0 notre capacit\u00e9 mais j\u2019ai aussi l\u2019impression que la situation est en train de basculer positivement pour nous.\u00a0\u00bb<br \/>\n\u00ab\u00a0Je veux croire que l\u2019on est dans un monde dans lequel notre discours de gauche, comme l\u2019a montr\u00e9 la manifestation incroyable de samedi dernier contre la loi pour une s\u00e9curit\u00e9 globale, peut porter et qu\u2019il y a des gens du c\u00f4t\u00e9 de l\u2019entraide, de la solidarit\u00e9, du partage et des libert\u00e9s.\u00a0\u00bb<\/p>\n<p><em>\u00a0<strong>Sur les \u00e9ventuelles alliances de La France insoumise<\/em>\u00a0<\/strong><br \/>\n\u00ab\u00a0Tous les partis ont leur chef ou cheffe de file, ce qui ne veut pas dire qu\u2019\u00e0 la fin, leur chef ou cheffe de file est la t\u00eate de la liste !\u00a0\u00bb<br \/>\n\u00ab\u00a0Il y a des discussions entre La France insoumise et le Parti communiste fran\u00e7ais, pour la r\u00e9gion Ile-de-France mais pas seulement &#8211; aussi \u00e0 l\u2019\u00e9chelle nationale.\u00a0\u00bb<br \/>\n\u00ab\u00a0On a essay\u00e9 d\u2019avoir des discussions avec d\u2019autres partis politiques de gauche mais ce n\u2019est pas toujours facile parce qu\u2019EELV a fait le choix de faire cavalier seul dans chacune des r\u00e9gions et que le Parti socialiste, ce n\u2019est pas une surprise, consid\u00e8re la gauche dans un certain p\u00e9rim\u00e8tre, c\u2019est-\u00e0-dire sans La France insoumise, \u00e0 part pour lui jeter la vindicte de la pens\u00e9e dominante comme on l\u2019a vu avec Anne Hidalgo qui a consid\u00e9r\u00e9 que nous (aussi bien EELV que LFI) des \u201cambiguit\u00e9s sur la R\u00e9publique\u201d.\u00a0\u00bb<br \/>\n\u00ab\u00a0[Anne Hidalgo et le Parti socialiste] ont enfourch\u00e9 le discours de l\u2019extr\u00eame droite contre nous pour d\u00e9cr\u00e9dibiliser sans argumenter.\u00a0\u00bb<br \/>\n\u00ab\u00a0Nous avons beaucoup de proximit\u00e9 avec les communistes : nous \u00e9tions ensemble d\u00e9j\u00e0 \u00e0 la pr\u00e9c\u00e9dente campagne r\u00e9gionale. On a donc un capital de travail en commun.\u00a0Et beaucoup de luttes en commun aussi : contre le Triangle de Gonesse, contre le terminal 4, contre le centre commercial Gare du Nord, pour le RER B avec Fabien Gay, Didier Millot\u2026\u00a0\u00bb<br \/>\n\u00ab\u00a0Avec les communistes, il va y avoir une discussion sur les bases pour un accord mais il y a surtout une possibilit\u00e9 d\u2019inventer ensemble.\u00a0\u00bb<br \/>\n\u00ab\u00a0L\u2019union ne se fait pas toujours au premier tour.\u00a0\u00bb<br \/>\n\u00ab L\u2019union de toutes les forces \u00e0 tout instant n\u2019est pas toujours la martingale pour gagner.\u00a0\u00bb<br \/>\n\u00ab\u00a0Si les communistes n\u2019ont pas encore pris leur d\u00e9cision, c\u2019est qu\u2019ils militent pour un rassemblement large, ce qu\u2019on peut parfaitement entendre et comprendre. Ils prendront leur d\u00e9cision en janvier et je veux redire mon respect quant \u00e0 cette d\u00e9cision qui leur appartient : je leur tends la main mais je ne veux pas la leur forcer.\u00a0\u00bb<br \/>\n\u00ab\u00a0Il ne faut pas oublier qu\u2019il y a un second tour et que l\u2019adversaire politique num\u00e9ro 1, c\u2019est Val\u00e9rie P\u00e9cresse et la mont\u00e9e de l\u2019extr\u00eame droite.\u00a0Il ne faut pas perdre comme objectif de mettre fin \u00e0 cette fa\u00e7on de diriger l\u2019Ile-de-France qui est tr\u00e8s lib\u00e9rale sur le plan \u00e9conomique, s\u00e9curitaire et \u00e9trang\u00e8re \u00e0 la question \u00e9colo.\u00a0\u00bb<br \/>\n\u00ab\u00a0Ce n\u2019est pas moi qui vais jouer au jeu des 7 diff\u00e9rences avec Julien Bayou et Audrey Pulvar.\u00a0\u00bb<div id='gallery-1' class='gallery galleryid-12615 gallery-columns-3 gallery-size-thumbnail'><figure class='gallery-item'>\n\t\t\t<div class='gallery-icon landscape'>\n\t\t\t\t<a href='https:\/\/archives.regards.fr\/wp-content\/uploads\/2020\/12\/capture_d_e_cran_2020-12-02_a_19-f46.01.39.png'><img loading=\"lazy\" decoding=\"async\" width=\"150\" height=\"150\" src=\"https:\/\/archives.regards.fr\/wp-content\/uploads\/2020\/12\/capture_d_e_cran_2020-12-02_a_19-f46.01.39-150x150.png\" class=\"attachment-thumbnail size-thumbnail\" alt=\"capture_d_e_cran_2020-12-02_a_19.01.39.png\" \/><\/a>\n\t\t\t<\/div><\/figure>\n\t\t<\/div>\n<\/p>\n","protected":false},"excerpt":{"rendered":"<p>Quelle vision pour l&#8217;\u00cele-de-France ? La d\u00e9put\u00e9e LFI Cl\u00e9mentine Autain vient d&#8217;y \u00eatre choisie comme cheffe de file pour les prochaines \u00e9lections r\u00e9gionales. Elle est l&#8217;invit\u00e9e de #LaMidinale.<\/p>\n","protected":false},"author":1204,"featured_media":29984,"comment_status":"open","ping_status":"open","sticky":false,"template":"","format":"standard","meta":{"_themeisle_gutenberg_block_has_review":false,"footnotes":""},"categories":[238],"tags":[293],"class_list":["post-12615","post","type-post","status-publish","format-standard","has-post-thumbnail","hentry","category-la-midinale","tag-entretien"],"_links":{"self":[{"href":"https:\/\/archives.regards.fr\/index.php?rest_route=\/wp\/v2\/posts\/12615","targetHints":{"allow":["GET"]}}],"collection":[{"href":"https:\/\/archives.regards.fr\/index.php?rest_route=\/wp\/v2\/posts"}],"about":[{"href":"https:\/\/archives.regards.fr\/index.php?rest_route=\/wp\/v2\/types\/post"}],"author":[{"embeddable":true,"href":"https:\/\/archives.regards.fr\/index.php?rest_route=\/wp\/v2\/users\/1204"}],"replies":[{"embeddable":true,"href":"https:\/\/archives.regards.fr\/index.php?rest_route=%2Fwp%2Fv2%2Fcomments&post=12615"}],"version-history":[{"count":0,"href":"https:\/\/archives.regards.fr\/index.php?rest_route=\/wp\/v2\/posts\/12615\/revisions"}],"wp:featuredmedia":[{"embeddable":true,"href":"https:\/\/archives.regards.fr\/index.php?rest_route=\/wp\/v2\/media\/29984"}],"wp:attachment":[{"href":"https:\/\/archives.regards.fr\/index.php?rest_route=%2Fwp%2Fv2%2Fmedia&parent=12615"}],"wp:term":[{"taxonomy":"category","embeddable":true,"href":"https:\/\/archives.regards.fr\/index.php?rest_route=%2Fwp%2Fv2%2Fcategories&post=12615"},{"taxonomy":"post_tag","embeddable":true,"href":"https:\/\/archives.regards.fr\/index.php?rest_route=%2Fwp%2Fv2%2Ftags&post=12615"}],"curies":[{"name":"wp","href":"https:\/\/api.w.org\/{rel}","templated":true}]}}